{"id":163309,"date":"2022-02-09T17:21:21","date_gmt":"2022-02-09T16:21:21","guid":{"rendered":"https:\/\/die-webzeitung.de\/ludwigsburg\/?p=163309"},"modified":"2022-02-09T17:21:21","modified_gmt":"2022-02-09T16:21:21","slug":"verkaufsoffener-sonntag-beim-pferdemarkt","status":"publish","type":"post","link":"https:\/\/die-webzeitung.de\/ludwigsburg\/2022\/02\/09\/verkaufsoffener-sonntag-beim-pferdemarkt\/","title":{"rendered":"Verkaufsoffener Sonntag beim Pferdemarkt"},"content":{"rendered":"<h5 style=\"text-align: justify;\"><strong>Ersatz f\u00fcr das abgesagte M\u00e4rzklopfen gefunden<\/strong><\/h5>\n<p style=\"text-align: justify;\">Ludwigsburg.| Der Ludwigsburger Pferdemarkt (13.-16. Mai 2022) kann zwar pandemiebedingt in diesem Jahr nicht mit dem traditionellen Umzug aufwarten, daf\u00fcr freuen sich der Ludwigsburger Innenstadtverein LUIS und der st\u00e4dtische Eigenbetrieb Tourismus &amp; Events Ludwigsburg verk\u00fcnden zu k\u00f6nnen, dass die Innenstadt im Rahmen des Pferdemarktes am Sonntag, 15. Mai, \u00f6ffnen kann. Der abgesagte verkaufsoffene Sonntag zum \u201eM\u00e4rzklopfen\u201c kann somit nachgeholt werden.<\/p>\n<p style=\"text-align: justify;\">\u201eWir sind gl\u00fccklich, dass sich unsere Innenstadt mit ihren attraktiven Angeboten den Besucherinnen und Besuchern am Pferdemarkt-Sonntag im wahrsten Sinne des Wortes \u00f6ffnen kann und wir somit in Abstimmung mit der Stadtverwaltung Ludwigsburg und der Gewerkschaft ver.di einen wunderbaren Ersatz f\u00fcr das leider abgesagte M\u00e4rzklopfen finden konnten\u201c, freut sich Citymanager Markus Fischer von LUIS \u00fcber die Kombination von Pferdemarkt und verkaufsoffenem Sonntag. Die Gesch\u00e4fte der Innenstadt \u00f6ffnen zwischen 13 Uhr und 18 Uhr.<\/p>\n<p style=\"text-align: justify;\">Mario Kreh, Gesch\u00e4ftsf\u00fchrer von Tourismus &amp; Events Ludwigsburg, sieht ideale Synergieeffekte zwischen beiden Veranstaltungen und erg\u00e4nzt: \u201eDa uns die Absage des Umzugs beim Pferdemarkt aufgrund der noch unsicheren Pandemielage \u00fcberaus schwer fiel, freuen wir uns umso mehr \u00fcber den verkaufsoffenen Sonntag als zus\u00e4tzlich belebendes Element, wobei sich hier die Besucherstr\u00f6me anders als beim Umzug verteilen und Menschenansammlungen auf engem Raum vermieden werden k\u00f6nnen.\u201c<\/p>\n<hr \/>\n<p style=\"text-align: justify;\">\n","protected":false},"excerpt":{"rendered":"<p>Ersatz f\u00fcr das abgesagte M\u00e4rzklopfen gefunden Ludwigsburg.| Der Ludwigsburger Pferdemarkt (13.-16. Mai 2022) kann zwar pandemiebedingt in diesem Jahr nicht mit dem traditionellen Umzug aufwarten, daf\u00fcr freuen sich der Ludwigsburger Innenstadtverein LUIS und der st\u00e4dtische Eigenbetrieb Tourismus &amp; Events Ludwigsburg verk\u00fcnden zu k\u00f6nnen, dass die Innenstadt im Rahmen des Pferdemarktes am Sonntag, 15. Mai, \u00f6ffnen [&hellip;]<\/p>\n","protected":false},"author":4,"featured_media":163310,"comment_status":"closed","ping_status":"open","sticky":false,"template":"","format":"standard","meta":{"inline_featured_image":false,"_exactmetrics_skip_tracking":false,"_exactmetrics_sitenote_active":false,"_exactmetrics_sitenote_note":"","_exactmetrics_sitenote_category":0,"tdm_status":"","tdm_grid_status":"","footnotes":""},"categories":[59,67],"tags":[8875,5,6,68,1391,9,4329,11846],"class_list":{"0":"post-163309","1":"post","2":"type-post","3":"status-publish","4":"format-standard","5":"has-post-thumbnail","7":"category-aktuell","8":"category-ludwigsburg-lokal","9":"tag-die-webzeitung","10":"tag-internetzeitung","11":"tag-ludwigsburg","12":"tag-online-zeitung","13":"tag-pferdemarkt","14":"tag-schaumedia","15":"tag-sonntag","16":"tag-verkaufsoffen"},"image_feature":"https:\/\/die-webzeitung.de\/ludwigsburg\/wp-content\/uploads\/sites\/5\/2022\/02\/pferdemarkt1.jpg","author_name":"Redaktion","pure_taxonomies":{"categories":[{"term_id":59,"name":"Aktuell","slug":"aktuell","term_group":0,"term_taxonomy_id":60,"taxonomy":"category","description":"","parent":0,"count":1175,"filter":"raw","image":""},{"term_id":67,"name":"Ludwigsburg","slug":"ludwigsburg-lokal","term_group":0,"term_taxonomy_id":68,"taxonomy":"category","description":"","parent":1433,"count":653,"filter":"raw","image":""}],"tags":[{"term_id":8875,"name":"Die-Webzeitung","slug":"die-webzeitung","term_group":0,"term_taxonomy_id":8876,"taxonomy":"post_tag","description":"","parent":0,"count":4257,"filter":"raw","image":""},{"term_id":5,"name":"Internetzeitung","slug":"internetzeitung","term_group":0,"term_taxonomy_id":5,"taxonomy":"post_tag","description":"","parent":0,"count":1533,"filter":"raw","image":""},{"term_id":6,"name":"Ludwigsburg","slug":"ludwigsburg","term_group":0,"term_taxonomy_id":6,"taxonomy":"post_tag","description":"","parent":0,"count":1353,"filter":"raw","image":""},{"term_id":68,"name":"Online-Zeitung","slug":"online-zeitung","term_group":0,"term_taxonomy_id":69,"taxonomy":"post_tag","description":"","parent":0,"count":4206,"filter":"raw","image":""},{"term_id":1391,"name":"Pferdemarkt","slug":"pferdemarkt","term_group":0,"term_taxonomy_id":1400,"taxonomy":"post_tag","description":"","parent":0,"count":8,"filter":"raw","image":""},{"term_id":9,"name":"SchauMedia","slug":"schaumedia","term_group":0,"term_taxonomy_id":9,"taxonomy":"post_tag","description":"","parent":0,"count":1582,"filter":"raw","image":""},{"term_id":4329,"name":"Sonntag","slug":"sonntag","term_group":0,"term_taxonomy_id":4344,"taxonomy":"post_tag","description":"","parent":0,"count":3,"filter":"raw","image":""},{"term_id":11846,"name":"verkaufsoffen","slug":"verkaufsoffen","term_group":0,"term_taxonomy_id":11847,"taxonomy":"post_tag","description":"","parent":0,"count":1,"filter":"raw","image":""}]},"_links":{"self":[{"href":"https:\/\/die-webzeitung.de\/ludwigsburg\/wp-json\/wp\/v2\/posts\/163309","targetHints":{"allow":["GET"]}}],"collection":[{"href":"https:\/\/die-webzeitung.de\/ludwigsburg\/wp-json\/wp\/v2\/posts"}],"about":[{"href":"https:\/\/die-webzeitung.de\/ludwigsburg\/wp-json\/wp\/v2\/types\/post"}],"author":[{"embeddable":true,"href":"https:\/\/die-webzeitung.de\/ludwigsburg\/wp-json\/wp\/v2\/users\/4"}],"replies":[{"embeddable":true,"href":"https:\/\/die-webzeitung.de\/ludwigsburg\/wp-json\/wp\/v2\/comments?post=163309"}],"version-history":[{"count":1,"href":"https:\/\/die-webzeitung.de\/ludwigsburg\/wp-json\/wp\/v2\/posts\/163309\/revisions"}],"predecessor-version":[{"id":163311,"href":"https:\/\/die-webzeitung.de\/ludwigsburg\/wp-json\/wp\/v2\/posts\/163309\/revisions\/163311"}],"wp:featuredmedia":[{"embeddable":true,"href":"https:\/\/die-webzeitung.de\/ludwigsburg\/wp-json\/wp\/v2\/media\/163310"}],"wp:attachment":[{"href":"https:\/\/die-webzeitung.de\/ludwigsburg\/wp-json\/wp\/v2\/media?parent=163309"}],"wp:term":[{"taxonomy":"category","embeddable":true,"href":"https:\/\/die-webzeitung.de\/ludwigsburg\/wp-json\/wp\/v2\/categories?post=163309"},{"taxonomy":"post_tag","embeddable":true,"href":"https:\/\/die-webzeitung.de\/ludwigsburg\/wp-json\/wp\/v2\/tags?post=163309"}],"curies":[{"name":"wp","href":"https:\/\/api.w.org\/{rel}","templated":true}]}}