{"id":163289,"date":"2022-02-07T15:34:07","date_gmt":"2022-02-07T14:34:07","guid":{"rendered":"https:\/\/die-webzeitung.de\/ludwigsburg\/?p=163289"},"modified":"2022-02-07T15:34:07","modified_gmt":"2022-02-07T14:34:07","slug":"ww-gruppe-ist-top-employer-2022","status":"publish","type":"post","link":"https:\/\/die-webzeitung.de\/ludwigsburg\/2022\/02\/07\/ww-gruppe-ist-top-employer-2022\/","title":{"rendered":"W&#038;W-Gruppe ist \u201eTop Employer 2022\u201c"},"content":{"rendered":"<p style=\"text-align: justify;\"><strong>Zum zweiten Mal in Folge wurde die W\u00fcstenrot &amp; W\u00fcrttembergische-Gruppe (W&amp;W) mit dem Titel \u201eTop Employer\u201c durch das Top Employers Institute, D\u00fcsseldorf, ausgezeichnet. Das unabh\u00e4ngige Institut zertifiziert j\u00e4hrlich weltweit Arbeitgeber, die ihren Mitarbeiterinnen und Mitarbeitern optimale Arbeitsbedingungen bieten. Dazu z\u00e4hlen flexibles Arbeiten, Weiterentwicklung, Work-Life-Balance und Arbeitgeberleistungen. In diesem Jahr wurden \u00fcber 1.800 Top-Arbeitgeber in 120 L\u00e4ndern und Regionen ausgezeichnet, davon 143 Unternehmen in Deutschland. <\/strong><\/p>\n<p style=\"text-align: justify;\">F\u00fcr die Auszeichnung durchlief die W&amp;W-Gruppe ein mehrstufiges Zertifizierungsprogramm, das 600 Fragen und ein Audit umfasste. Durchleuchtet wurden unter anderem die Personalgewinnung und -entwicklung, die Arbeitsbedingungen wie Arbeitszeit und flexibles Arbeiten, Nachhaltigkeit und Diversit\u00e4t sowie zus\u00e4tzliche Leistungen, etwa das Gesundheitsmanagement. Bewertet und auditiert wird von unabh\u00e4ngigen Expertinnen und Experten. Eine Zertifizierung erfolgt nur, wenn ein Unternehmen in allen Kategorien auch \u00fcber formalisierte und zukunftsorientierte Personal-Prozesse verf\u00fcgt.<\/p>\n<p style=\"text-align: justify;\">\u201eWir freuen uns sehr, dass wir auch 2022 wieder als Top Employer zertifiziert wurden\u201c, sagt Dr. Susanne Pauser, Leiterin Konzernpersonal. \u201eOptimale Arbeitsbedingungen zu schaffen ist uns wichtig, weil uns unsere Mitarbeiterinnen und Mitarbeiter wichtig sind. Sie spornen uns an, unser Bestes zu geben, um auch in Zukunft ein Top-Arbeitgeber zu sein.\u201c<\/p>\n<hr \/>\n<p style=\"text-align: justify;\">\n","protected":false},"excerpt":{"rendered":"<p>Zum zweiten Mal in Folge wurde die W\u00fcstenrot &amp; W\u00fcrttembergische-Gruppe (W&amp;W) mit dem Titel \u201eTop Employer\u201c durch das Top Employers Institute, D\u00fcsseldorf, ausgezeichnet. Das unabh\u00e4ngige Institut zertifiziert j\u00e4hrlich weltweit Arbeitgeber, die ihren Mitarbeiterinnen und Mitarbeitern optimale Arbeitsbedingungen bieten. Dazu z\u00e4hlen flexibles Arbeiten, Weiterentwicklung, Work-Life-Balance und Arbeitgeberleistungen. In diesem Jahr wurden \u00fcber 1.800 Top-Arbeitgeber in 120 [&hellip;]<\/p>\n","protected":false},"author":4,"featured_media":0,"comment_status":"closed","ping_status":"open","sticky":false,"template":"","format":"standard","meta":{"inline_featured_image":false,"_exactmetrics_skip_tracking":false,"_exactmetrics_sitenote_active":false,"_exactmetrics_sitenote_note":"","_exactmetrics_sitenote_category":0,"tdm_status":"","tdm_grid_status":"","footnotes":""},"categories":[479],"tags":[8875,5,68,1442,18,19],"class_list":{"0":"post-163289","1":"post","2":"type-post","3":"status-publish","4":"format-standard","6":"category-wirtschaft","7":"tag-die-webzeitung","8":"tag-internetzeitung","9":"tag-online-zeitung","10":"tag-ww","11":"tag-wurttembergische","12":"tag-wustenrot"},"image_feature":null,"author_name":"Redaktion","pure_taxonomies":{"categories":[{"term_id":479,"name":"Wirtschaft","slug":"wirtschaft","term_group":0,"term_taxonomy_id":1941,"taxonomy":"category","description":"","parent":0,"count":392,"filter":"raw","image":""}],"tags":[{"term_id":8875,"name":"Die-Webzeitung","slug":"die-webzeitung","term_group":0,"term_taxonomy_id":8876,"taxonomy":"post_tag","description":"","parent":0,"count":4257,"filter":"raw","image":""},{"term_id":5,"name":"Internetzeitung","slug":"internetzeitung","term_group":0,"term_taxonomy_id":5,"taxonomy":"post_tag","description":"","parent":0,"count":1533,"filter":"raw","image":""},{"term_id":68,"name":"Online-Zeitung","slug":"online-zeitung","term_group":0,"term_taxonomy_id":69,"taxonomy":"post_tag","description":"","parent":0,"count":4206,"filter":"raw","image":""},{"term_id":1442,"name":"W&amp;W","slug":"ww","term_group":0,"term_taxonomy_id":1451,"taxonomy":"post_tag","description":"","parent":0,"count":85,"filter":"raw","image":""},{"term_id":18,"name":"W\u00fcrttembergische","slug":"wurttembergische","term_group":0,"term_taxonomy_id":18,"taxonomy":"post_tag","description":"","parent":0,"count":113,"filter":"raw","image":""},{"term_id":19,"name":"W\u00fcstenrot","slug":"wustenrot","term_group":0,"term_taxonomy_id":19,"taxonomy":"post_tag","description":"","parent":0,"count":181,"filter":"raw","image":""}]},"_links":{"self":[{"href":"https:\/\/die-webzeitung.de\/ludwigsburg\/wp-json\/wp\/v2\/posts\/163289","targetHints":{"allow":["GET"]}}],"collection":[{"href":"https:\/\/die-webzeitung.de\/ludwigsburg\/wp-json\/wp\/v2\/posts"}],"about":[{"href":"https:\/\/die-webzeitung.de\/ludwigsburg\/wp-json\/wp\/v2\/types\/post"}],"author":[{"embeddable":true,"href":"https:\/\/die-webzeitung.de\/ludwigsburg\/wp-json\/wp\/v2\/users\/4"}],"replies":[{"embeddable":true,"href":"https:\/\/die-webzeitung.de\/ludwigsburg\/wp-json\/wp\/v2\/comments?post=163289"}],"version-history":[{"count":1,"href":"https:\/\/die-webzeitung.de\/ludwigsburg\/wp-json\/wp\/v2\/posts\/163289\/revisions"}],"predecessor-version":[{"id":163290,"href":"https:\/\/die-webzeitung.de\/ludwigsburg\/wp-json\/wp\/v2\/posts\/163289\/revisions\/163290"}],"wp:attachment":[{"href":"https:\/\/die-webzeitung.de\/ludwigsburg\/wp-json\/wp\/v2\/media?parent=163289"}],"wp:term":[{"taxonomy":"category","embeddable":true,"href":"https:\/\/die-webzeitung.de\/ludwigsburg\/wp-json\/wp\/v2\/categories?post=163289"},{"taxonomy":"post_tag","embeddable":true,"href":"https:\/\/die-webzeitung.de\/ludwigsburg\/wp-json\/wp\/v2\/tags?post=163289"}],"curies":[{"name":"wp","href":"https:\/\/api.w.org\/{rel}","templated":true}]}}