{"id":163219,"date":"2022-01-31T16:53:09","date_gmt":"2022-01-31T15:53:09","guid":{"rendered":"https:\/\/die-webzeitung.de\/ludwigsburg\/?p=163219"},"modified":"2022-01-31T16:53:09","modified_gmt":"2022-01-31T15:53:09","slug":"jahresueberschuss-ueber-prognosewert","status":"publish","type":"post","link":"https:\/\/die-webzeitung.de\/ludwigsburg\/2022\/01\/31\/jahresueberschuss-ueber-prognosewert\/","title":{"rendered":"Jahres\u00fcberschuss \u00fcber Prognosewert"},"content":{"rendered":"<p style=\"text-align: justify;\">Die W\u00fcstenrot &amp; W\u00fcrttembergische AG (W&amp;W) wird nach vorl\u00e4ufigen, noch nicht testierten Zahlen f\u00fcr das Gesch\u00e4ftsjahr 2021 im Konzern einen IFRS-Jahres\u00fcberschuss in einer Gr\u00f6\u00dfenordnung von 350 bis 360 Millionen Euro erzielen.<\/p>\n<p style=\"text-align: justify;\">Damit w\u00fcrde die am 23. Juni 2021 bereits auf zwischen 280 und 330 Millionen Euro erh\u00f6hte Zielspanne \u00fcbertroffen. 2020 betrug das Ergebnis 210,8 Millionen Euro. Grund f\u00fcr die erneute Anpassung ist im Wesentlichen die noch positivere Kapitalmarktentwicklung. Zudem wurde im Jahr 2021 eine sehr gute Netto-Schaden-\/Kostenquote in der Sachversicherung aufgrund einer vorsichtigen Risikoabsicherung erzielt.<\/p>\n<p style=\"text-align: justify;\">Der f\u00fcr die Dividendenaussch\u00fcttung ma\u00dfgebliche HGB-Jahres\u00fcberschuss der Obergesellschaft W&amp;W AG wird nach vorl\u00e4ufigen, untestierten Zahlen entsprechend der ebenfalls im Juni 2021 angepassten Prognose auf dem Niveau von 110\u00a0Millionen Euro liegen. 2020 wurde ein HGB-Ergebnis von 100,3 Millionen Euro erzielt.<\/p>\n<p style=\"text-align: justify;\">J\u00fcrgen A. Junker, Vorstandsvorsitzender der W&amp;W AG: \u201eDas zur\u00fcckliegende Gesch\u00e4ftsjahr war alles andere als einfach. Coronavirus-Pandemie, Unwetter, Niedrigzins und weiter steigender Wettbewerbsdruck haben unseren Mitarbeiterinnen und Mitarbeitern viel abverlangt. Es zeigt sich, wie richtig unser vor f\u00fcnf Jahren eingeleiteter Aufbruch und unsere konsequente Digitalisierung waren und verlaufen. Wir sind schneller, kundenn\u00e4her, agiler und digitaler geworden. Das best\u00e4tigt auch die positive Resonanz, die wir von unseren Kundinnen und Kunden erfahren. Trotz des Erfolgs bleiben wir nach wie vor insgesamt vorsichtig. Die Unsicherheiten f\u00fcr Wirtschaft und Verbraucherinnen sowie Verbraucher sind nach wie vor gro\u00df, dies gilt auch f\u00fcr die Auswirkungen der Inflation.\u201c<\/p>\n<hr \/>\n<p style=\"text-align: justify;\">\n","protected":false},"excerpt":{"rendered":"<p>Die W\u00fcstenrot &amp; W\u00fcrttembergische AG (W&amp;W) wird nach vorl\u00e4ufigen, noch nicht testierten Zahlen f\u00fcr das Gesch\u00e4ftsjahr 2021 im Konzern einen IFRS-Jahres\u00fcberschuss in einer Gr\u00f6\u00dfenordnung von 350 bis 360 Millionen Euro erzielen. Damit w\u00fcrde die am 23. Juni 2021 bereits auf zwischen 280 und 330 Millionen Euro erh\u00f6hte Zielspanne \u00fcbertroffen. 2020 betrug das Ergebnis 210,8 Millionen [&hellip;]<\/p>\n","protected":false},"author":4,"featured_media":0,"comment_status":"closed","ping_status":"open","sticky":false,"template":"","format":"standard","meta":{"inline_featured_image":false,"_exactmetrics_skip_tracking":false,"_exactmetrics_sitenote_active":false,"_exactmetrics_sitenote_note":"","_exactmetrics_sitenote_category":0,"tdm_status":"","tdm_grid_status":"","footnotes":""},"categories":[479],"tags":[8875,5,11841,68,2416,9,1442,18,19],"class_list":{"0":"post-163219","1":"post","2":"type-post","3":"status-publish","4":"format-standard","6":"category-wirtschaft","7":"tag-die-webzeitung","8":"tag-internetzeitung","9":"tag-jahresueberschuss","10":"tag-online-zeitung","11":"tag-prognose","12":"tag-schaumedia","13":"tag-ww","14":"tag-wurttembergische","15":"tag-wustenrot"},"image_feature":null,"author_name":"Redaktion","pure_taxonomies":{"categories":[{"term_id":479,"name":"Wirtschaft","slug":"wirtschaft","term_group":0,"term_taxonomy_id":1941,"taxonomy":"category","description":"","parent":0,"count":392,"filter":"raw","image":""}],"tags":[{"term_id":8875,"name":"Die-Webzeitung","slug":"die-webzeitung","term_group":0,"term_taxonomy_id":8876,"taxonomy":"post_tag","description":"","parent":0,"count":4257,"filter":"raw","image":""},{"term_id":5,"name":"Internetzeitung","slug":"internetzeitung","term_group":0,"term_taxonomy_id":5,"taxonomy":"post_tag","description":"","parent":0,"count":1533,"filter":"raw","image":""},{"term_id":11841,"name":"Jahres\u00fcberschuss","slug":"jahresueberschuss","term_group":0,"term_taxonomy_id":11842,"taxonomy":"post_tag","description":"","parent":0,"count":1,"filter":"raw","image":""},{"term_id":68,"name":"Online-Zeitung","slug":"online-zeitung","term_group":0,"term_taxonomy_id":69,"taxonomy":"post_tag","description":"","parent":0,"count":4206,"filter":"raw","image":""},{"term_id":2416,"name":"Prognose","slug":"prognose","term_group":0,"term_taxonomy_id":2428,"taxonomy":"post_tag","description":"","parent":0,"count":4,"filter":"raw","image":""},{"term_id":9,"name":"SchauMedia","slug":"schaumedia","term_group":0,"term_taxonomy_id":9,"taxonomy":"post_tag","description":"","parent":0,"count":1582,"filter":"raw","image":""},{"term_id":1442,"name":"W&amp;W","slug":"ww","term_group":0,"term_taxonomy_id":1451,"taxonomy":"post_tag","description":"","parent":0,"count":85,"filter":"raw","image":""},{"term_id":18,"name":"W\u00fcrttembergische","slug":"wurttembergische","term_group":0,"term_taxonomy_id":18,"taxonomy":"post_tag","description":"","parent":0,"count":113,"filter":"raw","image":""},{"term_id":19,"name":"W\u00fcstenrot","slug":"wustenrot","term_group":0,"term_taxonomy_id":19,"taxonomy":"post_tag","description":"","parent":0,"count":181,"filter":"raw","image":""}]},"_links":{"self":[{"href":"https:\/\/die-webzeitung.de\/ludwigsburg\/wp-json\/wp\/v2\/posts\/163219","targetHints":{"allow":["GET"]}}],"collection":[{"href":"https:\/\/die-webzeitung.de\/ludwigsburg\/wp-json\/wp\/v2\/posts"}],"about":[{"href":"https:\/\/die-webzeitung.de\/ludwigsburg\/wp-json\/wp\/v2\/types\/post"}],"author":[{"embeddable":true,"href":"https:\/\/die-webzeitung.de\/ludwigsburg\/wp-json\/wp\/v2\/users\/4"}],"replies":[{"embeddable":true,"href":"https:\/\/die-webzeitung.de\/ludwigsburg\/wp-json\/wp\/v2\/comments?post=163219"}],"version-history":[{"count":1,"href":"https:\/\/die-webzeitung.de\/ludwigsburg\/wp-json\/wp\/v2\/posts\/163219\/revisions"}],"predecessor-version":[{"id":163220,"href":"https:\/\/die-webzeitung.de\/ludwigsburg\/wp-json\/wp\/v2\/posts\/163219\/revisions\/163220"}],"wp:attachment":[{"href":"https:\/\/die-webzeitung.de\/ludwigsburg\/wp-json\/wp\/v2\/media?parent=163219"}],"wp:term":[{"taxonomy":"category","embeddable":true,"href":"https:\/\/die-webzeitung.de\/ludwigsburg\/wp-json\/wp\/v2\/categories?post=163219"},{"taxonomy":"post_tag","embeddable":true,"href":"https:\/\/die-webzeitung.de\/ludwigsburg\/wp-json\/wp\/v2\/tags?post=163219"}],"curies":[{"name":"wp","href":"https:\/\/api.w.org\/{rel}","templated":true}]}}