{"id":163079,"date":"2022-01-18T18:19:18","date_gmt":"2022-01-18T17:19:18","guid":{"rendered":"https:\/\/die-webzeitung.de\/ludwigsburg\/?p=163079"},"modified":"2022-01-18T18:19:18","modified_gmt":"2022-01-18T17:19:18","slug":"avl-stockt-servicecenter-auf-was-tun-wenns-klemmt","status":"publish","type":"post","link":"https:\/\/die-webzeitung.de\/ludwigsburg\/2022\/01\/18\/avl-stockt-servicecenter-auf-was-tun-wenns-klemmt\/","title":{"rendered":"AVL stockt ServiceCenter auf \u2013 Was tun, wenn\u2019s klemmt?"},"content":{"rendered":"<p style=\"text-align: justify;\">Ludwigsburg.| \u00c4rger wegen des neuen Sammelsystems, Unmut wegen M\u00fclltonnen, die nicht geleert wurden: Zurzeit laufen bei der AVL die Dr\u00e4hte hei\u00df. Jetzt baut die Abfallverwertungsgesellschaft des Landkreises ihr ServiceCenter aus \u2013 und gibt Tipps bei momentan h\u00e4ufig auftretenden Problemen.<\/p>\n<p style=\"text-align: justify;\">Wer derzeit Fragen rund ums Thema M\u00fcllabfuhr hat, der hat mitunter Schwierigkeiten, daf\u00fcr einen Ansprechpartner zu finden. Das ServiceCenter der AVL UND die Hotline bzw. E-Mail-Postf\u00e4cher der Entsorger PreZero und KURZ sind in Anbetracht der Flut von Anfragen zeitweise \u00fcberlastet. Jetzt stockt die AVL ihr ServiceCenter personell auf, um der Vielzahl an Anfragen besser gerecht werden zu k\u00f6nnen. \u201eAuch wenn wir f\u00fcr das h\u00e4ufig angesprochene Thema Glas-Beh\u00e4lter leider nicht zust\u00e4ndig sind, ist es unser erkl\u00e4rtes Ziel, dass alle Menschen, die sich an uns wenden, einen Ansprechpartner f\u00fcr ihr Anliegen finden\u201c, sagt Tilman Hepperle, Gesch\u00e4ftsf\u00fchrer der AVL. Leider k\u00f6nne man trotz der Aufstockung nicht versprechen, dass in Spitzenzeiten alles reibungslos l\u00e4uft.Daher gibt die AVL Tipps zu den beiden derzeit am h\u00e4ufigsten auftauchenden Fragen.<\/p>\n<p><span style=\"text-decoration: underline;\"><strong>Blaue Boxen \/ Beh\u00e4ltertausch<\/strong><\/span><\/p>\n<p style=\"text-align: justify;\"><strong><em>Was tun AVL und Landkreis<\/em><\/strong><strong>?<\/strong><br \/>\nMit gr\u00f6\u00dftem Nachdruck setzen sich AVL und Landkreis daf\u00fcr ein, dass ein Beh\u00e4ltertausch von der Box zur Glastonne auf Wunsch der Kundinnen und Kunden m\u00f6glich ist. Nach wie vor gibt es hierzu Verhandlungen zwischen AVL\/Landkreis einerseits und Interseroh bzw. PreZero und KURZ andererseits. \u201eEs ist ein deutlicher Wille sp\u00fcrbar, zu einer einvernehmlichen L\u00f6sung zu kommen\u201c, sagt Tilman Hepperle. Weil diese Verhandlungen noch nicht abgeschlossen sind, bittet die AVL die B\u00fcrgerinnen und B\u00fcrgern, bis zur Kl\u00e4rung des Sachverhalts von weiteren Anfragen zum Beh\u00e4ltertausch abzusehen.<\/p>\n<p style=\"text-align: justify;\"><strong><em>Ich warte noch auf die Auslieferung meiner Beh\u00e4lter f\u00fcr Verpackungen und\/oder Glas. Was kann ich tun?<\/em><\/strong><\/p>\n<p style=\"text-align: justify;\">Wer \u2013 egal ob Privatperson oder Gewerbetreibender \u2013 noch keinen Beh\u00e4lter bekommen hat, sollte im Kontaktformular auf der Seite <a href=\"http:\/\/www.verpackungsabfall-lb.de\" target=\"_blank\" rel=\"noopener\" data-saferedirecturl=\"https:\/\/www.google.com\/url?q=http:\/\/www.verpackungsabfall-lb.de&amp;source=gmail&amp;ust=1642602955171000&amp;usg=AOvVaw0B3IqhC1uSuU8KnF_lUxwn\">www.verpackungsabfall-lb.de<\/a> eine Nachricht mit dem Betreff \u201eNoch keine Beh\u00e4lter geliefert\u201c schreiben. Diese Anfragen werden bevorzugt behandelt.<\/p>\n<p style=\"text-align: justify;\"><strong><em>Mein Glasbeh\u00e4lter oder meine Gelbe Tonne wurde nicht geleert. Was kann ich tun?<\/em><\/strong><\/p>\n<p style=\"text-align: justify;\">Leerungsreklamationen, die Glas oder die Gelbe Tonne betreffen, richten betroffene B\u00fcrgerinnen und B\u00fcrger bitte online \u00fcber <a href=\"http:\/\/www.verpackungsabfall-lb.de\" target=\"_blank\" rel=\"noopener\" data-saferedirecturl=\"https:\/\/www.google.com\/url?q=http:\/\/www.verpackungsabfall-lb.de&amp;source=gmail&amp;ust=1642602955171000&amp;usg=AOvVaw0B3IqhC1uSuU8KnF_lUxwn\">www.verpackungsabfall-lb.de<\/a> unter dem Punkt \u201eService\u201c direkt an PreZero und KURZ.<\/p>\n<p style=\"text-align: justify;\"><strong><em>Was kann ich tun, wenn meine blaue Box schon voll ist?<\/em><\/strong><br \/>\nAls pragmatische Zwischenl\u00f6sung k\u00f6nnen die Menschen ihre Glasabf\u00e4lle in eigenen, stabilen Beh\u00e4ltern (z.B. W\u00e4schek\u00f6rben oder Eimern \u2013 keine Kartons o.\u00c4.) an den Abfuhrort stellen. Diese werden dann ebenfalls eingesammelt. Tipp: M\u00f6glichst auf Beh\u00e4lter zur\u00fcckgreifen, bei denen es nicht schlimm ist, wenn sie abhanden kommen.\u00a0 Alternativ k\u00f6nnen Glasverpackungen bei Glascontainern oder auf den Wertstoffh\u00f6fen abgegeben werden.<\/p>\n<p style=\"text-align: justify;\"><strong><em>Ich komme aus k\u00f6rperlichen Gr\u00fcnden nicht mit der blauen Glasbox klar. Was kann ich tun, um stattdessen eine Tonne zu erhalten?<\/em><\/strong><strong><br \/>\n<\/strong>Am besten ebenfalls eine Nachricht \u00fcber das Kontaktformular auf der Website <a href=\"http:\/\/www.verpackungsabfall-lb.de\" target=\"_blank\" rel=\"noopener\" data-saferedirecturl=\"https:\/\/www.google.com\/url?q=http:\/\/www.verpackungsabfall-lb.de&amp;source=gmail&amp;ust=1642602955171000&amp;usg=AOvVaw0B3IqhC1uSuU8KnF_lUxwn\">www.verpackungsabfall-lb.de<\/a> schreiben und im Betreff ebenfalls \u201eNoch keine Beh\u00e4lter geliefert\u201c schreiben.<\/p>\n<p style=\"text-align: justify;\"><strong><em>Wie erfahre ich, wann meine RUND-Tonne abgeholt wird?<\/em><\/strong><\/p>\n<p style=\"text-align: justify;\">Die Abholtermine der RUND-Tonnen werden nach und nach auf <a href=\"http:\/\/www.verpackungsabfall-lb.de\" target=\"_blank\" rel=\"noopener\" data-saferedirecturl=\"https:\/\/www.google.com\/url?q=http:\/\/www.verpackungsabfall-lb.de&amp;source=gmail&amp;ust=1642602955171000&amp;usg=AOvVaw0B3IqhC1uSuU8KnF_lUxwn\">www.verpackungsabfall-lb.de<\/a> unter Termine, RUND-Tonne ver\u00f6ffentlicht. Die RUND-Tonnen werden nur leer mitgenommen. Es ist aber m\u00f6glich, noch gef\u00fcllte RUND-Tonnen beim n\u00e4chsten Leerungstermin f\u00fcr die Gelbe Tonne (LVP) ein letztes Mal leeren zu lassen, bevor sie endg\u00fcltig abgeholt werden.<\/p>\n<p><span style=\"text-decoration: underline;\"><strong>Nicht geleerte Rest- und Biom\u00fclltonnen<\/strong><\/span><\/p>\n<p style=\"text-align: justify;\">Seit 1.1.2022 ist das Unternehmen ALBA f\u00fcr die Abfuhr von Rest- und Biom\u00fcll verantwortlich. Die Umstellung lief nicht reibungslos, viele Tonnen wurden Anfang 2022 nicht geleert.<\/p>\n<p style=\"text-align: justify;\"><strong><em>Was kann ich tun, wenn meine Tonne noch am Stra\u00dfenrand steht und nicht geleert wurde?<\/em><\/strong><em><br \/>\n<\/em>Wenn die Tonne voll ist, muss niemand Rest- und Biom\u00fcll so lange zuhause lagern. Die M\u00fclls\u00e4cke k\u00f6nnen f\u00fcr die Abfuhr einfach neben die Tonnen zur Abholung bereitgestellt werden. Biom\u00fcll kann ausnahmsweise in Plastikt\u00fcten \u00fcber den Restm\u00fcll entsorgt werden.<br \/>\nBei Abfuhrterminen <strong>nach dem 10. Januar<\/strong> bitte die Leerung des Beh\u00e4lters am Folgetag noch abwarten. Erst wenn er dann immer noch nicht geleert wurde, sollte dies \u00fcber das AVL-ServiceCenter reklamiert werden. Am einfachsten geht das online \u00fcber <a href=\"http:\/\/www.avl-ludwigsburg.de\" target=\"_blank\" rel=\"noopener\" data-saferedirecturl=\"https:\/\/www.google.com\/url?q=http:\/\/www.avl-ludwigsburg.de&amp;source=gmail&amp;ust=1642602955171000&amp;usg=AOvVaw1XRMIMR7TEvjJGxhJkTM3x\">www.avl-ludwigsburg.de<\/a> unter Privatkunden \u00e0Tonnen \u00e0Leerung reklamieren.<\/p>\n<p style=\"text-align: justify;\"><strong><em>Was tut die AVL?<br \/>\n<\/em><\/strong>Anders als bei den blauen Glasboxen ist die AVL f\u00fcr den Rest- und Biom\u00fcll auch tats\u00e4chlich Auftraggeber. Es werden nach einer gewissen Karenzzeit, die nun abgelaufen ist, Vertragsstrafen verh\u00e4ngt. Gleichzeitig versucht die AVL, den Entsorger ALBA so gut wie m\u00f6glich zu unterst\u00fctzen, z.B. bei der Planung von Ersatztouren.<\/p>\n<hr \/>\n<p style=\"text-align: justify;\">\n","protected":false},"excerpt":{"rendered":"<p>Ludwigsburg.| \u00c4rger wegen des neuen Sammelsystems, Unmut wegen M\u00fclltonnen, die nicht geleert wurden: Zurzeit laufen bei der AVL die Dr\u00e4hte hei\u00df. Jetzt baut die Abfallverwertungsgesellschaft des Landkreises ihr ServiceCenter aus \u2013 und gibt Tipps bei momentan h\u00e4ufig auftretenden Problemen. Wer derzeit Fragen rund ums Thema M\u00fcllabfuhr hat, der hat mitunter Schwierigkeiten, daf\u00fcr einen Ansprechpartner zu [&hellip;]<\/p>\n","protected":false},"author":4,"featured_media":162979,"comment_status":"closed","ping_status":"open","sticky":false,"template":"","format":"standard","meta":{"inline_featured_image":false,"_exactmetrics_skip_tracking":false,"_exactmetrics_sitenote_active":false,"_exactmetrics_sitenote_note":"","_exactmetrics_sitenote_category":0,"tdm_status":"","tdm_grid_status":"","footnotes":""},"categories":[59,65],"tags":[8232,4002,8875,5,6,54,68,9],"class_list":{"0":"post-163079","1":"post","2":"type-post","3":"status-publish","4":"format-standard","5":"has-post-thumbnail","7":"category-aktuell","8":"category-kreis_ludwigsburg","9":"tag-abfuhr","10":"tag-avl","11":"tag-die-webzeitung","12":"tag-internetzeitung","13":"tag-ludwigsburg","14":"tag-mulltonne","15":"tag-online-zeitung","16":"tag-schaumedia"},"image_feature":"https:\/\/die-webzeitung.de\/ludwigsburg\/wp-content\/uploads\/sites\/5\/2022\/01\/Mu\u0308lltonne.jpg","author_name":"Redaktion","pure_taxonomies":{"categories":[{"term_id":59,"name":"Aktuell","slug":"aktuell","term_group":0,"term_taxonomy_id":60,"taxonomy":"category","description":"","parent":0,"count":1175,"filter":"raw","image":""},{"term_id":65,"name":"Kreis Ludwigsburg","slug":"kreis_ludwigsburg","term_group":0,"term_taxonomy_id":66,"taxonomy":"category","description":"","parent":171,"count":630,"filter":"raw","image":""}],"tags":[{"term_id":8232,"name":"Abfuhr","slug":"abfuhr","term_group":0,"term_taxonomy_id":8249,"taxonomy":"post_tag","description":"","parent":0,"count":2,"filter":"raw","image":""},{"term_id":4002,"name":"AVL","slug":"avl","term_group":0,"term_taxonomy_id":4015,"taxonomy":"post_tag","description":"","parent":0,"count":15,"filter":"raw","image":""},{"term_id":8875,"name":"Die-Webzeitung","slug":"die-webzeitung","term_group":0,"term_taxonomy_id":8876,"taxonomy":"post_tag","description":"","parent":0,"count":4255,"filter":"raw","image":""},{"term_id":5,"name":"Internetzeitung","slug":"internetzeitung","term_group":0,"term_taxonomy_id":5,"taxonomy":"post_tag","description":"","parent":0,"count":1533,"filter":"raw","image":""},{"term_id":6,"name":"Ludwigsburg","slug":"ludwigsburg","term_group":0,"term_taxonomy_id":6,"taxonomy":"post_tag","description":"","parent":0,"count":1352,"filter":"raw","image":""},{"term_id":54,"name":"M\u00fclltonne","slug":"mulltonne","term_group":0,"term_taxonomy_id":54,"taxonomy":"post_tag","description":"","parent":0,"count":1,"filter":"raw","image":""},{"term_id":68,"name":"Online-Zeitung","slug":"online-zeitung","term_group":0,"term_taxonomy_id":69,"taxonomy":"post_tag","description":"","parent":0,"count":4204,"filter":"raw","image":""},{"term_id":9,"name":"SchauMedia","slug":"schaumedia","term_group":0,"term_taxonomy_id":9,"taxonomy":"post_tag","description":"","parent":0,"count":1582,"filter":"raw","image":""}]},"_links":{"self":[{"href":"https:\/\/die-webzeitung.de\/ludwigsburg\/wp-json\/wp\/v2\/posts\/163079","targetHints":{"allow":["GET"]}}],"collection":[{"href":"https:\/\/die-webzeitung.de\/ludwigsburg\/wp-json\/wp\/v2\/posts"}],"about":[{"href":"https:\/\/die-webzeitung.de\/ludwigsburg\/wp-json\/wp\/v2\/types\/post"}],"author":[{"embeddable":true,"href":"https:\/\/die-webzeitung.de\/ludwigsburg\/wp-json\/wp\/v2\/users\/4"}],"replies":[{"embeddable":true,"href":"https:\/\/die-webzeitung.de\/ludwigsburg\/wp-json\/wp\/v2\/comments?post=163079"}],"version-history":[{"count":1,"href":"https:\/\/die-webzeitung.de\/ludwigsburg\/wp-json\/wp\/v2\/posts\/163079\/revisions"}],"predecessor-version":[{"id":163080,"href":"https:\/\/die-webzeitung.de\/ludwigsburg\/wp-json\/wp\/v2\/posts\/163079\/revisions\/163080"}],"wp:featuredmedia":[{"embeddable":true,"href":"https:\/\/die-webzeitung.de\/ludwigsburg\/wp-json\/wp\/v2\/media\/162979"}],"wp:attachment":[{"href":"https:\/\/die-webzeitung.de\/ludwigsburg\/wp-json\/wp\/v2\/media?parent=163079"}],"wp:term":[{"taxonomy":"category","embeddable":true,"href":"https:\/\/die-webzeitung.de\/ludwigsburg\/wp-json\/wp\/v2\/categories?post=163079"},{"taxonomy":"post_tag","embeddable":true,"href":"https:\/\/die-webzeitung.de\/ludwigsburg\/wp-json\/wp\/v2\/tags?post=163079"}],"curies":[{"name":"wp","href":"https:\/\/api.w.org\/{rel}","templated":true}]}}