{"id":163076,"date":"2022-01-18T18:15:10","date_gmt":"2022-01-18T17:15:10","guid":{"rendered":"https:\/\/die-webzeitung.de\/ludwigsburg\/?p=163076"},"modified":"2022-01-18T18:15:10","modified_gmt":"2022-01-18T17:15:10","slug":"tamm-wird-315-stadt-in-baden-wuerttemberg","status":"publish","type":"post","link":"https:\/\/die-webzeitung.de\/ludwigsburg\/2022\/01\/18\/tamm-wird-315-stadt-in-baden-wuerttemberg\/","title":{"rendered":"Tamm wird 315. Stadt in Baden-W\u00fcrttemberg"},"content":{"rendered":"<p style=\"text-align: justify;\">Tamm.| Am heutigen Dienstag, 18. Januar 2022, beschloss die Landesregierung, dass die Gemeinde Tamm zum 1. M\u00e4rz 2022 die Bezeichnung \u201eStadt\u201c verliehen bekommt. Damit wird Tamm die 315. Stadt in Baden-W\u00fcrttemberg. Das teilen die Landtagsabgeordneten Konrad Epple und Tobias Vogt sowie der Bundestagsabgeordnete Fabian Gramling (alle CDU) mit.<\/p>\n<p style=\"text-align: justify;\">\u201eWir gratulieren den Einwohnerinnen und Einwohner von Tamm, Herrn B\u00fcrgermeistern Bernhard und dem Gemeinderat ganz herzlich zu dieser historischen Entscheidung\u201c, freuen sich die beiden Landtagsabgeordneten Epple und Vogt. Auch der Bundestagsabgeordnete Fabian Gramling freut sich sehr, dass die Erhebung zur Stadt f\u00fcr Tamm nun beschlossen wurde: \u201eDas Jahr 2022 wird als Meilenstein in die Tammer Geschichtsb\u00fccher eingehen. Hier zeigt sich die erfolgreiche Entwicklung der Gemeinde in den vergangenen Jahren. Mein Gl\u00fcckwunsch gilt allen Tammer B\u00fcrgern.\u201c<\/p>\n<p style=\"text-align: justify;\">Wenn sie nach Einwohnerzahl, Siedlungsform und ihren kulturellen und wirtschaftlichen Verh\u00e4ltnissen \u201est\u00e4dtisches Gepr\u00e4ge\u201c tr\u00e4gt, kann einer Gemeinde auf Antrag die Bezeichnung Stadt verliehen werden.<\/p>\n<p style=\"text-align: justify;\">\u201eTamm bringt alles mit, was eine Stadt braucht. Die Gemeinde hat mehr als 12.600 Einwohner und die Lage zwischen Ludwigsburg und Bietigheim-Bissingen einerseits sowie die hervorragende Infrastruktur bieten dem Ort auch f\u00fcr die Zukunft hervorragende Entwicklungsm\u00f6glichkeiten\u201c, sagt Tobias Vogt und Konrad Epple erkl\u00e4rt mit einem Augenzwinkern: \u201eIm Mittelalter hatte das Stadtrecht eine ganz besondere Bedeutung, denn getreu dem Motto ,Stadtluft macht frei\u2018 konnte die leibeigene Landbev\u00f6lkerung in der Stadt damals die Freiheit erhalten, wenn Ihr Landesherr nicht binnen Jahr und Tag Einspruch erhob. Heute hat die Verleihung der Bezeichnung Stadt nicht mehr ganz so dramatische Auswirkungen.\u201c<\/p>\n<p style=\"text-align: justify;\"><strong>Hintergrund: <\/strong><\/p>\n<p style=\"text-align: justify;\">Folgende Punkte sind ma\u00dfgeblich f\u00fcr die Entscheidung, ob eine Gemeinde ein \u201est\u00e4dtisches Gepr\u00e4ge\u201c aufweist:<\/p>\n<ul>\n<li style=\"text-align: justify;\">Die Gemeinde hat mindestens 10.000 Einwohner, deren Mehrzahl in einem auf ein im Wesentlichen geschlossenen Siedlungsgebiet wohnen muss.<\/li>\n<li style=\"text-align: justify;\">St\u00e4dtisches Gepr\u00e4ge setzt auch gen\u00fcgend Stra\u00dfen, Gehwege, Parkpl\u00e4tze, Gr\u00fcnanlagen, Ver- und Entsorgungseinrichtungen, Kultur-, Bildungs-, Sport- und Freizeiteinrichtungen, angemessene \u00e4rztliche Versorgung und Einkaufsm\u00f6glichkeiten in zumindest einem sich als Zentrum abzeichnenden Teil der Gemeinde voraus.<\/li>\n<li style=\"text-align: justify;\">Es gibt Industrie- und Gewerbebetriebe in ma\u00dfgeblicher Zahl und Gr\u00f6\u00dfe am Ort.<\/li>\n<li style=\"text-align: justify;\">Der Ort hat Entwicklungsm\u00f6glichkeiten in Bezug auf die Verkehrsverh\u00e4ltnisse und auf die Erschlie\u00dfung von neuem Bau-, Industrie- und Gewerbegel\u00e4nde.<\/li>\n<li style=\"text-align: justify;\">Die Gemeinde muss in der Regel Mittelpunkt ihres Verwaltungsraums sein, das hei\u00dft, sie muss f\u00fcr die umliegenden Gemeinden eine gewisse zentral\u00f6rtliche Funktion erf\u00fcllen, etwa im Schulbereich oder bei der \u00e4rztlichen Versorgung.<br \/>\n<hr \/>\n<\/li>\n<\/ul>\n","protected":false},"excerpt":{"rendered":"<p>Tamm.| Am heutigen Dienstag, 18. Januar 2022, beschloss die Landesregierung, dass die Gemeinde Tamm zum 1. M\u00e4rz 2022 die Bezeichnung \u201eStadt\u201c verliehen bekommt. Damit wird Tamm die 315. Stadt in Baden-W\u00fcrttemberg. Das teilen die Landtagsabgeordneten Konrad Epple und Tobias Vogt sowie der Bundestagsabgeordnete Fabian Gramling (alle CDU) mit. \u201eWir gratulieren den Einwohnerinnen und Einwohner von [&hellip;]<\/p>\n","protected":false},"author":4,"featured_media":0,"comment_status":"closed","ping_status":"open","sticky":false,"template":"","format":"standard","meta":{"inline_featured_image":false,"_exactmetrics_skip_tracking":false,"_exactmetrics_sitenote_active":false,"_exactmetrics_sitenote_note":"","_exactmetrics_sitenote_category":0,"tdm_status":"","tdm_grid_status":"","footnotes":""},"categories":[65],"tags":[8875,5,6,68,9,11761,2542],"class_list":{"0":"post-163076","1":"post","2":"type-post","3":"status-publish","4":"format-standard","6":"category-kreis_ludwigsburg","7":"tag-die-webzeitung","8":"tag-internetzeitung","9":"tag-ludwigsburg","10":"tag-online-zeitung","11":"tag-schaumedia","12":"tag-stadterhebung","13":"tag-tamm"},"image_feature":null,"author_name":"Redaktion","pure_taxonomies":{"categories":[{"term_id":65,"name":"Kreis Ludwigsburg","slug":"kreis_ludwigsburg","term_group":0,"term_taxonomy_id":66,"taxonomy":"category","description":"","parent":171,"count":631,"filter":"raw","image":""}],"tags":[{"term_id":8875,"name":"Die-Webzeitung","slug":"die-webzeitung","term_group":0,"term_taxonomy_id":8876,"taxonomy":"post_tag","description":"","parent":0,"count":4257,"filter":"raw","image":""},{"term_id":5,"name":"Internetzeitung","slug":"internetzeitung","term_group":0,"term_taxonomy_id":5,"taxonomy":"post_tag","description":"","parent":0,"count":1533,"filter":"raw","image":""},{"term_id":6,"name":"Ludwigsburg","slug":"ludwigsburg","term_group":0,"term_taxonomy_id":6,"taxonomy":"post_tag","description":"","parent":0,"count":1353,"filter":"raw","image":""},{"term_id":68,"name":"Online-Zeitung","slug":"online-zeitung","term_group":0,"term_taxonomy_id":69,"taxonomy":"post_tag","description":"","parent":0,"count":4206,"filter":"raw","image":""},{"term_id":9,"name":"SchauMedia","slug":"schaumedia","term_group":0,"term_taxonomy_id":9,"taxonomy":"post_tag","description":"","parent":0,"count":1582,"filter":"raw","image":""},{"term_id":11761,"name":"Stadterhebung","slug":"stadterhebung","term_group":0,"term_taxonomy_id":11762,"taxonomy":"post_tag","description":"","parent":0,"count":2,"filter":"raw","image":""},{"term_id":2542,"name":"Tamm","slug":"tamm","term_group":0,"term_taxonomy_id":2555,"taxonomy":"post_tag","description":"","parent":0,"count":10,"filter":"raw","image":""}]},"_links":{"self":[{"href":"https:\/\/die-webzeitung.de\/ludwigsburg\/wp-json\/wp\/v2\/posts\/163076","targetHints":{"allow":["GET"]}}],"collection":[{"href":"https:\/\/die-webzeitung.de\/ludwigsburg\/wp-json\/wp\/v2\/posts"}],"about":[{"href":"https:\/\/die-webzeitung.de\/ludwigsburg\/wp-json\/wp\/v2\/types\/post"}],"author":[{"embeddable":true,"href":"https:\/\/die-webzeitung.de\/ludwigsburg\/wp-json\/wp\/v2\/users\/4"}],"replies":[{"embeddable":true,"href":"https:\/\/die-webzeitung.de\/ludwigsburg\/wp-json\/wp\/v2\/comments?post=163076"}],"version-history":[{"count":2,"href":"https:\/\/die-webzeitung.de\/ludwigsburg\/wp-json\/wp\/v2\/posts\/163076\/revisions"}],"predecessor-version":[{"id":163078,"href":"https:\/\/die-webzeitung.de\/ludwigsburg\/wp-json\/wp\/v2\/posts\/163076\/revisions\/163078"}],"wp:attachment":[{"href":"https:\/\/die-webzeitung.de\/ludwigsburg\/wp-json\/wp\/v2\/media?parent=163076"}],"wp:term":[{"taxonomy":"category","embeddable":true,"href":"https:\/\/die-webzeitung.de\/ludwigsburg\/wp-json\/wp\/v2\/categories?post=163076"},{"taxonomy":"post_tag","embeddable":true,"href":"https:\/\/die-webzeitung.de\/ludwigsburg\/wp-json\/wp\/v2\/tags?post=163076"}],"curies":[{"name":"wp","href":"https:\/\/api.w.org\/{rel}","templated":true}]}}