{"id":162256,"date":"2021-11-17T10:46:22","date_gmt":"2021-11-17T09:46:22","guid":{"rendered":"https:\/\/die-webzeitung.de\/ludwigsburg\/?p=162256"},"modified":"2021-11-17T10:46:22","modified_gmt":"2021-11-17T09:46:22","slug":"162256","status":"publish","type":"post","link":"https:\/\/die-webzeitung.de\/ludwigsburg\/2021\/11\/17\/162256\/","title":{"rendered":"Bosch baut Wasserstoff-Portfolio aus"},"content":{"rendered":"<h5 style=\"text-align: justify;\"><strong>Kooperation mit OMB Saleri zu H2-Tankkomponenten f\u00fcr mobile Anwendungen<\/strong><\/h5>\n<ul>\n<li style=\"text-align: justify;\"><strong>Bosch bietet ab sofort Tankventile und Druckregler f\u00fcr Wasserstofftanks an.<\/strong><\/li>\n<li style=\"text-align: justify;\"><strong>Bosch und OMB Saleri entwickeln Produkte gemeinsam f\u00fcr die Gro\u00dfserie weiter.<\/strong><\/li>\n<li style=\"text-align: justify;\"><strong>Bosch erwartet 2030 jedes achte neue Nutzfahrzeug mit Brennstoffzelle.<\/strong><\/li>\n<\/ul>\n<p style=\"text-align: justify;\">Stuttgart\/Brescia.| Bosch erweitert sein Produktportfolio f\u00fcr mobile Wasserstoffanwendungen: Ab sofort z\u00e4hlen hierzu auch Komponenten f\u00fcr H2-Tanksysteme wie Tankventile oder Druckregler. Das Technologie- und Dienstleistungsunternehmen arbeitet daf\u00fcr mit dem italienischen Spezialisten OMB Saleri in einer Entwicklungspartnerschaft zusammen, in der die Produkte gemeinsam weiterentwickelt werden. \u201eWasserstoff ist ein wichtiger Baustein im k\u00fcnftigen Antriebsmix, um die Klimaneutralit\u00e4t zu erreichen\u201c, sagt Dr. Uwe Gackstatter, Vorsitzender des Bosch-Gesch\u00e4ftsbereichs Powertrain Solutions. \u201eZusammen mit OMB Saleri machen wir H2-Tankkomponenten reif f\u00fcr die Gro\u00dfserie.\u201c<\/p>\n<p style=\"text-align: justify;\">\u201eZusammen mit OMB Saleri machen wir H2-Tankkomponenten reif f\u00fcr die Gro\u00dfserie.\u201c<br \/>\nDr. Uwe Gackstatter, Vorsitzender des Bosch-Gesch\u00e4ftsbereichs Powertrain Solutions<\/p>\n<p style=\"text-align: justify;\"><strong>Weltweiten Markt f\u00fcr Wasserstoff-Tankl\u00f6sungen im Visier<\/strong><br \/>\nDer Bedarf an wasserstoffbasierten Antrieben wird in den kommenden Jahren insbesondere bei Nutzfahrzeugen stark steigen. Bosch geht davon aus, dass 2030 rund jedes achte neu zugelassene Nutzfahrzeug weltweit eine Brennstoffzelle an Bord haben wird. Mit der nun vereinbarten Kooperation rund um Komponenten f\u00fcr Wasserstoff-Tanksysteme wollen Bosch und OMB Saleri daher ihre Marktpositionen im H2-Bereich ausbauen. Die Zusammenarbeit umfasst eine Lizenz- und Entwicklungsvereinbarung \u00fcber mehrere Produkte f\u00fcr Wasserstoff-Speicherl\u00f6sungen in den Druckstufen 350 bar und 700 bar. Gemeinsame sogenannte Simultaneous-Engineering-Teams entwickeln die bereits vorhandenen Erzeugnisse jetzt weiter und optimieren sie f\u00fcr die Gro\u00dfserienproduktion. Das Ziel von Bosch ist, Komponenten f\u00fcr Wasserstoff-Tankl\u00f6sungen dank gro\u00dfer St\u00fcckzahlen zu wettbewerbsf\u00e4higen Preisen anzubieten.<\/p>\n<p style=\"text-align: justify;\"><strong>Bosch und OMB Saleri f\u00fchren Kompetenzen zusammen<\/strong><br \/>\nDie Kooperation f\u00fchrt das Know-how beider Partner zusammen. So gilt das italienische Technologieunternehmen OMB Saleri aus Brescia in Norditalien als einer der weltweit f\u00fchrenden Spezialisten von Komponenten f\u00fcr Wasserstoff-Speicherl\u00f6sungen. Als Partner profitiert Bosch von der Entwicklungskompetenz, einer modernen H2-Testinfrastruktur und -Pr\u00fcfpl\u00e4tzen sowie von Komponenten, die bereits in ersten Anwendungen \u00fcberzeugen konnten. Im Gegenzug bringt Bosch seine Erfahrung in der Industrialisierung innovativer Produkte sowie ein globales Entwicklungs- und Fertigungsnetz f\u00fcr gro\u00dfe St\u00fcckzahlen ein.<\/p>\n<p style=\"text-align: justify;\"><strong>Bosch arbeitet an mobiler und station\u00e4rer Brennstoffzelle<\/strong><br \/>\nBosch ist vom Energietr\u00e4ger Wasserstoff \u00fcberzeugt und geht daher erheblich in Vorleistung. Von 2021 bis 2024 investiert das Unternehmen gut 600 Millionen Euro in mobile Anwendungen und 400 Millionen Euro in Anwendungen f\u00fcr station\u00e4re Strom- und W\u00e4rmeerzeugung. Das Portfolio f\u00fcr Fahrzeuge reicht von einzelnen Sensoren \u00fcber Kernkomponenten wie dem elektrischen Luftverdichter und dem Stack bis zum kompletten Brennstoffzellen-Modul.<\/p>\n<hr \/>\n<p style=\"text-align: justify;\">\n","protected":false},"excerpt":{"rendered":"<p>Kooperation mit OMB Saleri zu H2-Tankkomponenten f\u00fcr mobile Anwendungen Bosch bietet ab sofort Tankventile und Druckregler f\u00fcr Wasserstofftanks an. Bosch und OMB Saleri entwickeln Produkte gemeinsam f\u00fcr die Gro\u00dfserie weiter. Bosch erwartet 2030 jedes achte neue Nutzfahrzeug mit Brennstoffzelle. Stuttgart\/Brescia.| Bosch erweitert sein Produktportfolio f\u00fcr mobile Wasserstoffanwendungen: Ab sofort z\u00e4hlen hierzu auch Komponenten f\u00fcr H2-Tanksysteme [&hellip;]<\/p>\n","protected":false},"author":4,"featured_media":162257,"comment_status":"closed","ping_status":"open","sticky":false,"template":"","format":"standard","meta":{"inline_featured_image":false,"_exactmetrics_skip_tracking":false,"_exactmetrics_sitenote_active":false,"_exactmetrics_sitenote_note":"","_exactmetrics_sitenote_category":0,"tdm_status":"","tdm_grid_status":"","footnotes":""},"categories":[479],"tags":[265,8875,5,4799,68,9,6807],"class_list":{"0":"post-162256","1":"post","2":"type-post","3":"status-publish","4":"format-standard","5":"has-post-thumbnail","7":"category-wirtschaft","8":"tag-bosch","9":"tag-die-webzeitung","10":"tag-internetzeitung","11":"tag-lkw","12":"tag-online-zeitung","13":"tag-schaumedia","14":"tag-wasserstoff"},"image_feature":"https:\/\/die-webzeitung.de\/ludwigsburg\/wp-content\/uploads\/sites\/5\/2021\/11\/unnamed-1.jpg","author_name":"Redaktion","pure_taxonomies":{"categories":[{"term_id":479,"name":"Wirtschaft","slug":"wirtschaft","term_group":0,"term_taxonomy_id":1941,"taxonomy":"category","description":"","parent":0,"count":392,"filter":"raw","image":""}],"tags":[{"term_id":265,"name":"Bosch","slug":"bosch","term_group":0,"term_taxonomy_id":271,"taxonomy":"post_tag","description":"","parent":0,"count":26,"filter":"raw","image":""},{"term_id":8875,"name":"Die-Webzeitung","slug":"die-webzeitung","term_group":0,"term_taxonomy_id":8876,"taxonomy":"post_tag","description":"","parent":0,"count":4257,"filter":"raw","image":""},{"term_id":5,"name":"Internetzeitung","slug":"internetzeitung","term_group":0,"term_taxonomy_id":5,"taxonomy":"post_tag","description":"","parent":0,"count":1533,"filter":"raw","image":""},{"term_id":4799,"name":"LKW","slug":"lkw","term_group":0,"term_taxonomy_id":4816,"taxonomy":"post_tag","description":"","parent":0,"count":1,"filter":"raw","image":""},{"term_id":68,"name":"Online-Zeitung","slug":"online-zeitung","term_group":0,"term_taxonomy_id":69,"taxonomy":"post_tag","description":"","parent":0,"count":4206,"filter":"raw","image":""},{"term_id":9,"name":"SchauMedia","slug":"schaumedia","term_group":0,"term_taxonomy_id":9,"taxonomy":"post_tag","description":"","parent":0,"count":1582,"filter":"raw","image":""},{"term_id":6807,"name":"Wasserstoff","slug":"wasserstoff","term_group":0,"term_taxonomy_id":6826,"taxonomy":"post_tag","description":"","parent":0,"count":9,"filter":"raw","image":""}]},"_links":{"self":[{"href":"https:\/\/die-webzeitung.de\/ludwigsburg\/wp-json\/wp\/v2\/posts\/162256","targetHints":{"allow":["GET"]}}],"collection":[{"href":"https:\/\/die-webzeitung.de\/ludwigsburg\/wp-json\/wp\/v2\/posts"}],"about":[{"href":"https:\/\/die-webzeitung.de\/ludwigsburg\/wp-json\/wp\/v2\/types\/post"}],"author":[{"embeddable":true,"href":"https:\/\/die-webzeitung.de\/ludwigsburg\/wp-json\/wp\/v2\/users\/4"}],"replies":[{"embeddable":true,"href":"https:\/\/die-webzeitung.de\/ludwigsburg\/wp-json\/wp\/v2\/comments?post=162256"}],"version-history":[{"count":1,"href":"https:\/\/die-webzeitung.de\/ludwigsburg\/wp-json\/wp\/v2\/posts\/162256\/revisions"}],"predecessor-version":[{"id":162258,"href":"https:\/\/die-webzeitung.de\/ludwigsburg\/wp-json\/wp\/v2\/posts\/162256\/revisions\/162258"}],"wp:featuredmedia":[{"embeddable":true,"href":"https:\/\/die-webzeitung.de\/ludwigsburg\/wp-json\/wp\/v2\/media\/162257"}],"wp:attachment":[{"href":"https:\/\/die-webzeitung.de\/ludwigsburg\/wp-json\/wp\/v2\/media?parent=162256"}],"wp:term":[{"taxonomy":"category","embeddable":true,"href":"https:\/\/die-webzeitung.de\/ludwigsburg\/wp-json\/wp\/v2\/categories?post=162256"},{"taxonomy":"post_tag","embeddable":true,"href":"https:\/\/die-webzeitung.de\/ludwigsburg\/wp-json\/wp\/v2\/tags?post=162256"}],"curies":[{"name":"wp","href":"https:\/\/api.w.org\/{rel}","templated":true}]}}