{"id":161836,"date":"2021-10-27T13:31:01","date_gmt":"2021-10-27T12:31:01","guid":{"rendered":"https:\/\/die-webzeitung.de\/ludwigsburg\/?p=161836"},"modified":"2021-10-27T13:31:01","modified_gmt":"2021-10-27T12:31:01","slug":"audi-baut-hochvoltbatterie-entwicklung-am-standort-neckarsulm","status":"publish","type":"post","link":"https:\/\/die-webzeitung.de\/ludwigsburg\/2021\/10\/27\/audi-baut-hochvoltbatterie-entwicklung-am-standort-neckarsulm\/","title":{"rendered":"Audi baut Hochvoltbatterie-Entwicklung am Standort Neckarsulm"},"content":{"rendered":"<ul>\n<li style=\"text-align: justify;\">Oliver Hoffmann, Vorstand Technische Entwicklung: \u201eBauen Kompetenz bei strategisch wichtiger Komponente der E-Mobilit\u00e4t aus\u201c<\/li>\n<li style=\"text-align: justify;\">Technische Entwicklung wird Kompetenzzentrum f\u00fcr Hochvoltspeicher-Systeme<\/li>\n<li style=\"text-align: justify;\">Ansiedlung eines Batterietechnikums in Neckarsulm bis 2023 sowie Qualifikationsprogramme f\u00fcr Mitarbeitende<\/li>\n<\/ul>\n<p style=\"text-align: justify;\">Neckarsulm.| Audi baut die Entwicklung von Hochvoltbatterien aus und setzt daf\u00fcr auf den Standort Neckarsulm. Mit der strategischen Entscheidung wird die Technische Entwicklung f\u00fcr die Zukunft gest\u00e4rkt und Neckarsulm zu einem Kompetenzzentrum f\u00fcr eine Schl\u00fcsseltechnologie der Elektromobilit\u00e4t. Daf\u00fcr werden seit Ende 2020 Mitarbeitende qualifiziert. Um sich auf das Themenfeld Hochvoltbatterie zu spezialisieren, bietet Audi den Mitarbeitenden der Technischen Entwicklung Neckarsulm in den kommenden Jahren unterschiedliche Weiterbildungsm\u00f6glichkeiten. Audi entwickelt bereits Hochvoltbatterien f\u00fcr Plug-in-Hybride (PHEV) in Neckarsulm, nun wird die Entwicklung des kompletten Hochvoltbatterie-Portfolios f\u00fcr vollelektrische Fahrzeuge schwerpunktm\u00e4\u00dfig am Standort angesiedelt und daf\u00fcr sukzessive ausgebaut. Au\u00dferdem geht bis 2023 ein Batterietechnikum zur Erprobung von Hochvoltspeicher-Technologien in Betrieb.<\/p>\n<p style=\"text-align: justify;\">Ein klarer Fahrplan f\u00fcr eine erfolgreiche Zukunft: Audi treibt den Ausbau strategisch bedeutsamer Kompetenzen f\u00fcr die Elektromobilit\u00e4t am Standort Neckarsulm voran. \u201eHochvoltbatterien und Elektromotoren machen einen wichtigen strategischen Anteil an der k\u00fcnftigen Wertsch\u00f6pfung in einer transformierten Autoindustrie aus. Deshalb bauen wir unsere Kompetenz bei der Entwicklung dieser Komponenten systematisch aus\u201c, sagt Oliver Hoffmann, Vorstand f\u00fcr Technische Entwicklung bei Audi. Die Strukturen f\u00fcr die PHEV-Hochvoltbatterie-Entwicklung liegen bereits vor: Damit ist der Standort bestens darauf vorbereitet, nun auch das komplette Hochvoltbatterie-Portfolio zu entwickeln. Perspektivisch wird die Hochvoltbatterie-Entwicklung \u2013 in weiterhin enger Zusammenarbeit mit der Hochvoltbatterie-Entwicklung am Standort Ingolstadt \u2013 personell deutlich \u00fcberwiegend in Neckarsulm verortet.<\/p>\n<p style=\"text-align: justify;\"><strong>Technikum zur Entwicklung und Erprobung von Batterie-Prototypen<\/strong><\/p>\n<p style=\"text-align: justify;\">Weiterhin entsteht am Standort Neckarsulm ein Batterietechnikum: In diesem Labor f\u00fcr Pilotprojekte werden weitergebildete Mitarbeitende, die zuvor im Pr\u00fcftechnikum f\u00fcr Verbrennungsmotoren t\u00e4tig waren, ab 2023 Prototypen neuer Hochvoltspeicher-Module f\u00fcr verschiedene E-Fahrzeuge erproben.<\/p>\n<p style=\"text-align: justify;\">\u201eDie Investitionsentscheidung des Unternehmens, die Hochvoltbatterie-Entwicklung und ein Batterietechnikum in Neckarsulm anzusiedeln, ist ein deutliches Bekenntnis zur Elektrifizierung und damit langfristigen Sicherung des Standorts\u201c, sagt Fred Schulze, Werkleiter Audi Neckarsulm. Die neu in Neckarsulm verankerte Kompetenz f\u00fcr Hochvoltbatterien profitiert zudem von bereits vorhandener Expertise am Standort: Es werden Synergien mit dem Leichtbauzentrum geschaffen.<\/p>\n<p style=\"text-align: justify;\"><strong>Kompetenz der Mitarbeitenden als Schl\u00fcssel zum Erfolg der Elektromobilit\u00e4t<\/strong><\/p>\n<p style=\"text-align: justify;\">\u201eDer Beschluss, die Batterieentwicklung in Neckarsulm anzusiedeln, ist ein erster wichtiger Schritt, um den Besch\u00e4ftigten der Technischen Entwicklung am Standort eine zukunftssichere Perspektive auch nach dem Auslaufen des Verbrennungsmotors zu geben\u201c, sagt Rolf Klotz, Vorsitzender des Betriebsrats. \u201eAudi setzt damit auf die hohe Kompetenz der Audianer_innen in Neckarsulm, um die Zukunft der Elektromobilit\u00e4t erfolgreich zu gestalten.\u201c Seit Ende 2020 qualifiziert Audi kontinuierlich Mitarbeitende der Technischen Entwicklung Neckarsulm f\u00fcr den Bereich Hochvoltspeicher-Systeme, in den kommenden Jahren werden immer mehr Mitarbeitende in diesen Bereich transformiert. Um sich auf das Themenfeld zu spezialisieren, stehen den Audianer_innen der Technischen Entwicklung unterschiedliche Weiterbildungsm\u00f6glichkeiten zur Verf\u00fcgung.<\/p>\n<p style=\"text-align: justify;\">Das Bekenntnis von Audi zum Standort Neckarsulm spiegelt sich auch in mehreren Bauma\u00dfnahmen wider: So werden der Neubau eines Multifunktionsgeb\u00e4udes f\u00fcr die Technische Entwicklung Ende 2022 und die neue Lackiererei bis 2025 fertiggestellt. Ein Neubau der Montage ist bereits auf eine Mischfertigung sowie f\u00fcr k\u00fcnftige E-Modelle ausgerichtet. Der e-tron GT, Speerspitze der Marke auf dem Weg in die elektrische Zukunft, wird in den B\u00f6llinger H\u00f6fen gefertigt. Mit den Plug in-Hybriden und den Mild-Hybriden der Modelle A6, A7 und A8 sind die Kernbaureihen des Audi-Standorts schon heute elektrifiziert.<\/p>\n<p style=\"text-align: justify;\">Audi transformiert seine Standorte und stellen die Weichen f\u00fcr das Zeitalter der E-Mobilit\u00e4t<br \/>\nAudi hat mit der Strategie \u201eVorsprung 2030\u201c angek\u00fcndigt, neue Modelle ab 2026 ausschlie\u00dflich als Elektroautos auf den Weltmarkt zu bringen. Bis 2033 l\u00e4sst das Unternehmen die Produktion der Verbrenner auslaufen. Entsprechend transformiert Audi seine Standorte und die Mitarbeitenden: Seit 2017 wurden bereits rund 30.000 Audianer_innen f\u00fcr E-Mobilit\u00e4t weltweit qualifiziert.<\/p>\n<hr \/>\n<p style=\"text-align: justify;\">\n","protected":false},"excerpt":{"rendered":"<p>Oliver Hoffmann, Vorstand Technische Entwicklung: \u201eBauen Kompetenz bei strategisch wichtiger Komponente der E-Mobilit\u00e4t aus\u201c Technische Entwicklung wird Kompetenzzentrum f\u00fcr Hochvoltspeicher-Systeme Ansiedlung eines Batterietechnikums in Neckarsulm bis 2023 sowie Qualifikationsprogramme f\u00fcr Mitarbeitende Neckarsulm.| Audi baut die Entwicklung von Hochvoltbatterien aus und setzt daf\u00fcr auf den Standort Neckarsulm. Mit der strategischen Entscheidung wird die Technische Entwicklung f\u00fcr [&hellip;]<\/p>\n","protected":false},"author":4,"featured_media":161837,"comment_status":"closed","ping_status":"open","sticky":false,"template":"","format":"standard","meta":{"inline_featured_image":false,"_exactmetrics_skip_tracking":false,"_exactmetrics_sitenote_active":false,"_exactmetrics_sitenote_note":"","_exactmetrics_sitenote_category":0,"tdm_status":"","tdm_grid_status":"","footnotes":""},"categories":[59,479],"tags":[305,8875,344,11685,5,68],"class_list":{"0":"post-161836","1":"post","2":"type-post","3":"status-publish","4":"format-standard","5":"has-post-thumbnail","7":"category-aktuell","8":"category-wirtschaft","9":"tag-audi","10":"tag-die-webzeitung","11":"tag-entwicklung","12":"tag-hochvoltbatterie","13":"tag-internetzeitung","14":"tag-online-zeitung"},"image_feature":"https:\/\/die-webzeitung.de\/ludwigsburg\/wp-content\/uploads\/sites\/5\/2021\/10\/audibatt.jpg","author_name":"Redaktion","pure_taxonomies":{"categories":[{"term_id":59,"name":"Aktuell","slug":"aktuell","term_group":0,"term_taxonomy_id":60,"taxonomy":"category","description":"","parent":0,"count":1175,"filter":"raw","image":""},{"term_id":479,"name":"Wirtschaft","slug":"wirtschaft","term_group":0,"term_taxonomy_id":1941,"taxonomy":"category","description":"","parent":0,"count":392,"filter":"raw","image":""}],"tags":[{"term_id":305,"name":"Audi","slug":"audi","term_group":0,"term_taxonomy_id":311,"taxonomy":"post_tag","description":"","parent":0,"count":8,"filter":"raw","image":""},{"term_id":8875,"name":"Die-Webzeitung","slug":"die-webzeitung","term_group":0,"term_taxonomy_id":8876,"taxonomy":"post_tag","description":"","parent":0,"count":4257,"filter":"raw","image":""},{"term_id":344,"name":"Entwicklung","slug":"entwicklung","term_group":0,"term_taxonomy_id":350,"taxonomy":"post_tag","description":"","parent":0,"count":4,"filter":"raw","image":""},{"term_id":11685,"name":"Hochvoltbatterie","slug":"hochvoltbatterie","term_group":0,"term_taxonomy_id":11686,"taxonomy":"post_tag","description":"","parent":0,"count":1,"filter":"raw","image":""},{"term_id":5,"name":"Internetzeitung","slug":"internetzeitung","term_group":0,"term_taxonomy_id":5,"taxonomy":"post_tag","description":"","parent":0,"count":1533,"filter":"raw","image":""},{"term_id":68,"name":"Online-Zeitung","slug":"online-zeitung","term_group":0,"term_taxonomy_id":69,"taxonomy":"post_tag","description":"","parent":0,"count":4206,"filter":"raw","image":""}]},"_links":{"self":[{"href":"https:\/\/die-webzeitung.de\/ludwigsburg\/wp-json\/wp\/v2\/posts\/161836","targetHints":{"allow":["GET"]}}],"collection":[{"href":"https:\/\/die-webzeitung.de\/ludwigsburg\/wp-json\/wp\/v2\/posts"}],"about":[{"href":"https:\/\/die-webzeitung.de\/ludwigsburg\/wp-json\/wp\/v2\/types\/post"}],"author":[{"embeddable":true,"href":"https:\/\/die-webzeitung.de\/ludwigsburg\/wp-json\/wp\/v2\/users\/4"}],"replies":[{"embeddable":true,"href":"https:\/\/die-webzeitung.de\/ludwigsburg\/wp-json\/wp\/v2\/comments?post=161836"}],"version-history":[{"count":1,"href":"https:\/\/die-webzeitung.de\/ludwigsburg\/wp-json\/wp\/v2\/posts\/161836\/revisions"}],"predecessor-version":[{"id":161838,"href":"https:\/\/die-webzeitung.de\/ludwigsburg\/wp-json\/wp\/v2\/posts\/161836\/revisions\/161838"}],"wp:featuredmedia":[{"embeddable":true,"href":"https:\/\/die-webzeitung.de\/ludwigsburg\/wp-json\/wp\/v2\/media\/161837"}],"wp:attachment":[{"href":"https:\/\/die-webzeitung.de\/ludwigsburg\/wp-json\/wp\/v2\/media?parent=161836"}],"wp:term":[{"taxonomy":"category","embeddable":true,"href":"https:\/\/die-webzeitung.de\/ludwigsburg\/wp-json\/wp\/v2\/categories?post=161836"},{"taxonomy":"post_tag","embeddable":true,"href":"https:\/\/die-webzeitung.de\/ludwigsburg\/wp-json\/wp\/v2\/tags?post=161836"}],"curies":[{"name":"wp","href":"https:\/\/api.w.org\/{rel}","templated":true}]}}