{"id":161711,"date":"2021-10-16T16:11:21","date_gmt":"2021-10-16T15:11:21","guid":{"rendered":"https:\/\/die-webzeitung.de\/ludwigsburg\/?p=161711"},"modified":"2021-10-16T16:11:21","modified_gmt":"2021-10-16T15:11:21","slug":"sgv-zeigt-siegeswillen-und-gewinnt-gegen-den-freiburger-fc","status":"publish","type":"post","link":"https:\/\/die-webzeitung.de\/ludwigsburg\/2021\/10\/16\/sgv-zeigt-siegeswillen-und-gewinnt-gegen-den-freiburger-fc\/","title":{"rendered":"SGV zeigt Siegeswillen und gewinnt gegen den Freiburger FC"},"content":{"rendered":"<h5 style=\"text-align: justify;\"><strong>Freiberg machen sich das Leben selbst schwer<\/strong><\/h5>\n<p style=\"text-align: justify;\"><img loading=\"lazy\" decoding=\"async\" class=\"alignleft size-thumbnail wp-image-160113\" src=\"https:\/\/die-webzeitung.de\/ludwigsburg\/wp-content\/uploads\/sites\/5\/2021\/05\/SGV100-small.jpg\" alt=\"\" width=\"100\" height=\"128\" \/>Freigerg a. N.| Am Samstag trat der Tabellenvierzehnte Freiburger FC beim SGV Freiberg an, um einen Schritt aus den Abstiegstiefen zu machen. Doch die Gastgeber wollten da nicht so recht mitspielen. Bereits von Beginn an legte der Tabellenf\u00fchrer m\u00e4chtig los und erzielte bereits in der 3. Minute den F\u00fchrungstreffer. Ein konsequenter Angriff \u00fcber links brachte Jonatan Zinram in Schussposition, der fackelte nicht lange und brachte die Freiberger fr\u00fch in F\u00fchrung.<\/p>\n<p style=\"text-align: justify;\">Wer der Meinung war, dass sich nun ein torreiches Spiel entwickelt, der wurde eines Besseren belehrt. Nach der F\u00fchrung tat sich n\u00e4mlich nicht viel Erbauliches vor beiden Toren. Der Freiburger FC tat sich schwer und hatte wohl noch zu viel Respekt vor dem Gastgeber, und der SGV zeichnete sich durch zahlreiche unn\u00f6tige Ballverluste und Fehlp\u00e4sse aus. Man merkte der Mannschaft zusehends an dass ihr die vergangenen Wochen noch in den Knochen steckte. Hoffmann und Salz hatten mehrere glasklare Chancen die sie aber nicht in Tore umm\u00fcnzen konnten. Gr\u00fcttner setzte sich kurz vor der Halbzeitpause vor dem gegnerischen Strafraum durch und konnte nur durch ein Foul gestoppt werden. Den f\u00e4lligen Freisto\u00df setzte der auch heute wieder \u00fcberragende Hakan Kutlu knapp links unten am Tor vorbei.<\/p>\n<p style=\"text-align: justify;\">Als alle schon mit dem Pausenpfiff rechneten erzielten die G\u00e4ste dann doch den Ausgleichstreffer durch Martinelli. Dann ging es in die Pause.<\/p>\n<p style=\"text-align: justify;\">Beide Teams liefen unver\u00e4ndert zur zweiten H\u00e4lfte ein doch im Spiel \u00e4nderte sich nicht viel, au\u00dfer dass die Freiburger Spieler nun den Respekt abgelegt hatten und munter mitspielten. Trotzdem gab es auf beiden Seiten auch weiterhin viele Abspielfehler und ausgelassene Torchancen. SGV-Trainer Sbonias reagierte und brachte in der 61. Minute Berisha und S\u00f6kler f\u00fcr Kutlu und Zinram. Erst \u00e4nderte sich am Spiel nicht viel. Dann kam in der 70. Minute Klau\u00df f\u00fcr Rinaldi und die Freiberger wurden jetzt st\u00e4rker. Zwar gab es immer noch \u00fcberdurchschnittlich viele Fehlp\u00e4sse jedoch tauchten die Gastgeber nun immer h\u00e4ufiger vor dem Freiburger Tor auf. S\u00f6kler tauchte immer wieder vor dem FC-Strafraum auf und suchte seine Chance. In der 74. Minute dann ein strammer S\u00f6kler-Schuss den Keeper Schindler gerade noch entsch\u00e4rfen konnte, die nachfolgende Ecke brachte nichts ein.<\/p>\n<p style=\"text-align: justify;\">Beide Teams drehten jetzt voll auf, jeder wollte den 3-Punkte-Erfolg f\u00fcr sich. Als dann in der 84. Minute Mistl f\u00fcr Thermann kam wurde der Freiberger Druck noch versch\u00e4rft. Nur eine Minute nach dem Wechsel versenkte S\u00f6kler den Ball nach tollem Zuspiel von Berisha im gegnerischen Tor zum 2:1 Endstand und Freiberg war auf der Siegerstra\u00dfe.<\/p>\n<p style=\"text-align: justify;\">Insgesamt war der SGV Freiberg besser, agierte aber \u00fcber weite Strecken gl\u00fccklos. Die G\u00e4ste aus Freiburg hielten tapfer mit, hatten aber das kleine Qu\u00e4ntchen Gl\u00fcck weniger.<\/p>\n<p style=\"text-align: justify;\">In der Pressekonferenz \u00e4u\u00dferte sich Freiburgs Trainer entt\u00e4uscht \u00fcber die Niederlage. Man habe am Anfang wohl zu viel Respekt vor dem SGV gehabt, sei dann aber immer besser ins Spiel gekommen.<\/p>\n<p style=\"text-align: justify;\">SGV-Trainer Evangelos Sbonias: \u201eWir hatte ein zweigeteiltes Spiel. Das fr\u00fche Tor hat uns nicht gut getan, wir sind immer weniger ins Spiel gekommen, so wurde es schwierig. Dies war ein Zittersieg den wir \u00fcber den Willen errungen haben. Wir haben in den letzten Wochen sehr viel gearbeitet sodass einige Spieler auf dem Zahnfleisch gingen. Doch nun freuen wir uns \u00fcber den Sieg.\u201c<\/p>\n<p style=\"text-align: justify;\">Der SGV spielte mit: Sven Burkhard, Volkan Celiktas, Kevin Ikpide, Hakan Kutlu (61. Flamur Berisha), Marco Gr\u00fcttner, Jonathan Zinram (61. Marcel S\u00f6kler), Dominik Salz, Yannick Thermann (84. Christian Mistl), Lukas Hoffmann, Angelo Rinaldi (70. Michael Klau\u00df) und Azur Velagic<\/p>\n<hr \/>\n<p style=\"text-align: justify;\">\n","protected":false},"excerpt":{"rendered":"<p>Freiberg machen sich das Leben selbst schwer Freigerg a. N.| Am Samstag trat der Tabellenvierzehnte Freiburger FC beim SGV Freiberg an, um einen Schritt aus den Abstiegstiefen zu machen. Doch die Gastgeber wollten da nicht so recht mitspielen. Bereits von Beginn an legte der Tabellenf\u00fchrer m\u00e4chtig los und erzielte bereits in der 3. Minute den [&hellip;]<\/p>\n","protected":false},"author":4,"featured_media":0,"comment_status":"closed","ping_status":"open","sticky":false,"template":"","format":"standard","meta":{"inline_featured_image":false,"_exactmetrics_skip_tracking":false,"_exactmetrics_sitenote_active":false,"_exactmetrics_sitenote_note":"","_exactmetrics_sitenote_category":0,"tdm_status":"","tdm_grid_status":"","footnotes":""},"categories":[110],"tags":[8875,80,129,5,1080,68,9,119],"class_list":{"0":"post-161711","1":"post","2":"type-post","3":"status-publish","4":"format-standard","6":"category-sport","7":"tag-die-webzeitung","8":"tag-freiberger-seite","9":"tag-fusball","10":"tag-internetzeitung","11":"tag-oberliga","12":"tag-online-zeitung","13":"tag-schaumedia","14":"tag-sgv"},"image_feature":null,"author_name":"Redaktion","pure_taxonomies":{"categories":[{"term_id":110,"name":"Sport","slug":"sport","term_group":0,"term_taxonomy_id":112,"taxonomy":"category","description":"Sportberichte","parent":0,"count":1115,"filter":"raw","image":""}],"tags":[{"term_id":8875,"name":"Die-Webzeitung","slug":"die-webzeitung","term_group":0,"term_taxonomy_id":8876,"taxonomy":"post_tag","description":"","parent":0,"count":4257,"filter":"raw","image":""},{"term_id":80,"name":"Freiberg","slug":"freiberger-seite","term_group":0,"term_taxonomy_id":95,"taxonomy":"post_tag","description":"","parent":0,"count":122,"filter":"raw","image":""},{"term_id":129,"name":"Fu\u00dfball","slug":"fusball","term_group":0,"term_taxonomy_id":131,"taxonomy":"post_tag","description":"","parent":0,"count":189,"filter":"raw","image":""},{"term_id":5,"name":"Internetzeitung","slug":"internetzeitung","term_group":0,"term_taxonomy_id":5,"taxonomy":"post_tag","description":"","parent":0,"count":1533,"filter":"raw","image":""},{"term_id":1080,"name":"Oberliga","slug":"oberliga","term_group":0,"term_taxonomy_id":1089,"taxonomy":"post_tag","description":"","parent":0,"count":47,"filter":"raw","image":""},{"term_id":68,"name":"Online-Zeitung","slug":"online-zeitung","term_group":0,"term_taxonomy_id":69,"taxonomy":"post_tag","description":"","parent":0,"count":4206,"filter":"raw","image":""},{"term_id":9,"name":"SchauMedia","slug":"schaumedia","term_group":0,"term_taxonomy_id":9,"taxonomy":"post_tag","description":"","parent":0,"count":1582,"filter":"raw","image":""},{"term_id":119,"name":"SGV","slug":"sgv","term_group":0,"term_taxonomy_id":121,"taxonomy":"post_tag","description":"","parent":0,"count":81,"filter":"raw","image":""}]},"_links":{"self":[{"href":"https:\/\/die-webzeitung.de\/ludwigsburg\/wp-json\/wp\/v2\/posts\/161711","targetHints":{"allow":["GET"]}}],"collection":[{"href":"https:\/\/die-webzeitung.de\/ludwigsburg\/wp-json\/wp\/v2\/posts"}],"about":[{"href":"https:\/\/die-webzeitung.de\/ludwigsburg\/wp-json\/wp\/v2\/types\/post"}],"author":[{"embeddable":true,"href":"https:\/\/die-webzeitung.de\/ludwigsburg\/wp-json\/wp\/v2\/users\/4"}],"replies":[{"embeddable":true,"href":"https:\/\/die-webzeitung.de\/ludwigsburg\/wp-json\/wp\/v2\/comments?post=161711"}],"version-history":[{"count":1,"href":"https:\/\/die-webzeitung.de\/ludwigsburg\/wp-json\/wp\/v2\/posts\/161711\/revisions"}],"predecessor-version":[{"id":161712,"href":"https:\/\/die-webzeitung.de\/ludwigsburg\/wp-json\/wp\/v2\/posts\/161711\/revisions\/161712"}],"wp:attachment":[{"href":"https:\/\/die-webzeitung.de\/ludwigsburg\/wp-json\/wp\/v2\/media?parent=161711"}],"wp:term":[{"taxonomy":"category","embeddable":true,"href":"https:\/\/die-webzeitung.de\/ludwigsburg\/wp-json\/wp\/v2\/categories?post=161711"},{"taxonomy":"post_tag","embeddable":true,"href":"https:\/\/die-webzeitung.de\/ludwigsburg\/wp-json\/wp\/v2\/tags?post=161711"}],"curies":[{"name":"wp","href":"https:\/\/api.w.org\/{rel}","templated":true}]}}