{"id":160966,"date":"2021-08-26T13:26:33","date_gmt":"2021-08-26T12:26:33","guid":{"rendered":"https:\/\/die-webzeitung.de\/ludwigsburg\/?p=160966"},"modified":"2021-08-26T13:26:33","modified_gmt":"2021-08-26T12:26:33","slug":"trumpf-eroeffnet-hauptstadtbuero","status":"publish","type":"post","link":"https:\/\/die-webzeitung.de\/ludwigsburg\/2021\/08\/26\/trumpf-eroeffnet-hauptstadtbuero\/","title":{"rendered":"TRUMPF er\u00f6ffnet Hauptstadtb\u00fcro"},"content":{"rendered":"<p style=\"text-align: justify;\">Ditzingen.| Der Maschinenbauer und Laserspezialist TRUMPF (14.700 Mitarbeiter, Jahresumsatz 3,5 Mrd. Euro) verst\u00e4rkt seine politische Arbeit und ernennt Dr. Andreas M\u00f6ller (47) zum Bevollm\u00e4chtigten der Gruppengesch\u00e4ftsf\u00fchrung f\u00fcr Au\u00dfenbeziehungen. Er berichtet an die Vorsitzende der Gruppengesch\u00e4ftsf\u00fchrung, Dr. Nicola Leibinger-Kamm\u00fcller. M\u00f6ller ist seit 2015 Leiter des Zentralbereichs Unternehmenskommunikation, Politik und Marke. Er wird von Ditzingen und Berlin aus arbeiten. TRUMPF er\u00f6ffnet in diesem Zuge ein Hauptstadtb\u00fcro.<\/p>\n<p style=\"text-align: justify;\">\u201eWir nehmen die Bundestagswahlen zum zeitlichen Anlass, ein neues Kapitel in unserer politischen Kommunikation aufzuschlagen\u201c, so TRUMPF Chefin Nicola Leibinger-Kamm\u00fcller. \u201eVon der Umsetzung der Nachhaltigkeitsziele bis zu den Rahmenbedingungen f\u00fcr Innovationen m\u00f6chten wir st\u00e4rkere Akzente setzen.\u201c<\/p>\n<p style=\"text-align: justify;\">Andreas M\u00f6ller arbeitete seit 1999 als Journalist f\u00fcr das Deutschlandradio in Berlin. 2005 er\u00f6ffnete er das Hauptstadtb\u00fcro von acatech \u2013 Deutsche Akademie der Technikwissenschaften. 2012 baute er die Berliner Repr\u00e4sentanz des Kupferherstellers Aurubis auf und leitete die Public Affairs. 2015 wechselte er als Kommunikationschef zu TRUMPF.<\/p>\n<hr \/>\n<p style=\"text-align: justify;\">\n","protected":false},"excerpt":{"rendered":"<p>Ditzingen.| Der Maschinenbauer und Laserspezialist TRUMPF (14.700 Mitarbeiter, Jahresumsatz 3,5 Mrd. Euro) verst\u00e4rkt seine politische Arbeit und ernennt Dr. Andreas M\u00f6ller (47) zum Bevollm\u00e4chtigten der Gruppengesch\u00e4ftsf\u00fchrung f\u00fcr Au\u00dfenbeziehungen. Er berichtet an die Vorsitzende der Gruppengesch\u00e4ftsf\u00fchrung, Dr. Nicola Leibinger-Kamm\u00fcller. M\u00f6ller ist seit 2015 Leiter des Zentralbereichs Unternehmenskommunikation, Politik und Marke. Er wird von Ditzingen und Berlin [&hellip;]<\/p>\n","protected":false},"author":4,"featured_media":0,"comment_status":"closed","ping_status":"open","sticky":false,"template":"","format":"standard","meta":{"inline_featured_image":false,"_exactmetrics_skip_tracking":false,"_exactmetrics_sitenote_active":false,"_exactmetrics_sitenote_note":"","_exactmetrics_sitenote_category":0,"tdm_status":"","tdm_grid_status":"","footnotes":""},"categories":[479],"tags":[8875,8327,11609,5,68,9,9538],"class_list":{"0":"post-160966","1":"post","2":"type-post","3":"status-publish","4":"format-standard","6":"category-wirtschaft","7":"tag-die-webzeitung","8":"tag-ditzingen","9":"tag-hauptstadtbuero","10":"tag-internetzeitung","11":"tag-online-zeitung","12":"tag-schaumedia","13":"tag-trumpf"},"image_feature":null,"author_name":"Redaktion","pure_taxonomies":{"categories":[{"term_id":479,"name":"Wirtschaft","slug":"wirtschaft","term_group":0,"term_taxonomy_id":1941,"taxonomy":"category","description":"","parent":0,"count":392,"filter":"raw","image":""}],"tags":[{"term_id":8875,"name":"Die-Webzeitung","slug":"die-webzeitung","term_group":0,"term_taxonomy_id":8876,"taxonomy":"post_tag","description":"","parent":0,"count":4257,"filter":"raw","image":""},{"term_id":8327,"name":"Ditzingen","slug":"ditzingen","term_group":0,"term_taxonomy_id":116,"taxonomy":"post_tag","description":"","parent":0,"count":26,"filter":"raw","image":""},{"term_id":11609,"name":"Hauptstadtb\u00fcro","slug":"hauptstadtbuero","term_group":0,"term_taxonomy_id":11610,"taxonomy":"post_tag","description":"","parent":0,"count":1,"filter":"raw","image":""},{"term_id":5,"name":"Internetzeitung","slug":"internetzeitung","term_group":0,"term_taxonomy_id":5,"taxonomy":"post_tag","description":"","parent":0,"count":1533,"filter":"raw","image":""},{"term_id":68,"name":"Online-Zeitung","slug":"online-zeitung","term_group":0,"term_taxonomy_id":69,"taxonomy":"post_tag","description":"","parent":0,"count":4206,"filter":"raw","image":""},{"term_id":9,"name":"SchauMedia","slug":"schaumedia","term_group":0,"term_taxonomy_id":9,"taxonomy":"post_tag","description":"","parent":0,"count":1582,"filter":"raw","image":""},{"term_id":9538,"name":"Trumpf","slug":"trumpf","term_group":0,"term_taxonomy_id":9539,"taxonomy":"post_tag","description":"","parent":0,"count":15,"filter":"raw","image":""}]},"_links":{"self":[{"href":"https:\/\/die-webzeitung.de\/ludwigsburg\/wp-json\/wp\/v2\/posts\/160966","targetHints":{"allow":["GET"]}}],"collection":[{"href":"https:\/\/die-webzeitung.de\/ludwigsburg\/wp-json\/wp\/v2\/posts"}],"about":[{"href":"https:\/\/die-webzeitung.de\/ludwigsburg\/wp-json\/wp\/v2\/types\/post"}],"author":[{"embeddable":true,"href":"https:\/\/die-webzeitung.de\/ludwigsburg\/wp-json\/wp\/v2\/users\/4"}],"replies":[{"embeddable":true,"href":"https:\/\/die-webzeitung.de\/ludwigsburg\/wp-json\/wp\/v2\/comments?post=160966"}],"version-history":[{"count":2,"href":"https:\/\/die-webzeitung.de\/ludwigsburg\/wp-json\/wp\/v2\/posts\/160966\/revisions"}],"predecessor-version":[{"id":160968,"href":"https:\/\/die-webzeitung.de\/ludwigsburg\/wp-json\/wp\/v2\/posts\/160966\/revisions\/160968"}],"wp:attachment":[{"href":"https:\/\/die-webzeitung.de\/ludwigsburg\/wp-json\/wp\/v2\/media?parent=160966"}],"wp:term":[{"taxonomy":"category","embeddable":true,"href":"https:\/\/die-webzeitung.de\/ludwigsburg\/wp-json\/wp\/v2\/categories?post=160966"},{"taxonomy":"post_tag","embeddable":true,"href":"https:\/\/die-webzeitung.de\/ludwigsburg\/wp-json\/wp\/v2\/tags?post=160966"}],"curies":[{"name":"wp","href":"https:\/\/api.w.org\/{rel}","templated":true}]}}