{"id":160856,"date":"2021-08-15T10:50:45","date_gmt":"2021-08-15T09:50:45","guid":{"rendered":"https:\/\/die-webzeitung.de\/ludwigsburg\/?p=160856"},"modified":"2021-08-15T10:50:45","modified_gmt":"2021-08-15T09:50:45","slug":"bronze-dass-sich-wie-gold-anfuehlt","status":"publish","type":"post","link":"https:\/\/die-webzeitung.de\/ludwigsburg\/2021\/08\/15\/bronze-dass-sich-wie-gold-anfuehlt\/","title":{"rendered":"Bronze, dass sich wie Gold anf\u00fchlt"},"content":{"rendered":"<p style=\"text-align: justify;\"><strong>Das Nationalteam Karla Borger\/Julia Sude hat sich nach dem entt\u00e4uschenden Abschneiden bei den Olympischen Spielen in Tokio auf einen bunten Ausflug zu den Europameisterschaften nach Wien begeben. Der Spa\u00df am Beachvolleyball sollte im Sand des herrlichen CenterCourts am Heumarkt wieder gefunden werden. Das Projekt gelang: Am Ende baumelte die Bronzemedaille um den Hals.<\/strong><\/p>\n<p style=\"text-align: justify;\">Wien (tob).| Riesenrad, statt Hamsterrad mit extra Trainingseinheiten \u2013 mit diesem Ansatz sind Karla Borger und Julia Sude an das Projekt Europameisterschaften gegangen. Der Spa\u00df am Beachvolleyball, der irgendwo im Sand des Shiokaze Parks in Tokio verbuddelt wurde, sollte wieder gefunden werden. Durch freies \u201eZocken\u201c, durch das Einbringen ihrer langj\u00e4hrigen Erfahrungen und nicht im Rahmen von taktischen Strategien oder einengenden Anweisungen.<\/p>\n<p style=\"text-align: justify;\">Ein Besuch des Praters, ein handwerkliches Erlebnis in einer Porzellanmanufaktur, oder ein gem\u00fctliches Abendessen gemeinsam mit Mentalcoach Nadine Volkmer waren wichtiger, als Trainingseinheiten zu absolvieren.<\/p>\n<p style=\"text-align: justify;\">Aus dem fernen Kroatien unterst\u00fctzte der ehemalige Ball-Trainer Josip Pribanic per Video-Schalte mit den offensichtlich richtigen Analysen der jeweiligen Gegnerinnen.<\/p>\n<p style=\"text-align: justify;\">\u201eWir hatten hier viel Spa\u00df, auf dem Court und auch abseits des Spielfelds. Unser eigenes Konzept ging auf, wir k\u00f6nnen stolz auf uns sein. Und sind es\u201c, sagte Karla Borger gleich nach dem am Ende doch \u00fcberzeugenden Tiebreak-Sieg (14:21, 21:17, 15:8) im kleinen Finale \u00fcber die Lettinnen Tina Graudina\/Anastasija Kravcenoka.<\/p>\n<p style=\"text-align: justify;\">Der Einzug ins Finale wurde nur \u00e4u\u00dferst knapp verpasst, nachdem sich die Schweizerinnen Nina Betschart und Tanja H\u00fcberli mit 2:1 (21:9, 22:24, 16:14) im Tiebreak durchsetzten.<br \/>\nfLogisch, dass dann drei Stunden sp\u00e4ter f\u00fcr ein kleines Finale unheimlich viel Energie aufgebracht werden musste. Doch dies gelang.<\/p>\n<p style=\"text-align: justify;\">\u201eOh, wie haben wir die Zuschauer vermisst. Und hier in Wien mit seinem speziellen Publikum war so eine Riesenstimmung. Das hat uns sehr gut getan\u201c, sagte Julia Sude und Karla Borger erg\u00e4nzte: \u201eDas ist echt \u00fcberw\u00e4ltigend, dieser Grundpegel an Lautst\u00e4rke. Man muss pl\u00f6tzlich wieder schreien. Megageil, wieder vor Zuschauern zu spielen. Und wie sie jeden langen Ballwechsel feiern.\u201c<\/p>\n<p style=\"text-align: justify;\">Nicht nur unb\u00e4ndige Freude bringt diese Medaille, die um den Hals baumelt, sondern auch eine gro\u00dfe emotionale Ladung, denn nat\u00fcrlich waren beide mit ihrem Auftritt bei den Olympischen Spielen in Tokio nicht zufrieden. \u201eAber wir haben uns wenige Tage sp\u00e4ter gemeinsam hingesetzt und gesagt, das bringt jetzt auch nichts, l\u00e4nger Tr\u00fcbsal zu blasen. Wien ist immer ein geiles Turnier, da fahren wir jetzt hin und werden unseren Spa\u00df am Beachvolleyball wieder finden\u201c, sagte Julia Sude.<\/p>\n<p style=\"text-align: justify;\">\u201eIch war schon lange nicht mehr so sehr down nach einem verlorenen Halbfinale\u201c, meinte Karla Borger. \u201eDeshalb bedeutet uns die Medaille sehr sehr viel, auch emotional. Schlie\u00dflich ist uns unser Trainer vor Ende der internationalen Saison abgesprungen. Aber wir sind beide so erfahren, dass dies offensichtlich kein Hindernis f\u00fcr uns war. Und jetzt sind wir einfach nur erleichtert.\u201c<\/p>\n<hr \/>\n<p style=\"text-align: justify;\">\n","protected":false},"excerpt":{"rendered":"<p>Das Nationalteam Karla Borger\/Julia Sude hat sich nach dem entt\u00e4uschenden Abschneiden bei den Olympischen Spielen in Tokio auf einen bunten Ausflug zu den Europameisterschaften nach Wien begeben. Der Spa\u00df am Beachvolleyball sollte im Sand des herrlichen CenterCourts am Heumarkt wieder gefunden werden. Das Projekt gelang: Am Ende baumelte die Bronzemedaille um den Hals. Wien (tob).| [&hellip;]<\/p>\n","protected":false},"author":4,"featured_media":0,"comment_status":"closed","ping_status":"open","sticky":false,"template":"","format":"standard","meta":{"inline_featured_image":false,"_exactmetrics_skip_tracking":false,"_exactmetrics_sitenote_active":false,"_exactmetrics_sitenote_note":"","_exactmetrics_sitenote_category":0,"tdm_status":"","tdm_grid_status":"","footnotes":""},"categories":[110],"tags":[9418,8875,5,68],"class_list":{"0":"post-160856","1":"post","2":"type-post","3":"status-publish","4":"format-standard","6":"category-sport","7":"tag-beach-volleyball","8":"tag-die-webzeitung","9":"tag-internetzeitung","10":"tag-online-zeitung"},"image_feature":null,"author_name":"Redaktion","pure_taxonomies":{"categories":[{"term_id":110,"name":"Sport","slug":"sport","term_group":0,"term_taxonomy_id":112,"taxonomy":"category","description":"Sportberichte","parent":0,"count":1115,"filter":"raw","image":""}],"tags":[{"term_id":9418,"name":"Beach-Volleyball","slug":"beach-volleyball","term_group":0,"term_taxonomy_id":9419,"taxonomy":"post_tag","description":"","parent":0,"count":6,"filter":"raw","image":""},{"term_id":8875,"name":"Die-Webzeitung","slug":"die-webzeitung","term_group":0,"term_taxonomy_id":8876,"taxonomy":"post_tag","description":"","parent":0,"count":4257,"filter":"raw","image":""},{"term_id":5,"name":"Internetzeitung","slug":"internetzeitung","term_group":0,"term_taxonomy_id":5,"taxonomy":"post_tag","description":"","parent":0,"count":1533,"filter":"raw","image":""},{"term_id":68,"name":"Online-Zeitung","slug":"online-zeitung","term_group":0,"term_taxonomy_id":69,"taxonomy":"post_tag","description":"","parent":0,"count":4206,"filter":"raw","image":""}]},"_links":{"self":[{"href":"https:\/\/die-webzeitung.de\/ludwigsburg\/wp-json\/wp\/v2\/posts\/160856","targetHints":{"allow":["GET"]}}],"collection":[{"href":"https:\/\/die-webzeitung.de\/ludwigsburg\/wp-json\/wp\/v2\/posts"}],"about":[{"href":"https:\/\/die-webzeitung.de\/ludwigsburg\/wp-json\/wp\/v2\/types\/post"}],"author":[{"embeddable":true,"href":"https:\/\/die-webzeitung.de\/ludwigsburg\/wp-json\/wp\/v2\/users\/4"}],"replies":[{"embeddable":true,"href":"https:\/\/die-webzeitung.de\/ludwigsburg\/wp-json\/wp\/v2\/comments?post=160856"}],"version-history":[{"count":2,"href":"https:\/\/die-webzeitung.de\/ludwigsburg\/wp-json\/wp\/v2\/posts\/160856\/revisions"}],"predecessor-version":[{"id":160858,"href":"https:\/\/die-webzeitung.de\/ludwigsburg\/wp-json\/wp\/v2\/posts\/160856\/revisions\/160858"}],"wp:attachment":[{"href":"https:\/\/die-webzeitung.de\/ludwigsburg\/wp-json\/wp\/v2\/media?parent=160856"}],"wp:term":[{"taxonomy":"category","embeddable":true,"href":"https:\/\/die-webzeitung.de\/ludwigsburg\/wp-json\/wp\/v2\/categories?post=160856"},{"taxonomy":"post_tag","embeddable":true,"href":"https:\/\/die-webzeitung.de\/ludwigsburg\/wp-json\/wp\/v2\/tags?post=160856"}],"curies":[{"name":"wp","href":"https:\/\/api.w.org\/{rel}","templated":true}]}}