{"id":160784,"date":"2021-08-09T15:05:53","date_gmt":"2021-08-09T14:05:53","guid":{"rendered":"https:\/\/die-webzeitung.de\/ludwigsburg\/?p=160784"},"modified":"2021-08-09T15:05:53","modified_gmt":"2021-08-09T14:05:53","slug":"svl-gewinnt-regionalliga-rennen","status":"publish","type":"post","link":"https:\/\/die-webzeitung.de\/ludwigsburg\/2021\/08\/09\/svl-gewinnt-regionalliga-rennen\/","title":{"rendered":"SVL gewinnt Regionalliga-Rennen"},"content":{"rendered":"<h5 style=\"text-align: justify;\"><strong>Triathleten in Ludwigsburg ganz vorne<\/strong><\/h5>\n<p style=\"text-align: justify;\"><img loading=\"lazy\" decoding=\"async\" class=\"alignleft size-thumbnail wp-image-158196\" src=\"https:\/\/die-webzeitung.de\/ludwigsburg\/wp-content\/uploads\/sites\/5\/2020\/12\/svl-small.png\" alt=\"\" width=\"150\" height=\"150\" srcset=\"https:\/\/die-webzeitung.de\/ludwigsburg\/wp-content\/uploads\/sites\/5\/2020\/12\/svl-small.png 150w, https:\/\/die-webzeitung.de\/ludwigsburg\/wp-content\/uploads\/sites\/5\/2020\/12\/svl-medium.png 300w, https:\/\/die-webzeitung.de\/ludwigsburg\/wp-content\/uploads\/sites\/5\/2020\/12\/svl.png 600w, https:\/\/die-webzeitung.de\/ludwigsburg\/wp-content\/uploads\/sites\/5\/2020\/12\/svl-420x420.png 420w\" sizes=\"auto, (max-width: 150px) 100vw, 150px\" \/>Ludwigsburg.| Gro\u00dfer Erfolg f\u00fcr die SVL-Triathleten: Die erste Mannschaft gewinnt das Regionalliga-Rennen in Ludwigsburg. Uli Bauer organisiert den Wettbewerb, startet selbst und wird am Wettkampftag zum zweiten Mal Papa. Ein dreifacher Gl\u00fcckwunsch.<\/p>\n<p style=\"text-align: justify;\">Der Schl\u00fcssel zum tollen Erfolg war eine konstante Teamleistung. Vier SVL-Athleten\u00a0sind beim Wettbewerb weit vorne gelandet. \u201eEcht super\u201c, sagt Fabian Knobelspies. Der Hawaii-Ironman-Starter von SV Ludwigsburg, sowie die Zwillingsbr\u00fcder Lasse und Nils Friedrichs konnten ihre St\u00e4rke im Schwimmen optimal ausspielen.<\/p>\n<p style=\"text-align: justify;\">Sven Heinle hat sich dann noch mit einem starken 5000-Meter-Lauf in die Spitzengruppe geschoben &#8211; und so das top Ergebnis der Ludwigsburger abgerundet. Das super Resultat ist auch deshalb bemerkenswert, weil sowohl Cornelius Theus (Startpass-Probleme) als auch Sebastian Schober (Trainingslager) gar nicht angetreten sind.<\/p>\n<p style=\"text-align: justify;\">Uli Bauer hatte den Corona-bedingt ungew\u00f6hnlichen Swim-and-Run Wettbewerb, der f\u00fcr die Baden-W\u00fcrttemberg-<wbr \/>Regionalligawertung z\u00e4hlt, f\u00fcr den SVL organisiert. Geschwommen wurde im Freibad Hoheneck, gerannt in Ludwigsburger Station. Alles lief\u00a0richtig glatt, sagt Fabian. Gut 50 Sportler waren am Start. Ulis Leistung als Organisationschef und als Starter in der zweiten SVL-Mannschaft ist\u00a0auch deshalb bewundernswert, weil er am Wettkampftag zum zweiten Mal Papa wurde.<\/p>\n<p style=\"text-align: justify;\">Die Einzel- und Teamergebnisse zum Nachlesen finden Sie auf der <a href=\"https:\/\/baden-wuerttembergischer-triathlonverband.de\/termine\/ergebnisse_2021\/\" target=\"_blank\" rel=\"noopener\" data-saferedirecturl=\"https:\/\/www.google.com\/url?q=https:\/\/baden-wuerttembergischer-triathlonverband.de\/termine\/ergebnisse_2021\/&amp;source=gmail&amp;ust=1628601864584000&amp;usg=AFQjCNGNRgAEjzlLW47zjX0WwbcBKv8nig\">Seite des BWTV<\/a>\u00a0.<\/p>\n<hr \/>\n<p style=\"text-align: justify;\">\n","protected":false},"excerpt":{"rendered":"<p>Triathleten in Ludwigsburg ganz vorne Ludwigsburg.| Gro\u00dfer Erfolg f\u00fcr die SVL-Triathleten: Die erste Mannschaft gewinnt das Regionalliga-Rennen in Ludwigsburg. Uli Bauer organisiert den Wettbewerb, startet selbst und wird am Wettkampftag zum zweiten Mal Papa. Ein dreifacher Gl\u00fcckwunsch. Der Schl\u00fcssel zum tollen Erfolg war eine konstante Teamleistung. Vier SVL-Athleten\u00a0sind beim Wettbewerb weit vorne gelandet. \u201eEcht super\u201c, [&hellip;]<\/p>\n","protected":false},"author":4,"featured_media":0,"comment_status":"closed","ping_status":"open","sticky":false,"template":"","format":"standard","meta":{"inline_featured_image":false,"_exactmetrics_skip_tracking":false,"_exactmetrics_sitenote_active":false,"_exactmetrics_sitenote_note":"","_exactmetrics_sitenote_category":0,"tdm_status":"","tdm_grid_status":"","footnotes":""},"categories":[110],"tags":[8875,5,6,68,2636,11597],"class_list":{"0":"post-160784","1":"post","2":"type-post","3":"status-publish","4":"format-standard","6":"category-sport","7":"tag-die-webzeitung","8":"tag-internetzeitung","9":"tag-ludwigsburg","10":"tag-online-zeitung","11":"tag-svl","12":"tag-trianthlon"},"image_feature":null,"author_name":"Redaktion","pure_taxonomies":{"categories":[{"term_id":110,"name":"Sport","slug":"sport","term_group":0,"term_taxonomy_id":112,"taxonomy":"category","description":"Sportberichte","parent":0,"count":1115,"filter":"raw","image":""}],"tags":[{"term_id":8875,"name":"Die-Webzeitung","slug":"die-webzeitung","term_group":0,"term_taxonomy_id":8876,"taxonomy":"post_tag","description":"","parent":0,"count":4257,"filter":"raw","image":""},{"term_id":5,"name":"Internetzeitung","slug":"internetzeitung","term_group":0,"term_taxonomy_id":5,"taxonomy":"post_tag","description":"","parent":0,"count":1533,"filter":"raw","image":""},{"term_id":6,"name":"Ludwigsburg","slug":"ludwigsburg","term_group":0,"term_taxonomy_id":6,"taxonomy":"post_tag","description":"","parent":0,"count":1353,"filter":"raw","image":""},{"term_id":68,"name":"Online-Zeitung","slug":"online-zeitung","term_group":0,"term_taxonomy_id":69,"taxonomy":"post_tag","description":"","parent":0,"count":4206,"filter":"raw","image":""},{"term_id":2636,"name":"SVL","slug":"svl","term_group":0,"term_taxonomy_id":2649,"taxonomy":"post_tag","description":"","parent":0,"count":166,"filter":"raw","image":""},{"term_id":11597,"name":"Trianthlon","slug":"trianthlon","term_group":0,"term_taxonomy_id":11598,"taxonomy":"post_tag","description":"","parent":0,"count":1,"filter":"raw","image":""}]},"_links":{"self":[{"href":"https:\/\/die-webzeitung.de\/ludwigsburg\/wp-json\/wp\/v2\/posts\/160784","targetHints":{"allow":["GET"]}}],"collection":[{"href":"https:\/\/die-webzeitung.de\/ludwigsburg\/wp-json\/wp\/v2\/posts"}],"about":[{"href":"https:\/\/die-webzeitung.de\/ludwigsburg\/wp-json\/wp\/v2\/types\/post"}],"author":[{"embeddable":true,"href":"https:\/\/die-webzeitung.de\/ludwigsburg\/wp-json\/wp\/v2\/users\/4"}],"replies":[{"embeddable":true,"href":"https:\/\/die-webzeitung.de\/ludwigsburg\/wp-json\/wp\/v2\/comments?post=160784"}],"version-history":[{"count":2,"href":"https:\/\/die-webzeitung.de\/ludwigsburg\/wp-json\/wp\/v2\/posts\/160784\/revisions"}],"predecessor-version":[{"id":160786,"href":"https:\/\/die-webzeitung.de\/ludwigsburg\/wp-json\/wp\/v2\/posts\/160784\/revisions\/160786"}],"wp:attachment":[{"href":"https:\/\/die-webzeitung.de\/ludwigsburg\/wp-json\/wp\/v2\/media?parent=160784"}],"wp:term":[{"taxonomy":"category","embeddable":true,"href":"https:\/\/die-webzeitung.de\/ludwigsburg\/wp-json\/wp\/v2\/categories?post=160784"},{"taxonomy":"post_tag","embeddable":true,"href":"https:\/\/die-webzeitung.de\/ludwigsburg\/wp-json\/wp\/v2\/tags?post=160784"}],"curies":[{"name":"wp","href":"https:\/\/api.w.org\/{rel}","templated":true}]}}