{"id":160640,"date":"2021-07-05T13:32:43","date_gmt":"2021-07-05T12:32:43","guid":{"rendered":"https:\/\/die-webzeitung.de\/ludwigsburg\/?p=160640"},"modified":"2021-07-05T13:32:43","modified_gmt":"2021-07-05T12:32:43","slug":"ww-gruppe-erhaelt-auszeichnung","status":"publish","type":"post","link":"https:\/\/die-webzeitung.de\/ludwigsburg\/2021\/07\/05\/ww-gruppe-erhaelt-auszeichnung\/","title":{"rendered":"W&#038;W-Gruppe erh\u00e4lt Auszeichnung"},"content":{"rendered":"<h5 style=\"text-align: justify;\"><strong>Studie \u201eDeutschlands beste Ausbildungsbetriebe\u201c<\/strong><\/h5>\n<p style=\"text-align: justify;\">Die W\u00fcstenrot &amp; W\u00fcrttembergische-Gruppe (W&amp;W) hat k\u00fcrzlich die Auszeichnung \u201eDeutschlands beste Ausbildungsbetriebe\u201c erhalten. Im Auftrag von Deutschland Test und dem Wirtschaftsmagazin Focus-Money hat das Institut f\u00fcr Management- und Wirtschaftsforschung eine Studie mit den 20.000 mitarbeiterst\u00e4rksten Unternehmen in Deutschland durchgef\u00fchrt. Unternehmen mit einem Score von mindestens 50 erhielten die Auszeichnung. Die W&amp;W-Gruppe erreichte die volle Punktzahl von 100.<\/p>\n<p style=\"text-align: justify;\">F\u00fcr die Studie bekamen die teilnehmenden Unternehmen einen Fragebogen mit vier Themenbl\u00f6cken: strukturelle Daten, Ausbildungsentlohnung, Ausbildungserfolg sowie Zusatzangebote. Dar\u00fcber hinaus erfolgte eine Auswertung verschiedener Internet-Quellen \u00fcber Social Listening, also die Bewertung von Erw\u00e4hnungen und Konversationen im Zusammenhang mit dem Unternehmen im Web oder auf Social Media. Das Gesamtergebnis ergab sich aus der Social Listening-Auswertung und dem Fragebogen. Insgesamt wurden rund 800 Firmen ausgezeichnet.<\/p>\n<p style=\"text-align: justify;\">Sina Gerullis-Hermann, Leiterin Ausbildung bei der W&amp;W: \u201eWir sind sehr stolz darauf, dass wir w\u00e4hrend der Corona-Pandemie auch in der Ausbildung keine Kurzarbeit hatten und unsere Ausbildungszahlen aufrecht erhalten konnten. Au\u00dferdem haben wir es geschafft, den Ausbildungsbetrieb in k\u00fcrzester Zeit ins Home-Office zu verlagern. Daher freue ich mich sehr, dass wir auch in diesem Jahr mit dem Siegel `Deutschlands beste Ausbildungsbetriebe\u00b4 ausgezeichnet wurden.\u201c<\/p>\n<hr \/>\n<p style=\"text-align: justify;\">\n","protected":false},"excerpt":{"rendered":"<p>Studie \u201eDeutschlands beste Ausbildungsbetriebe\u201c Die W\u00fcstenrot &amp; W\u00fcrttembergische-Gruppe (W&amp;W) hat k\u00fcrzlich die Auszeichnung \u201eDeutschlands beste Ausbildungsbetriebe\u201c erhalten. Im Auftrag von Deutschland Test und dem Wirtschaftsmagazin Focus-Money hat das Institut f\u00fcr Management- und Wirtschaftsforschung eine Studie mit den 20.000 mitarbeiterst\u00e4rksten Unternehmen in Deutschland durchgef\u00fchrt. Unternehmen mit einem Score von mindestens 50 erhielten die Auszeichnung. Die W&amp;W-Gruppe [&hellip;]<\/p>\n","protected":false},"author":4,"featured_media":0,"comment_status":"closed","ping_status":"open","sticky":false,"template":"","format":"standard","meta":{"inline_featured_image":false,"_exactmetrics_skip_tracking":false,"_exactmetrics_sitenote_active":false,"_exactmetrics_sitenote_note":"","_exactmetrics_sitenote_category":0,"tdm_status":"","tdm_grid_status":"","footnotes":""},"categories":[479],"tags":[9856,828,8875,5,68,9,1442,18,19],"class_list":{"0":"post-160640","1":"post","2":"type-post","3":"status-publish","4":"format-standard","6":"category-wirtschaft","7":"tag-ausbildungsbetrieb","8":"tag-auszeichnung","9":"tag-die-webzeitung","10":"tag-internetzeitung","11":"tag-online-zeitung","12":"tag-schaumedia","13":"tag-ww","14":"tag-wurttembergische","15":"tag-wustenrot"},"image_feature":null,"author_name":"Redaktion","pure_taxonomies":{"categories":[{"term_id":479,"name":"Wirtschaft","slug":"wirtschaft","term_group":0,"term_taxonomy_id":1941,"taxonomy":"category","description":"","parent":0,"count":392,"filter":"raw","image":""}],"tags":[{"term_id":9856,"name":"Ausbildungsbetrieb","slug":"ausbildungsbetrieb","term_group":0,"term_taxonomy_id":9857,"taxonomy":"post_tag","description":"","parent":0,"count":1,"filter":"raw","image":""},{"term_id":828,"name":"Auszeichnung","slug":"auszeichnung","term_group":0,"term_taxonomy_id":837,"taxonomy":"post_tag","description":"","parent":0,"count":15,"filter":"raw","image":""},{"term_id":8875,"name":"Die-Webzeitung","slug":"die-webzeitung","term_group":0,"term_taxonomy_id":8876,"taxonomy":"post_tag","description":"","parent":0,"count":4257,"filter":"raw","image":""},{"term_id":5,"name":"Internetzeitung","slug":"internetzeitung","term_group":0,"term_taxonomy_id":5,"taxonomy":"post_tag","description":"","parent":0,"count":1533,"filter":"raw","image":""},{"term_id":68,"name":"Online-Zeitung","slug":"online-zeitung","term_group":0,"term_taxonomy_id":69,"taxonomy":"post_tag","description":"","parent":0,"count":4206,"filter":"raw","image":""},{"term_id":9,"name":"SchauMedia","slug":"schaumedia","term_group":0,"term_taxonomy_id":9,"taxonomy":"post_tag","description":"","parent":0,"count":1582,"filter":"raw","image":""},{"term_id":1442,"name":"W&amp;W","slug":"ww","term_group":0,"term_taxonomy_id":1451,"taxonomy":"post_tag","description":"","parent":0,"count":85,"filter":"raw","image":""},{"term_id":18,"name":"W\u00fcrttembergische","slug":"wurttembergische","term_group":0,"term_taxonomy_id":18,"taxonomy":"post_tag","description":"","parent":0,"count":113,"filter":"raw","image":""},{"term_id":19,"name":"W\u00fcstenrot","slug":"wustenrot","term_group":0,"term_taxonomy_id":19,"taxonomy":"post_tag","description":"","parent":0,"count":181,"filter":"raw","image":""}]},"_links":{"self":[{"href":"https:\/\/die-webzeitung.de\/ludwigsburg\/wp-json\/wp\/v2\/posts\/160640","targetHints":{"allow":["GET"]}}],"collection":[{"href":"https:\/\/die-webzeitung.de\/ludwigsburg\/wp-json\/wp\/v2\/posts"}],"about":[{"href":"https:\/\/die-webzeitung.de\/ludwigsburg\/wp-json\/wp\/v2\/types\/post"}],"author":[{"embeddable":true,"href":"https:\/\/die-webzeitung.de\/ludwigsburg\/wp-json\/wp\/v2\/users\/4"}],"replies":[{"embeddable":true,"href":"https:\/\/die-webzeitung.de\/ludwigsburg\/wp-json\/wp\/v2\/comments?post=160640"}],"version-history":[{"count":1,"href":"https:\/\/die-webzeitung.de\/ludwigsburg\/wp-json\/wp\/v2\/posts\/160640\/revisions"}],"predecessor-version":[{"id":160641,"href":"https:\/\/die-webzeitung.de\/ludwigsburg\/wp-json\/wp\/v2\/posts\/160640\/revisions\/160641"}],"wp:attachment":[{"href":"https:\/\/die-webzeitung.de\/ludwigsburg\/wp-json\/wp\/v2\/media?parent=160640"}],"wp:term":[{"taxonomy":"category","embeddable":true,"href":"https:\/\/die-webzeitung.de\/ludwigsburg\/wp-json\/wp\/v2\/categories?post=160640"},{"taxonomy":"post_tag","embeddable":true,"href":"https:\/\/die-webzeitung.de\/ludwigsburg\/wp-json\/wp\/v2\/tags?post=160640"}],"curies":[{"name":"wp","href":"https:\/\/api.w.org\/{rel}","templated":true}]}}