{"id":160579,"date":"2021-06-30T13:42:15","date_gmt":"2021-06-30T12:42:15","guid":{"rendered":"https:\/\/die-webzeitung.de\/ludwigsburg\/?p=160579"},"modified":"2021-06-30T13:42:15","modified_gmt":"2021-06-30T12:42:15","slug":"am-donnerstag-warnstreiks-im-regionalen-busverkehr","status":"publish","type":"post","link":"https:\/\/die-webzeitung.de\/ludwigsburg\/2021\/06\/30\/am-donnerstag-warnstreiks-im-regionalen-busverkehr\/","title":{"rendered":"Am Donnerstag Warnstreiks im regionalen Busverkehr"},"content":{"rendered":"<h5 style=\"text-align: justify;\"><strong>Betroffen sind im Wesentlichen die Landkreise Ludwigsburg, der Rems-Murr-Kreis und der n\u00f6rdliche Landkreis B\u00f6blingen<\/strong><\/h5>\n<p style=\"text-align: justify;\">Die Gewerkschaft ver.di hat f\u00fcr Donnerstag, 1. Juli 2021, weitere ganzt\u00e4gige Warnstreiks im regionalen Busverkehr angek\u00fcndigt. Betroffen sind die Landkreise Ludwigsburg, der Rems-Murr-Kreis, der n\u00f6rdliche Landkreis B\u00f6blingen sowie teilweise angrenzende Bereiche und Landkreise.<\/p>\n<p style=\"text-align: justify;\">Der S-Bahn- und Regionalverkehr sowie die Busse und Bahnen der Stuttgarter Stra\u00dfenbahnen AG werden nicht bestreikt. Je nach Stand unserer Informationen werden die bestreikten Linien aus der VVS-Fahrplanauskunft entfernt.<\/p>\n<p style=\"text-align: justify;\"><strong>Die Gewerkschaft verdi hat angek\u00fcndigt, folgende Verkehrsunternehmen am 1. Juli zu bestreiken:<\/strong><\/p>\n<p style=\"text-align: justify;\"><strong>Fischle <\/strong><strong>Regionalverkehr <\/strong><strong><br \/>\nLinien: <\/strong>201, 201A, 202, 204, 206, 222<br \/>\n<strong>Kommunen: <\/strong>Waiblingen mit den Teilorten Beinstein, Hegnach, Bittenfeld, Hohenacker, Neustadt; Weinstadt: Endersbach, Str\u00fcmpfelbach, Schnait, Beutelsbach.<\/p>\n<p style=\"text-align: justify;\"><strong>Friedrich M\u00fcller Omnibusgesellschaft (FMO)<br \/>\nLinien<\/strong>: 359, 360, 361, 362, 362A, 363, 365, 365A, 366, 367, 367A 368, 368A, 369, 370, 381, 382, 383, 384, 393, 443, 444, 444A, 446, 446A, 455, 456, 456A, 457, 459, 459A, 460, 460 A, 461, 463, 465, 477, 488, X46, 560, 566, 566A, 567, 567A, 568, 568A, 571, 571A, 572, 573, 574, 574A, 590, 592, 592A, 592B, 620, 623, 623A, 624, 626, 663, 665, 734, 752, 753, 756, 760, 761, 761A, 806, 812, 813, 814, 815, 816, 816A, 817, 818, 818A, 819, 826, 826A, 828<br \/>\n<strong>Kommunen<\/strong>: Freiberg, Marbach, Remseck, Burgstall, Ludwigsburg, Erdmannhausen, Affalterbach, Winnenden, Steinheim an der Murr, Sersheim, Murr, Gro\u00dfbottwar, Oberstenfeld, Beilstein, Vaihingen-Enz, Sachsenheim, Eberdingen, Kirchberg (M), Bietigheim-Bissingen, Ingersheim, Pleidelsheim, Mundelsheim, Hessigheim, Besigheim, L\u00f6chgau, Freudental, B\u00f6nnigheim, Kirchheim-Neckar, Gemmrigheim, Ditzingen, Backnang, Weissach im Tal, Auenwald, Aspach, Alth\u00fctte, Rudersberg, Allmersbach im Tal, Ensingen, Weil der Stadt, Calw, Sch\u00f6naich, Sindelfingen, Ehningen, Altdorf, Holzgerlingen, G\u00e4rtringen, Nufringen, Herrenberg, Dettenhausen, Neuweiler, Weil im Sch\u00f6nbuch, Waldenbuch, Aichtal, Filderstadt, Leinfelden, Steinenbronn, Echterdingen.<\/p>\n<p style=\"text-align: justify;\">Einzelne Fahrten der o. g. Linien finden trotz des Warnstreiks statt, weil nicht alle FMO-Standorte bestreikt werden oder Auftragsunternehmen sie fahren, die nicht bestreikt werden. Alle Fahrten, die von nicht bestreikten Auftragsunternehmen durchgef\u00fchrt werden und stattfinden, sind in der elektronischen Fahrplanauskunft abrufbar.<\/p>\n<p style=\"text-align: justify;\"><strong>LVL J\u00e4ger<br \/>\n<\/strong><strong>Linien: <\/strong>411, 412, 413, 414, 420, 421, 421A, 422, 422A, 423, 424, 425, 425A, 426, 427, 427A, 429, 430, 430A, 431, 432, 433, 433A, 451 und X43<\/p>\n<p style=\"text-align: justify;\"><strong>Kommunen: <\/strong>Ludwigsburg und Stadtteile, Kornwestheim, Remseck, Asperg, Marbach, Waiblingen-Hegnach und Stuttgart-Stammheim<\/p>\n<p style=\"text-align: justify;\"><strong>Omnibus-Verkehr Ruoff (OVR)<\/strong> Standorte Hemmingen, Backnang und Waiblingen<br \/>\n<strong>Linien:<\/strong> 205, 207, 208, 209, 216, 218, 375, 380, 380A, 385, 386, 390, 391, 501, 504, 531A, 578, 579, 612, 612A, 620, 620A, 623, 625 und 651<\/p>\n<p style=\"text-align: justify;\"><strong>Kommunen:<\/strong> Vaihingen (Enz), Leonberg, Ditzingen, Hemmingen, Schwieberdingen, Korntal-M\u00fcnchingen, Oberriexingen, Sersheim, Stuttgart-Zuffenhausen, Stuttgart-Feuerbach sowie im Sch\u00fclerverkehr Markgr\u00f6ningen, Waiblingen, Fellbach, Korb, Backnang, Sulzbach (M), Mainhardt, Gro\u00dferlach, W\u00fcstenrot, Spiegelberg, Oppenweiler, Murrhardt<\/p>\n<p style=\"text-align: justify;\">Einzelne Fahrten der o. g. Linien finden trotz des Warnstreiks statt, weil Auftragsunternehmen sie fahren, die nicht bestreikt werden.<\/p>\n<p style=\"text-align: justify;\"><strong>Spillmann<br \/>\n<\/strong><strong>Linien<\/strong>: 541, 542, 544, 551, 551A, 554, 554A, 556, 558, 559, 561, 563, 564<\/p>\n<p style=\"text-align: justify;\"><strong>Kommunen<\/strong>: Bietigheim-Bissingen, Sachsenheim, L\u00f6chgau, Erligheim, B\u00f6nnigheim, Freiberg<\/p>\n<p style=\"text-align: justify;\"><strong>W\u00f6hr Tours<br \/>\n<\/strong><strong>Linien:<\/strong> 634, 635, 636, 637<\/p>\n<p style=\"text-align: justify;\"><strong>Kommunen: <\/strong>Weissach, Rutesheim, Leonberg, Renningen, Gerlingen<\/p>\n<p style=\"text-align: justify;\"><strong>W\u00fcrttembergischen Bus-Gesellschaft (WBG)<br \/>\n<\/strong><strong>Linien<\/strong>: 508, 531, 532, 533, 534, 535, 536, 562, 531A, 532A, 533A, 534A, 536A<\/p>\n<p style=\"text-align: justify;\"><strong>Kommunen<\/strong>: M\u00f6glingen, Asperg, Markgr\u00f6ningen, Schwieberdingen, Korntal-M\u00fcnchingen, Ditzingen, Tamm, Oberriexingen, Sachsenheim, Ludwigsburg, Remseck, Stuttgart- Stammheim und -Zuffenhausen<\/p>\n<p style=\"text-align: justify;\">In der elektronischen Fahrplanauskunft \u00fcber die App \u201eVVS Mobil\u201c und <a href=\"http:\/\/www.vvs.de\" target=\"_blank\" rel=\"noopener\" data-saferedirecturl=\"https:\/\/www.google.com\/url?q=http:\/\/www.vvs.de&amp;source=gmail&amp;ust=1625138386241000&amp;usg=AFQjCNFHhsBoosvmPeBx_NOR3QNjZA1awQ\">www.vvs.de<\/a> werden Fahrtverbindungen f\u00fcr den Streiktag automatisch ohne die bestreikten Linien angezeigt. Fahrg\u00e4ste k\u00f6nnen sich so schnell einen \u00dcberblick verschaffen, ob eine Verbindung auch ohne die betroffenen Busse m\u00f6glich ist.<\/p>\n<p style=\"text-align: justify;\">F\u00fcr manche Fahrg\u00e4ste k\u00f6nnte es eine Alternative sein, mit dem Fahrrad zu fahren. Die Radroute kann man sich mit dem VVS-Radroutenplaner ausgeben lassen, den man unter <strong><a href=\"http:\/\/www.vvs.de\/radroutenplaner\" target=\"_blank\" rel=\"noopener\" data-saferedirecturl=\"https:\/\/www.google.com\/url?q=http:\/\/www.vvs.de\/radroutenplaner&amp;source=gmail&amp;ust=1625138386241000&amp;usg=AFQjCNFTkDB-49U1ltv73QY6Z2n32_1ZSA\">www.vvs.de\/radroutenplaner<\/a><\/strong> anklicken kann. Auf einfache Weise kommt man so zu einer Routenempfehlung an den Arbeits- oder Ausbildungsplatz.<\/p>\n<p style=\"text-align: justify;\"><strong>Fahrrad, Mitfahrgelegenheit oder Sharing-Angebote sind im Streikfall Alternativen<br \/>\n<\/strong>Im Einzelfall k\u00f6nnen auch Carsharing, Miet-Roller, E-Bikes zum Leihen oder die private Mitfahrgelegenheit eine gute Alternative sein, um von A nach B zu kommen. Informationen dazu gibt es unter <a href=\"http:\/\/www.vvs.de\" target=\"_blank\" rel=\"noopener\" data-saferedirecturl=\"https:\/\/www.google.com\/url?q=http:\/\/www.vvs.de&amp;source=gmail&amp;ust=1625138386241000&amp;usg=AFQjCNFHhsBoosvmPeBx_NOR3QNjZA1awQ\">www.vvs.de<\/a> unter der Rubrik \u201eClever kombinieren\u201c auf der Seite \u201eRundum mobil\u201c (<a href=\"http:\/\/www.vvs.de\/rundum-mobil\" target=\"_blank\" rel=\"noopener\" data-saferedirecturl=\"https:\/\/www.google.com\/url?q=http:\/\/www.vvs.de\/rundum-mobil&amp;source=gmail&amp;ust=1625138386241000&amp;usg=AFQjCNFzpnXXAP4bQiMYPhcm4naFVEzicQ\">www.vvs.de\/rundum-mobil<\/a>).<\/p>\n<hr \/>\n<p style=\"text-align: justify;\">\n","protected":false},"excerpt":{"rendered":"<p>Betroffen sind im Wesentlichen die Landkreise Ludwigsburg, der Rems-Murr-Kreis und der n\u00f6rdliche Landkreis B\u00f6blingen Die Gewerkschaft ver.di hat f\u00fcr Donnerstag, 1. Juli 2021, weitere ganzt\u00e4gige Warnstreiks im regionalen Busverkehr angek\u00fcndigt. Betroffen sind die Landkreise Ludwigsburg, der Rems-Murr-Kreis, der n\u00f6rdliche Landkreis B\u00f6blingen sowie teilweise angrenzende Bereiche und Landkreise. Der S-Bahn- und Regionalverkehr sowie die Busse und [&hellip;]<\/p>\n","protected":false},"author":4,"featured_media":0,"comment_status":"closed","ping_status":"open","sticky":false,"template":"","format":"standard","meta":{"inline_featured_image":false,"_exactmetrics_skip_tracking":false,"_exactmetrics_sitenote_active":false,"_exactmetrics_sitenote_note":"","_exactmetrics_sitenote_category":0,"tdm_status":"","tdm_grid_status":"","footnotes":""},"categories":[59,65,165],"tags":[9357,8875,5,68,9,525],"class_list":{"0":"post-160579","1":"post","2":"type-post","3":"status-publish","4":"format-standard","6":"category-aktuell","7":"category-kreis_ludwigsburg","8":"category-kreis-rems-murr","9":"tag-busverkehr","10":"tag-die-webzeitung","11":"tag-internetzeitung","12":"tag-online-zeitung","13":"tag-schaumedia","14":"tag-streik"},"image_feature":null,"author_name":"Redaktion","pure_taxonomies":{"categories":[{"term_id":59,"name":"Aktuell","slug":"aktuell","term_group":0,"term_taxonomy_id":60,"taxonomy":"category","description":"","parent":0,"count":1175,"filter":"raw","image":""},{"term_id":65,"name":"Kreis Ludwigsburg","slug":"kreis_ludwigsburg","term_group":0,"term_taxonomy_id":66,"taxonomy":"category","description":"","parent":171,"count":631,"filter":"raw","image":""},{"term_id":165,"name":"Rems-Murr Kreis","slug":"kreis-rems-murr","term_group":0,"term_taxonomy_id":167,"taxonomy":"category","description":"","parent":171,"count":235,"filter":"raw","image":""}],"tags":[{"term_id":9357,"name":"Busverkehr","slug":"busverkehr","term_group":0,"term_taxonomy_id":9358,"taxonomy":"post_tag","description":"","parent":0,"count":3,"filter":"raw","image":""},{"term_id":8875,"name":"Die-Webzeitung","slug":"die-webzeitung","term_group":0,"term_taxonomy_id":8876,"taxonomy":"post_tag","description":"","parent":0,"count":4257,"filter":"raw","image":""},{"term_id":5,"name":"Internetzeitung","slug":"internetzeitung","term_group":0,"term_taxonomy_id":5,"taxonomy":"post_tag","description":"","parent":0,"count":1533,"filter":"raw","image":""},{"term_id":68,"name":"Online-Zeitung","slug":"online-zeitung","term_group":0,"term_taxonomy_id":69,"taxonomy":"post_tag","description":"","parent":0,"count":4206,"filter":"raw","image":""},{"term_id":9,"name":"SchauMedia","slug":"schaumedia","term_group":0,"term_taxonomy_id":9,"taxonomy":"post_tag","description":"","parent":0,"count":1582,"filter":"raw","image":""},{"term_id":525,"name":"Streik","slug":"streik","term_group":0,"term_taxonomy_id":533,"taxonomy":"post_tag","description":"","parent":0,"count":7,"filter":"raw","image":""}]},"_links":{"self":[{"href":"https:\/\/die-webzeitung.de\/ludwigsburg\/wp-json\/wp\/v2\/posts\/160579","targetHints":{"allow":["GET"]}}],"collection":[{"href":"https:\/\/die-webzeitung.de\/ludwigsburg\/wp-json\/wp\/v2\/posts"}],"about":[{"href":"https:\/\/die-webzeitung.de\/ludwigsburg\/wp-json\/wp\/v2\/types\/post"}],"author":[{"embeddable":true,"href":"https:\/\/die-webzeitung.de\/ludwigsburg\/wp-json\/wp\/v2\/users\/4"}],"replies":[{"embeddable":true,"href":"https:\/\/die-webzeitung.de\/ludwigsburg\/wp-json\/wp\/v2\/comments?post=160579"}],"version-history":[{"count":1,"href":"https:\/\/die-webzeitung.de\/ludwigsburg\/wp-json\/wp\/v2\/posts\/160579\/revisions"}],"predecessor-version":[{"id":160580,"href":"https:\/\/die-webzeitung.de\/ludwigsburg\/wp-json\/wp\/v2\/posts\/160579\/revisions\/160580"}],"wp:attachment":[{"href":"https:\/\/die-webzeitung.de\/ludwigsburg\/wp-json\/wp\/v2\/media?parent=160579"}],"wp:term":[{"taxonomy":"category","embeddable":true,"href":"https:\/\/die-webzeitung.de\/ludwigsburg\/wp-json\/wp\/v2\/categories?post=160579"},{"taxonomy":"post_tag","embeddable":true,"href":"https:\/\/die-webzeitung.de\/ludwigsburg\/wp-json\/wp\/v2\/tags?post=160579"}],"curies":[{"name":"wp","href":"https:\/\/api.w.org\/{rel}","templated":true}]}}