{"id":160516,"date":"2021-06-26T10:06:02","date_gmt":"2021-06-26T09:06:02","guid":{"rendered":"https:\/\/die-webzeitung.de\/ludwigsburg\/?p=160516"},"modified":"2021-06-26T10:06:02","modified_gmt":"2021-06-26T09:06:02","slug":"top-vier-ist-das-ziel-fuer-die-neue-saison","status":"publish","type":"post","link":"https:\/\/die-webzeitung.de\/ludwigsburg\/2021\/06\/26\/top-vier-ist-das-ziel-fuer-die-neue-saison\/","title":{"rendered":"Top Vier ist das Ziel f\u00fcr die neue Saison"},"content":{"rendered":"<p style=\"text-align: justify;\"><img loading=\"lazy\" decoding=\"async\" class=\"alignleft size-thumbnail wp-image-158196\" src=\"https:\/\/die-webzeitung.de\/ludwigsburg\/wp-content\/uploads\/sites\/5\/2020\/12\/svl-small.png\" alt=\"\" width=\"150\" height=\"150\" srcset=\"https:\/\/die-webzeitung.de\/ludwigsburg\/wp-content\/uploads\/sites\/5\/2020\/12\/svl-small.png 150w, https:\/\/die-webzeitung.de\/ludwigsburg\/wp-content\/uploads\/sites\/5\/2020\/12\/svl-medium.png 300w, https:\/\/die-webzeitung.de\/ludwigsburg\/wp-content\/uploads\/sites\/5\/2020\/12\/svl.png 600w, https:\/\/die-webzeitung.de\/ludwigsburg\/wp-content\/uploads\/sites\/5\/2020\/12\/svl-420x420.png 420w\" sizes=\"auto, (max-width: 150px) 100vw, 150px\" \/>Ludwigsburg.| Viele der SVL-Bundesliga-Wasserballer sind im wohlverdienten Urlaub. Doch im Verein laufen die Vorbereitungen f\u00fcr die n\u00e4chste Saison 2021\/22 auf Hochtouren. Alle Leistungstr\u00e4ger bleiben an Bord. Und neue Spieler werden den SVL verst\u00e4rken.<\/p>\n<p style=\"text-align: justify;\">&#8220;Wir f\u00fchren gute Gespr\u00e4che\u201c, sagt der SVL-Vizepr\u00e4sident Matthias Nagel mit Blick auf m\u00f6gliche neue Spieler f\u00fcr die Wasserball-Bundesligamannschaft. Es sei so gut wie ausgemacht, dass auch das\u00a0ein oder andere deutsche Nachwuchs-Talent\u00a0das Ludwigsburger Team schon bald verst\u00e4rken soll. Es hat sich herumgesprochen, dass in Ludwigsburg professionell gearbeitet wird und sich dort Leistungsport und Ausbildung und Beruf gut verbinden lassen.<\/p>\n<p style=\"text-align: justify;\">&#8220;Der Fokus soll neben dem sportlichen Erfolg in Liga und Pokal mittelfristig auf\u00a0der\u00a0Integration ambitionierter Nachwuchsspieler in unsere\u00a0Mannschaft liegen, die sich an der Seite der erfahrene Spieler wie Marko Martinic und Timo van der Bosch weiter entwickeln k\u00f6nnen&#8221;, erg\u00e4nzt Teammanager Adrijan Jakovcev.<\/p>\n<p style=\"text-align: justify;\">Bereits entschieden hat der Verein, dem Spielertrainer Marko Martinic einen erfahrenen Trainer an die Seite zu stellen. Denn spielen und zugleich die Mannschaft coachen, das sei \u201eauf dem Niveau, auf dem wir jetzt spielen, sehr schwierig\u201c, so Nagel.<\/p>\n<p style=\"text-align: justify;\">Bei dem Trainer-Kandiadaten, mit dem sich der Verein in dieser Woche final auf eine Zusammenarbeit verst\u00e4ndigen konnte, handelt es sich mit Janusz Gogola um einen Mann mit reichlich Bundesligaerfahrung, der zuletzt beim SSV Esslingen t\u00e4tig war. Den\u00a0Sportlehrer reizt die neue Aufgabe beim aufstrebenden Team aus der Barockstadt, weshalb man sich bei den Gespr\u00e4chen schnell einig war. &#8220;Wir freuen uns mit Janusz einen erfahrenen und sehr qualifizierten Trainer gewinnen zu k\u00f6nnen, der mit seine Kompetenzen und seiner Einstellung gut zu unserem Konzept passt,&#8221; erkl\u00e4rt Jakovcev die Entscheidung.<\/p>\n<p style=\"text-align: justify;\">Neben den jungen Spielern setzt der Verein auch weiterhin auf erfahrene Spieler aus dem In- und Ausland, denen man im Verein Arbeitsm\u00f6glichkeiten offeriert\u00a0&#8211; unter anderem als Trainer im Nachwuchsbereich und als Aufsicht im Campusbad und im Freibad Hoheneck. Der SVL, so Nagel, sei den M\u00e4nnern ebenso behilflich bei der Suche nach Studienpl\u00e4tzen und Jobs jenseits des Sports, der Club k\u00fcmmere sich auch um die Wohnungen und &#8211; falls n\u00f6tig &#8211; auch mal um private Probleme der Spieler.<\/p>\n<p style=\"text-align: justify;\">Es hat sich offenbar nicht nur in Deutschland, sondern auch im europ\u00e4ischen Ausland herum gesprochen: beim SV Ludwigsburg ist die Stimmung gut. Nagel spricht mit Blick auf die multi-kulti-Truppe von europ\u00e4ischer Integration und verweist auf Sportler wie Mannschaftskapit\u00e4n Ivan Pisk, der\u00a0in seine vierte Saison mit dem SVL geht\u00a0sind und nach seinem Studium in der Automobilbranche den beruflichen Einstieg geschafft hat.\u00a0Die Sportvereine, sagt Nagel, leisteten einen wichtigen Teil der Integrationsarbeit, \u201edas ist gut f\u00fcr die ganze Gesellschaft\u201c &#8211; und steigere langfristig sogar das Bruttosozialprodukt.<\/p>\n<p style=\"text-align: justify;\">Bestes Beispiel sei der SVL-Teammanager, der einst ohne Deutschkenntnisse als Spieler nach Ludwigsburg gekommen ist, jetzt voll im Erwerbsleben stehe, eine Familie ern\u00e4hrt und sehr erfolgreich als Bauingenieur t\u00e4tig ist. Adrijan, so Nagel, tr\u00e4gt das schwarz-gelbe Herz an der richtigen Stelle und ist dem Verein erst als Aktiver und danach\u00a0als Teammanager seit nunmehr sieben Jahre verbunden und nicht mehr wegzudenken ist.<\/p>\n<p style=\"text-align: justify;\">Stand heute habe kein einziger SVL-Spieler signalisiert, dass er Ludwigsburg verlassen wolle. Ganz im Gegenteil. Die Leistungstr\u00e4ger haben l\u00e4ngst zugesagt, dass sie sicher bleiben werden, unter anderem der deutsche Nationalspieler und Polizist Timo van der Bosch, der Kapit\u00e4n und Toptorwart Ivan Pisk sowie der Torsch\u00fctzenk\u00f6nig Marko Martinic.<\/p>\n<p style=\"text-align: justify;\">Als Ziel f\u00fcr die neue Saison gibt Adrijan Jakovcev die \u201eTop vier\u201c aus. In diesem Jahr hat der SVL die Liga mit Platz f\u00fcnf beendet &#8211; ein Platz besser als 2019\/20. Langfristig, sagt der Teammanager, wolle Ludwigsburg mitspielen um die Deutsche Meisterschaft, also immer n\u00e4her heran kommen an Teams wie den ASC Duisburg, den OSC Potsdam, Spandau 04 und an Waspo Hannover. Daf\u00fcr bedarf es aber nicht zuletzt auch einer Professionalisierung des Umfelds, mit seinen Sponsoren und F\u00f6rderern sei man in guten Gespr\u00e4chen und einige haben bereits signalisiert den Weg mit dem Verein zu gehen und ihr Engangement zu erweitern.<\/p>\n<p style=\"text-align: justify;\">Zum Auftakt der Saison\u00a0steht der Deutsche Pokal an: die erste Runde wird wohl Mitte September gespielt. Sp\u00e4testens Mitte August wird die komplette Mannschaft wieder ins Training einsteigen. Anfang Oktober stehen die ersten Spiele des Euro-Cups an, f\u00fcr den sich der SVL mit Platz f\u00fcnf in der Liga qualifiziert hat. Mit welchen Gegnern Ludwigsburg zu rechnen hat und wo gespielt wird, das ist noch nicht gekl\u00e4rt.<\/p>\n<p style=\"text-align: justify;\">Jakovcev sagt, \u201ewir wollen unsere Farben und unsere Stadt wieder in Europa pr\u00e4sentieren\u201c. Das Ziel f\u00fcr den\u00a0internationalen Wettbewerb, so der Teammanager, sei klar: \u201eAus den Erfahrungen des Vorjahrs und us auf europ\u00e4sichen Topniveau weiterzuentwickeln.\u201c Bei der internationalen Premiere des SV Ludwigsburg im Winter 2019\/20 hatte die Mannschaft direkt mit einem Sieg aufwarten k\u00f6nnen.<\/p>\n<hr \/>\n<p style=\"text-align: justify;\">\n","protected":false},"excerpt":{"rendered":"<p>Ludwigsburg.| Viele der SVL-Bundesliga-Wasserballer sind im wohlverdienten Urlaub. Doch im Verein laufen die Vorbereitungen f\u00fcr die n\u00e4chste Saison 2021\/22 auf Hochtouren. Alle Leistungstr\u00e4ger bleiben an Bord. Und neue Spieler werden den SVL verst\u00e4rken. &#8220;Wir f\u00fchren gute Gespr\u00e4che\u201c, sagt der SVL-Vizepr\u00e4sident Matthias Nagel mit Blick auf m\u00f6gliche neue Spieler f\u00fcr die Wasserball-Bundesligamannschaft. Es sei so gut [&hellip;]<\/p>\n","protected":false},"author":4,"featured_media":0,"comment_status":"closed","ping_status":"open","sticky":false,"template":"","format":"standard","meta":{"inline_featured_image":false,"_exactmetrics_skip_tracking":false,"_exactmetrics_sitenote_active":false,"_exactmetrics_sitenote_note":"","_exactmetrics_sitenote_category":0,"tdm_status":"","tdm_grid_status":"","footnotes":""},"categories":[110],"tags":[131,8875,5,6,68,4111,2645,2636],"class_list":{"0":"post-160516","1":"post","2":"type-post","3":"status-publish","4":"format-standard","6":"category-sport","7":"tag-bundesliga","8":"tag-die-webzeitung","9":"tag-internetzeitung","10":"tag-ludwigsburg","11":"tag-online-zeitung","12":"tag-schwimmen","13":"tag-schwimmverein","14":"tag-svl"},"image_feature":null,"author_name":"Redaktion","pure_taxonomies":{"categories":[{"term_id":110,"name":"Sport","slug":"sport","term_group":0,"term_taxonomy_id":112,"taxonomy":"category","description":"Sportberichte","parent":0,"count":1115,"filter":"raw","image":""}],"tags":[{"term_id":131,"name":"Bundesliga","slug":"bundesliga","term_group":0,"term_taxonomy_id":133,"taxonomy":"post_tag","description":"","parent":0,"count":715,"filter":"raw","image":""},{"term_id":8875,"name":"Die-Webzeitung","slug":"die-webzeitung","term_group":0,"term_taxonomy_id":8876,"taxonomy":"post_tag","description":"","parent":0,"count":4257,"filter":"raw","image":""},{"term_id":5,"name":"Internetzeitung","slug":"internetzeitung","term_group":0,"term_taxonomy_id":5,"taxonomy":"post_tag","description":"","parent":0,"count":1533,"filter":"raw","image":""},{"term_id":6,"name":"Ludwigsburg","slug":"ludwigsburg","term_group":0,"term_taxonomy_id":6,"taxonomy":"post_tag","description":"","parent":0,"count":1353,"filter":"raw","image":""},{"term_id":68,"name":"Online-Zeitung","slug":"online-zeitung","term_group":0,"term_taxonomy_id":69,"taxonomy":"post_tag","description":"","parent":0,"count":4206,"filter":"raw","image":""},{"term_id":4111,"name":"schwimmen","slug":"schwimmen","term_group":0,"term_taxonomy_id":4124,"taxonomy":"post_tag","description":"","parent":0,"count":175,"filter":"raw","image":""},{"term_id":2645,"name":"Schwimmverein","slug":"schwimmverein","term_group":0,"term_taxonomy_id":2658,"taxonomy":"post_tag","description":"","parent":0,"count":175,"filter":"raw","image":""},{"term_id":2636,"name":"SVL","slug":"svl","term_group":0,"term_taxonomy_id":2649,"taxonomy":"post_tag","description":"","parent":0,"count":166,"filter":"raw","image":""}]},"_links":{"self":[{"href":"https:\/\/die-webzeitung.de\/ludwigsburg\/wp-json\/wp\/v2\/posts\/160516","targetHints":{"allow":["GET"]}}],"collection":[{"href":"https:\/\/die-webzeitung.de\/ludwigsburg\/wp-json\/wp\/v2\/posts"}],"about":[{"href":"https:\/\/die-webzeitung.de\/ludwigsburg\/wp-json\/wp\/v2\/types\/post"}],"author":[{"embeddable":true,"href":"https:\/\/die-webzeitung.de\/ludwigsburg\/wp-json\/wp\/v2\/users\/4"}],"replies":[{"embeddable":true,"href":"https:\/\/die-webzeitung.de\/ludwigsburg\/wp-json\/wp\/v2\/comments?post=160516"}],"version-history":[{"count":1,"href":"https:\/\/die-webzeitung.de\/ludwigsburg\/wp-json\/wp\/v2\/posts\/160516\/revisions"}],"predecessor-version":[{"id":160517,"href":"https:\/\/die-webzeitung.de\/ludwigsburg\/wp-json\/wp\/v2\/posts\/160516\/revisions\/160517"}],"wp:attachment":[{"href":"https:\/\/die-webzeitung.de\/ludwigsburg\/wp-json\/wp\/v2\/media?parent=160516"}],"wp:term":[{"taxonomy":"category","embeddable":true,"href":"https:\/\/die-webzeitung.de\/ludwigsburg\/wp-json\/wp\/v2\/categories?post=160516"},{"taxonomy":"post_tag","embeddable":true,"href":"https:\/\/die-webzeitung.de\/ludwigsburg\/wp-json\/wp\/v2\/tags?post=160516"}],"curies":[{"name":"wp","href":"https:\/\/api.w.org\/{rel}","templated":true}]}}