{"id":160426,"date":"2021-06-20T16:44:35","date_gmt":"2021-06-20T15:44:35","guid":{"rendered":"https:\/\/die-webzeitung.de\/ludwigsburg\/?p=160426"},"modified":"2021-06-20T17:59:54","modified_gmt":"2021-06-20T16:59:54","slug":"160426","status":"publish","type":"post","link":"https:\/\/die-webzeitung.de\/ludwigsburg\/2021\/06\/20\/160426\/","title":{"rendered":"Rad-DM 2021 in Stuttgart und der Region"},"content":{"rendered":"<h5 style=\"text-align: justify;\"><strong>Gro\u00dfartiges Zeichen f\u00fcr den Radsport<\/strong><\/h5>\n<p style=\"text-align: justify;\">Stuttgart.| Maximilian Schachmann vom Team BORA-hansgrohe und Lisa Brennauer vom Ceratizit-WNT Pro Cycling Team hei\u00dfen die neuen Deutschen Meister im Stra\u00dfenradsport. Auf der Stuttgarter Waldau konnten sich heute die beiden gegen die Konkurrenz durchsetzen. Am Samstag holten sich Lisa Brennauer, Tony Martin (Jumbo-Vismo) und f\u00fcr die U23 Michel He\u00dfmann (Jumbo-Visma Development Team) die Meistertrikots im Einzelzeitfahren in G\u00e4ufelden-\u00d6schelbronn.<\/p>\n<p style=\"text-align: justify;\">Die Deutschen Stra\u00dfenradmeisterschaften (Rad-DM) 2021 in und um Stuttgart sind am Sonntagnachmittag erfolgreich zu Ende gegangen \u2013 trotz der besonderen Ausgangslage aufgrund der Corona-Pandemie. Das aktuelle Infektionsgeschehen erlaubte bei der Spitzensportveranstaltung am 19. und 20. Juni nur 250 Zuschauerinnen und Zuschauer im Zielbereich. Die Landeshauptstadt Stuttgart und der Verband Region Stuttgart hatten sich gemeinsam mit dem Bund Deutscher Radfahrer e. V. (BDR) f\u00fcr eine Verschiebung der 2020 ausgefallenen Veranstaltung starkgemacht, um ein Zeichen f\u00fcr den Radsport in Stuttgart und der Region zu setzen. Alle Akteure \u2013 die Radsportlerinnen und Radsportler, das Organisationsteam und die weiteren Beteiligten \u2013 haben es m\u00f6glich gemacht, dass dieser nahezu zuschauerfreie Event trotzdem ein gro\u00dfes Publikum fand: Die Fans konnten die Rennen online per Livestream auf SWR und sportschau.de verfolgen. Die n\u00e4chste Radsportveranstaltung in Stuttgart und der Region soll wieder ein Live-Erlebnis f\u00fcr viele werden: Geplant ist der Breitensportevent Brezel Race Stuttgart &amp; Region, der auf den 12. September verschoben wurde.<\/p>\n<p style=\"text-align: justify;\">Der Bund Deutscher Radfahrer zog ein positives Fazit dieser Titelk\u00e4mpfe. Uwe Rohde, BDR-Vize-Pr\u00e4sident Marketing und Kommunikation, meinte: \u201eWir haben an diesem Wochenende in Stuttgart sportlich hochwertige und sehr spannende Rennen erlebt, in denen sich die Favoriten durchsetzen konnten. Besonders herausragend war sicherlich Lisa Brennauer, die beide Titel, sowohl im Zeitfahren als auch im Stra\u00dfenrennen gewinnen konnte. Die Veranstaltung in Stuttgart und der Region hat gezeigt, dass man trotz Corona gro\u00dfartige Events durchf\u00fchren kann. Die FREUNDE Eventagentur um Albrecht R\u00f6der haben hervorragende Arbeit geleistet und eine beispielhaft organisierte Meisterschaft geboten. Ich pers\u00f6nlich habe mich gefreut, mal wieder in Stuttgart, an meiner alten Wirkungsst\u00e4tte zu sein, denn ich war lange am Staatstheater engagiert.\u201c<\/p>\n<p style=\"text-align: justify;\">\u201eStuttgart erstrahlt im Licht des Radspitzensports. Die Zuschauerinnen und Zuschauer im Zielbereich der Rad-DM 2021 hier auf der Waldau haben f\u00fcr gro\u00dfartige Stimmung gesorgt und gezeigt, wie sehr sie die Stuttgarter Sportveranstaltungen und ganz besonders den Radsport vermisst haben\u201c, sagt Dr. Frank Nopper, Oberb\u00fcrgermeister der Landeshauptstadt Stuttgart. \u201eStuttgarts gro\u00dfe Radsporttradition lebt. Daf\u00fcr danke ich unseren starken Partnern, dem Verband Region Stuttgart, dem BDR und dem Ausrichter der Rad-DM 2021, der FREUNDE Eventagentur. Die Macher der Rad-DM reagierten auf die sich st\u00e4ndig \u00e4ndernden Rahmenbedingungen in der Planungsphase der Veranstaltung immer mit gr\u00f6\u00dfter Flexibilit\u00e4t\u201c, erg\u00e4nzt Nopper. \u201eWenn am 12. September noch die Teilnehmerinnen und Teilnehmer des Brezel Race an den Start gehen k\u00f6nnen, ist das ein Happy End f\u00fcr das Radsportjahr 2021 und ein Hoffnungszeichen f\u00fcr ein normales, lang ersehntes Radsportjahr 2022\u201c, so Dr. Nopper.<\/p>\n<p style=\"text-align: justify;\">\u201eGanz Deutschland konnte heute Spitzensport der Extraklasse zu Hause live erleben\u201c, unterstreicht Thomas Bopp, Vorsitzender des Verbands Region Stuttgart. \u201eDas ist ein kleiner Trost f\u00fcr die eingeschr\u00e4nkte Zuschauerzahl vor Ort. Denn wir wissen, f\u00fcr welch gro\u00dfartige Stimmung die Radsportfans aus der Region normalerweise sorgen und haben dies sehr vermisst. Aber heute danken wir ausdr\u00fccklich allen, die angesichts der aktuellen Lage daheimgeblieben sind und am Bildschirm mitgefiebert haben. Wir hoffen auf eine Fortsetzung der Radrennen in unserer Region und im bew\u00e4hrten Verbund mit der Landeshauptstadt Stuttgart. Dann k\u00f6nnen wir wieder allen zeigen, wie sch\u00f6n Fahrradfahren hier ist.\u201c<\/p>\n<p style=\"text-align: justify;\">\u201eDas waren wunderbare Deutsche Meisterschaften: Gutes Wetter, gute Stimmung \u2013 sprich: bester Radsport wurde geboten. Stuttgart und die Region haben sich als gute Gastgeber pr\u00e4sentiert. Allerdings waren es Titelk\u00e4mpfe mit einer Tr\u00e4ne im Auge \u2013 denn die Fans an der Strecke fehlten doch sehr. Jetzt freue ich mich schon sehr auf das Jedermann-Rennen Brezel Race am 12. September, bei dem ich starten werde\u201c, so Matthias Klopfer, Vorsitzender der SportRegion Stuttgart und Oberb\u00fcrgermeister von Schorndorf.<\/p>\n<p style=\"text-align: justify;\">Nach der offiziellen Siegerehrung im Georgiiweg fand die Pressekonferenz im GAZi-Stadion auf der Waldau in Stuttgart-Degerloch statt. Unter Einhaltung der hohen Sicherheits- und Hygieneauflagen konnten die Siegerinnen und Sieger ihre Medaillen und Meistertrikots kontaktlos in Empfang nehmen. \u201eDie Deutschen Stra\u00dfenradmeisterschaften fanden unter strengen Hygiene- und Sicherheitsauflagen statt. Daf\u00fcr haben wir alle Auflagen, die f\u00fcr die Corona-Blase wichtig sind, erf\u00fcllt: Alle 800 Teilnehmerinnen und Teilnehmer der Rad-DM sowie die Betreuenden und Akteure haben einen PCR-Test gemacht. Wir sind sehr zufrieden, dass die gesamte Veranstaltung gut, ohne Zwischenf\u00e4lle und bei bestem Wetter \u00fcber die B\u00fchne ging\u201c, sagt Albrecht R\u00f6der, Veranstalter und Organisator der FREUNDE Eventagentur.<\/p>\n<p style=\"text-align: justify;\">Am Samstag, 19. Juni, startete in G\u00e4ufelden-\u00d6schelbronn der erste von drei Zeitfahrwettbewerben der Deutschen Stra\u00dfenradmeisterschaften. Das Zeitfahren f\u00fcr Frauen, M\u00e4nner und M\u00e4nner U23 verlief wie geplant mit einer Streckenf\u00fchrung \u00fcber 30,5 Kilometer mit Start und Ziel am Radstadion in \u00d6schelbronn. Bei den Frauen gewann Lisa Brennauer (Ceratizit-WNT Pro Cycling Team) vor Lisa Klein (Canyon\/SRAM Racing) und Hannah Ludwig (Canyon\/SRAM Racing). Sieger bei den Herren war Tony Martin (Jumbo-Visma), gefolgt von Miguel Heidemann (Leopard Pro Cycling) und Maximilian Richard Walscheid (Team Qhubeka ASSOS). Bei den U23 kam \u00dcberraschungssieger Michel Hermann (Jumbo-Visma Development Team) mit kleinem Vorsprung vor Maurice Ballerstedt (Jumbo-Visma Development Team) ins Ziel. Auf Platz 3 landete Jon Knolle (Team SKS Sauerland NRW).<\/p>\n<figure id=\"attachment_160430\" aria-describedby=\"caption-attachment-160430\" style=\"width: 179px\" class=\"wp-caption alignleft\"><img loading=\"lazy\" decoding=\"async\" class=\"wp-image-160430 size-medium\" src=\"https:\/\/die-webzeitung.de\/ludwigsburg\/wp-content\/uploads\/sites\/5\/2021\/06\/unnamed1-medium.jpg\" alt=\"\" width=\"179\" height=\"300\" srcset=\"https:\/\/die-webzeitung.de\/ludwigsburg\/wp-content\/uploads\/sites\/5\/2021\/06\/unnamed1-medium.jpg 179w, https:\/\/die-webzeitung.de\/ludwigsburg\/wp-content\/uploads\/sites\/5\/2021\/06\/unnamed1-251x420.jpg 251w, https:\/\/die-webzeitung.de\/ludwigsburg\/wp-content\/uploads\/sites\/5\/2021\/06\/unnamed1.jpg 569w\" sizes=\"auto, (max-width: 179px) 100vw, 179px\" \/><figcaption id=\"caption-attachment-160430\" class=\"wp-caption-text\">Bild: Lisa Brennauer | Foto: \u00a9 Udo Sanne | SANSHINE Communications GmbH<\/figcaption><\/figure>\n<p style=\"text-align: justify;\">Am Sonntag, 20. Juni, konnten sich Maximilian Schachmann (BORA-hansgrohe), Jonas Koch (Intermarch\u00e9 Wanty Gobert) und Georg Zimmermann (Intermarch\u00e9 Wanty Gobert) beim Stra\u00dfenrennen Herren Elite auf einem Rundkurs \u00e0 25 Runden mit einer Gesamtdistanz von 185,3 Kilometern als die Besten durchsetzen. F\u00fcr das Team BORA-hansgrohe eine hervorragende Gesamtleistung und eine starke Empfehlung f\u00fcr die n\u00e4chsten gro\u00dfen internationalen Rennen \u2013 die Tour de France beginnt am kommenden Samstag in der Bretagne.<\/p>\n<p style=\"text-align: justify;\">Beim Stra\u00dfenrennen Frauen Elite auf 14 Runden mit einer Gesamtdistanz von 107,2 Kilometern hatte die Top-Fahrerin Lisa Brennauer (Ceratizit-WNT Pro Cycling Team), die amtierende Deutsche Meisterin, am Sonntag die Nase vorn. Sie verteidigte ihr Meistertrikot und siegte souver\u00e4n vor ihren Mitkonkurrentinnen Liane Lippert (Team DSM) und Ricarda Bauernfeind (RSG Ansbach).<\/p>\n<p style=\"text-align: justify;\">Zu den Rennergebnissen der Rad-DM geht\u2019s <a href=\"https:\/\/161683.seu2.cleverreach.com\/c\/59989273\/b6924867a8-qv0aa1\" target=\"_blank\" rel=\"noopener noreferrer\" data-saferedirecturl=\"https:\/\/www.google.com\/url?q=https:\/\/161683.seu2.cleverreach.com\/c\/59989273\/b6924867a8-qv0aa1&amp;source=gmail&amp;ust=1624289183574000&amp;usg=AFQjCNGGoYfgkF3JGmDs23i6Rqsc5vPU4g\">hier<\/a>.<\/p>\n<hr \/>\n<p style=\"text-align: justify;\">\n","protected":false},"excerpt":{"rendered":"<p>Gro\u00dfartiges Zeichen f\u00fcr den Radsport Stuttgart.| Maximilian Schachmann vom Team BORA-hansgrohe und Lisa Brennauer vom Ceratizit-WNT Pro Cycling Team hei\u00dfen die neuen Deutschen Meister im Stra\u00dfenradsport. Auf der Stuttgarter Waldau konnten sich heute die beiden gegen die Konkurrenz durchsetzen. Am Samstag holten sich Lisa Brennauer, Tony Martin (Jumbo-Vismo) und f\u00fcr die U23 Michel He\u00dfmann (Jumbo-Visma [&hellip;]<\/p>\n","protected":false},"author":4,"featured_media":160428,"comment_status":"closed","ping_status":"open","sticky":false,"template":"","format":"standard","meta":{"inline_featured_image":false,"_exactmetrics_skip_tracking":false,"_exactmetrics_sitenote_active":false,"_exactmetrics_sitenote_note":"","_exactmetrics_sitenote_category":0,"tdm_status":"","tdm_grid_status":"","footnotes":""},"categories":[59,110],"tags":[8875,5,68,11563,11564,8328,9,11565,9187],"class_list":{"0":"post-160426","1":"post","2":"type-post","3":"status-publish","4":"format-standard","5":"has-post-thumbnail","7":"category-aktuell","8":"category-sport","9":"tag-die-webzeitung","10":"tag-internetzeitung","11":"tag-online-zeitung","12":"tag-rad-dm","13":"tag-radsport","14":"tag-landkreis","15":"tag-schaumedia","16":"tag-strassenradsport","17":"tag-wettkampf"},"image_feature":"https:\/\/die-webzeitung.de\/ludwigsburg\/wp-content\/uploads\/sites\/5\/2021\/06\/sieger.jpg","author_name":"Redaktion","pure_taxonomies":{"categories":[{"term_id":59,"name":"Aktuell","slug":"aktuell","term_group":0,"term_taxonomy_id":60,"taxonomy":"category","description":"","parent":0,"count":1174,"filter":"raw","image":""},{"term_id":110,"name":"Sport","slug":"sport","term_group":0,"term_taxonomy_id":112,"taxonomy":"category","description":"Sportberichte","parent":0,"count":1112,"filter":"raw","image":""}],"tags":[{"term_id":8875,"name":"Die-Webzeitung","slug":"die-webzeitung","term_group":0,"term_taxonomy_id":8876,"taxonomy":"post_tag","description":"","parent":0,"count":4242,"filter":"raw","image":""},{"term_id":5,"name":"Internetzeitung","slug":"internetzeitung","term_group":0,"term_taxonomy_id":5,"taxonomy":"post_tag","description":"","parent":0,"count":1533,"filter":"raw","image":""},{"term_id":68,"name":"Online-Zeitung","slug":"online-zeitung","term_group":0,"term_taxonomy_id":69,"taxonomy":"post_tag","description":"","parent":0,"count":4191,"filter":"raw","image":""},{"term_id":11563,"name":"Rad-DM","slug":"rad-dm","term_group":0,"term_taxonomy_id":11564,"taxonomy":"post_tag","description":"","parent":0,"count":1,"filter":"raw","image":""},{"term_id":11564,"name":"Radsport","slug":"radsport","term_group":0,"term_taxonomy_id":11565,"taxonomy":"post_tag","description":"","parent":0,"count":2,"filter":"raw","image":""},{"term_id":8328,"name":"Region","slug":"landkreis","term_group":0,"term_taxonomy_id":200,"taxonomy":"post_tag","description":"","parent":0,"count":11,"filter":"raw","image":""},{"term_id":9,"name":"SchauMedia","slug":"schaumedia","term_group":0,"term_taxonomy_id":9,"taxonomy":"post_tag","description":"","parent":0,"count":1582,"filter":"raw","image":""},{"term_id":11565,"name":"Stra\u00dfenradsport","slug":"strassenradsport","term_group":0,"term_taxonomy_id":11566,"taxonomy":"post_tag","description":"","parent":0,"count":1,"filter":"raw","image":""},{"term_id":9187,"name":"Wettkampf","slug":"wettkampf","term_group":0,"term_taxonomy_id":9188,"taxonomy":"post_tag","description":"","parent":0,"count":1,"filter":"raw","image":""}]},"_links":{"self":[{"href":"https:\/\/die-webzeitung.de\/ludwigsburg\/wp-json\/wp\/v2\/posts\/160426","targetHints":{"allow":["GET"]}}],"collection":[{"href":"https:\/\/die-webzeitung.de\/ludwigsburg\/wp-json\/wp\/v2\/posts"}],"about":[{"href":"https:\/\/die-webzeitung.de\/ludwigsburg\/wp-json\/wp\/v2\/types\/post"}],"author":[{"embeddable":true,"href":"https:\/\/die-webzeitung.de\/ludwigsburg\/wp-json\/wp\/v2\/users\/4"}],"replies":[{"embeddable":true,"href":"https:\/\/die-webzeitung.de\/ludwigsburg\/wp-json\/wp\/v2\/comments?post=160426"}],"version-history":[{"count":3,"href":"https:\/\/die-webzeitung.de\/ludwigsburg\/wp-json\/wp\/v2\/posts\/160426\/revisions"}],"predecessor-version":[{"id":160431,"href":"https:\/\/die-webzeitung.de\/ludwigsburg\/wp-json\/wp\/v2\/posts\/160426\/revisions\/160431"}],"wp:featuredmedia":[{"embeddable":true,"href":"https:\/\/die-webzeitung.de\/ludwigsburg\/wp-json\/wp\/v2\/media\/160428"}],"wp:attachment":[{"href":"https:\/\/die-webzeitung.de\/ludwigsburg\/wp-json\/wp\/v2\/media?parent=160426"}],"wp:term":[{"taxonomy":"category","embeddable":true,"href":"https:\/\/die-webzeitung.de\/ludwigsburg\/wp-json\/wp\/v2\/categories?post=160426"},{"taxonomy":"post_tag","embeddable":true,"href":"https:\/\/die-webzeitung.de\/ludwigsburg\/wp-json\/wp\/v2\/tags?post=160426"}],"curies":[{"name":"wp","href":"https:\/\/api.w.org\/{rel}","templated":true}]}}