{"id":160300,"date":"2021-06-11T15:53:01","date_gmt":"2021-06-11T14:53:01","guid":{"rendered":"https:\/\/die-webzeitung.de\/ludwigsburg\/?p=160300"},"modified":"2021-06-11T15:53:01","modified_gmt":"2021-06-11T14:53:01","slug":"erfolgreiches-sgv-trainerteam-bleibt-zusammen","status":"publish","type":"post","link":"https:\/\/die-webzeitung.de\/ludwigsburg\/2021\/06\/11\/erfolgreiches-sgv-trainerteam-bleibt-zusammen\/","title":{"rendered":"Erfolgreiches SGV-Trainerteam bleibt zusammen"},"content":{"rendered":"<h5 style=\"text-align: justify;\"><strong>Auch Marcel Ivanusa hat seinen Vertrag verl\u00e4ngert<\/strong><\/h5>\n<p style=\"text-align: justify;\"><img loading=\"lazy\" decoding=\"async\" class=\"alignleft size-thumbnail wp-image-160113\" src=\"https:\/\/die-webzeitung.de\/ludwigsburg\/wp-content\/uploads\/sites\/5\/2021\/05\/SGV100-small.jpg\" alt=\"\" width=\"100\" height=\"128\" \/>Freiberg a. N.| Der 36-j\u00e4hrige, Ivanusa geht in seine 3. Saison als Co-Trainer des SGV Freiberg Fu\u00dfball und freut sich mit dem unver\u00e4nderten Trainerteam um Chef-Trainer Laki Sbonias, Ferdi Gro\u00df (Co.) und Philipp B\u00fcrkle (Tor), die erfolgreiche Arbeit fortsetzen zu k\u00f6nnen.<\/p>\n<p style=\"text-align: justify;\">Ivanusa: Die vertrauensvolle Zusammenarbeit mit dem Trainerteam und den Verantwortlichen sowie die t\u00e4gliche Arbeit mit den Spielern macht mir unglaublich viel Spa\u00df. Ich blicke der neuen Saison mit Vorfreude und gro\u00dfem Tatendrang entgegen.<\/p>\n<p style=\"text-align: justify;\">Dr. Christian Werner, SGV Sportdirektor: Ich freue mich sehr, dass wir den Vertrag mit Marcel verl\u00e4ngern konnten. Marcel ist ein sehr guter Co-Trainer und ein toller Charakter. Er passt somit sehr gut in unser Trainerteam und wir freuen uns alle sehr, auch in dieser Konstellation in die n\u00e4chste Saison gehen zu k\u00f6nnen.<\/p>\n<hr \/>\n<p style=\"text-align: justify;\">\n","protected":false},"excerpt":{"rendered":"<p>Auch Marcel Ivanusa hat seinen Vertrag verl\u00e4ngert Freiberg a. N.| Der 36-j\u00e4hrige, Ivanusa geht in seine 3. Saison als Co-Trainer des SGV Freiberg Fu\u00dfball und freut sich mit dem unver\u00e4nderten Trainerteam um Chef-Trainer Laki Sbonias, Ferdi Gro\u00df (Co.) und Philipp B\u00fcrkle (Tor), die erfolgreiche Arbeit fortsetzen zu k\u00f6nnen. Ivanusa: Die vertrauensvolle Zusammenarbeit mit dem Trainerteam [&hellip;]<\/p>\n","protected":false},"author":4,"featured_media":0,"comment_status":"closed","ping_status":"open","sticky":false,"template":"","format":"standard","meta":{"inline_featured_image":false,"_exactmetrics_skip_tracking":false,"_exactmetrics_sitenote_active":false,"_exactmetrics_sitenote_note":"","_exactmetrics_sitenote_category":0,"tdm_status":"","tdm_grid_status":"","footnotes":""},"categories":[110],"tags":[8875,80,129,5,1080,68,119,11543],"class_list":{"0":"post-160300","1":"post","2":"type-post","3":"status-publish","4":"format-standard","6":"category-sport","7":"tag-die-webzeitung","8":"tag-freiberger-seite","9":"tag-fusball","10":"tag-internetzeitung","11":"tag-oberliga","12":"tag-online-zeitung","13":"tag-sgv","14":"tag-trainerteam"},"image_feature":null,"author_name":"Redaktion","pure_taxonomies":{"categories":[{"term_id":110,"name":"Sport","slug":"sport","term_group":0,"term_taxonomy_id":112,"taxonomy":"category","description":"Sportberichte","parent":0,"count":1116,"filter":"raw","image":""}],"tags":[{"term_id":8875,"name":"Die-Webzeitung","slug":"die-webzeitung","term_group":0,"term_taxonomy_id":8876,"taxonomy":"post_tag","description":"","parent":0,"count":4258,"filter":"raw","image":""},{"term_id":80,"name":"Freiberg","slug":"freiberger-seite","term_group":0,"term_taxonomy_id":95,"taxonomy":"post_tag","description":"","parent":0,"count":122,"filter":"raw","image":""},{"term_id":129,"name":"Fu\u00dfball","slug":"fusball","term_group":0,"term_taxonomy_id":131,"taxonomy":"post_tag","description":"","parent":0,"count":189,"filter":"raw","image":""},{"term_id":5,"name":"Internetzeitung","slug":"internetzeitung","term_group":0,"term_taxonomy_id":5,"taxonomy":"post_tag","description":"","parent":0,"count":1533,"filter":"raw","image":""},{"term_id":1080,"name":"Oberliga","slug":"oberliga","term_group":0,"term_taxonomy_id":1089,"taxonomy":"post_tag","description":"","parent":0,"count":47,"filter":"raw","image":""},{"term_id":68,"name":"Online-Zeitung","slug":"online-zeitung","term_group":0,"term_taxonomy_id":69,"taxonomy":"post_tag","description":"","parent":0,"count":4207,"filter":"raw","image":""},{"term_id":119,"name":"SGV","slug":"sgv","term_group":0,"term_taxonomy_id":121,"taxonomy":"post_tag","description":"","parent":0,"count":81,"filter":"raw","image":""},{"term_id":11543,"name":"Trainerteam","slug":"trainerteam","term_group":0,"term_taxonomy_id":11544,"taxonomy":"post_tag","description":"","parent":0,"count":1,"filter":"raw","image":""}]},"_links":{"self":[{"href":"https:\/\/die-webzeitung.de\/ludwigsburg\/wp-json\/wp\/v2\/posts\/160300","targetHints":{"allow":["GET"]}}],"collection":[{"href":"https:\/\/die-webzeitung.de\/ludwigsburg\/wp-json\/wp\/v2\/posts"}],"about":[{"href":"https:\/\/die-webzeitung.de\/ludwigsburg\/wp-json\/wp\/v2\/types\/post"}],"author":[{"embeddable":true,"href":"https:\/\/die-webzeitung.de\/ludwigsburg\/wp-json\/wp\/v2\/users\/4"}],"replies":[{"embeddable":true,"href":"https:\/\/die-webzeitung.de\/ludwigsburg\/wp-json\/wp\/v2\/comments?post=160300"}],"version-history":[{"count":1,"href":"https:\/\/die-webzeitung.de\/ludwigsburg\/wp-json\/wp\/v2\/posts\/160300\/revisions"}],"predecessor-version":[{"id":160301,"href":"https:\/\/die-webzeitung.de\/ludwigsburg\/wp-json\/wp\/v2\/posts\/160300\/revisions\/160301"}],"wp:attachment":[{"href":"https:\/\/die-webzeitung.de\/ludwigsburg\/wp-json\/wp\/v2\/media?parent=160300"}],"wp:term":[{"taxonomy":"category","embeddable":true,"href":"https:\/\/die-webzeitung.de\/ludwigsburg\/wp-json\/wp\/v2\/categories?post=160300"},{"taxonomy":"post_tag","embeddable":true,"href":"https:\/\/die-webzeitung.de\/ludwigsburg\/wp-json\/wp\/v2\/tags?post=160300"}],"curies":[{"name":"wp","href":"https:\/\/api.w.org\/{rel}","templated":true}]}}