{"id":160279,"date":"2021-06-10T13:29:00","date_gmt":"2021-06-10T12:29:00","guid":{"rendered":"https:\/\/die-webzeitung.de\/ludwigsburg\/?p=160279"},"modified":"2021-06-10T13:29:23","modified_gmt":"2021-06-10T12:29:23","slug":"im-residenzschloss-startet-der-fuehrungsbetrieb-wieder","status":"publish","type":"post","link":"https:\/\/die-webzeitung.de\/ludwigsburg\/2021\/06\/10\/im-residenzschloss-startet-der-fuehrungsbetrieb-wieder\/","title":{"rendered":"Im Residenzschloss startet der F\u00fchrungsbetrieb wieder"},"content":{"rendered":"<p style=\"text-align: justify;\">Ludwigsburg.| Die Inzidenzwerte liegen lange genug unter 50 \u2013 jetzt kann das Residenzschloss Ludwigsburg wieder seinen F\u00fchrungsbetrieb aufnehmen. Ab dem Wochenende geht es fast wieder normal zu. Halbst\u00fcndlich starten die F\u00fchrungen am Samstag und am Sonntag, von 11 bis 16 Uhr. Und noch eine gute Nachricht: Auch Hochzeitsfotos k\u00f6nnen wieder gemacht werden. Terminbuchungen nimmt die Hotline von Schloss Ludwigsburg entgegen unter Tel. 07141.186400.<\/p>\n<p style=\"text-align: justify;\"><strong>Schlosserlebnis fast wie vor Corona<\/strong><br \/>\nEs ist fast wieder wie vor Corona-Zeit und Lockdown: Ab Samstag, 12. Juni, starten wieder in dichtem Takt die F\u00fchrungen in der einstigen Residenz der Herz\u00f6ge und K\u00f6nige von W\u00fcrttemberg. Von 11 bis 16 Uhr geht es im halbst\u00fcndigen Takt und kundig gef\u00fchrt durch die Prunkr\u00e4ume. Um die nach wie vor notwendigen Regeln der Corona-Verordnung einzuhalten, d\u00fcrfen maximal 15 Personen mitgehen. \u201eAnmelden muss man sich aber nicht unbedingt. Wir werden flexibel auf den Besucherzuspruch reagieren und weitere Rundg\u00e4nge aufs Programm setzen, wenn mehr G\u00e4ste als Pl\u00e4tze da sind\u201c, erkl\u00e4rt Stephan Hurst, der Leiter der Schlossverwaltung.<\/p>\n<p style=\"text-align: justify;\"><strong>Das Schloss ist erst seit dem 3. Juni wieder offen<br \/>\n<\/strong>Die sinkenden Inzidenzwerte in der Region haben es m\u00f6glich gemacht, den Besucherbetrieb wieder aufzunehmen \u2013 endlich, nach mehreren Monaten der Schlie\u00dfung. Erst am 3. Juni hatten die Staatlichen Schl\u00f6sser und G\u00e4rten Baden-W\u00fcrttemberg die Tore des Residenzschlosses wieder \u00f6ffnen k\u00f6nnen \u2013 die ersten zehn Tage allerdings nur f\u00fcr individuelle Rundg\u00e4nge. Schloss Ludwigsburg ist eines der besucherst\u00e4rksten Monumente der Staatlichen Schl\u00f6sser und G\u00e4rten \u2013 und im Juni ist in normalen Jahren Hochsaison. Das Team des Residenzschlosses ist an viel Betrieb gew\u00f6hnt. Jetzt starten die F\u00fchrungen vorerst an den Wochentagen erst einmal noch im Stundentakt, an den Wochenenden im halbst\u00fcndigen Rhythmus. \u201eWenn viel Nachfrage ist, k\u00f6nnen wir schnell und flexibel reagieren und die F\u00fchrungsfrequenz mit unseren Teams hochfahren\u201c, erkl\u00e4rt Stephan Hurst.<\/p>\n<p style=\"text-align: justify;\"><strong>Extra: Fotografieren gestattet \u2028<\/strong><br \/>\nEndlich sind nun auch wieder Hochzeitsfotos m\u00f6glich: Das Residenzschloss ist eine der Top-Locations f\u00fcr stimmungsvolle Fotos. Viele Brautpaare buchen einen Termin im Schloss, um ihren Erinnerungen den passenden gl\u00e4nzenden Rahmen zu geben. W\u00e4hrend der Corona-Schlie\u00dfung war das nicht m\u00f6glich und auch noch nicht in der unmittelbaren Zeit der Wiederer\u00f6ffnung. Jetzt geht es wieder: Termine kann man bei der Hotline von Schloss Ludwigsburg buchen. Die Buchung gilt f\u00fcr jeweils ein einst\u00fcndiges Zeitfenster im Schloss und umfasst das Brautpaar, die Person, die die Aufnahmen macht und eine weitere Person zum Assistieren bei den Hochzeitsfotos.<\/p>\n<p style=\"text-align: justify;\">\u00d6ffnungszeiten: T\u00e4glich von 11.00 bis 16.00 Uhr.<br \/>\nEnglische F\u00fchrung Samstag\/Sonntag\/Feiertag 14.15 Uhr<\/p>\n<hr \/>\n<p style=\"text-align: justify;\">\n","protected":false},"excerpt":{"rendered":"<p>Ludwigsburg.| Die Inzidenzwerte liegen lange genug unter 50 \u2013 jetzt kann das Residenzschloss Ludwigsburg wieder seinen F\u00fchrungsbetrieb aufnehmen. Ab dem Wochenende geht es fast wieder normal zu. Halbst\u00fcndlich starten die F\u00fchrungen am Samstag und am Sonntag, von 11 bis 16 Uhr. Und noch eine gute Nachricht: Auch Hochzeitsfotos k\u00f6nnen wieder gemacht werden. Terminbuchungen nimmt die [&hellip;]<\/p>\n","protected":false},"author":4,"featured_media":155910,"comment_status":"closed","ping_status":"open","sticky":false,"template":"","format":"standard","meta":{"inline_featured_image":false,"_exactmetrics_skip_tracking":false,"_exactmetrics_sitenote_active":false,"_exactmetrics_sitenote_note":"","_exactmetrics_sitenote_category":0,"tdm_status":"","tdm_grid_status":"","footnotes":""},"categories":[59,67],"tags":[8875,1852,5,6,68,9,1672],"class_list":{"0":"post-160279","1":"post","2":"type-post","3":"status-publish","4":"format-standard","5":"has-post-thumbnail","7":"category-aktuell","8":"category-ludwigsburg-lokal","9":"tag-die-webzeitung","10":"tag-fuhrungen","11":"tag-internetzeitung","12":"tag-ludwigsburg","13":"tag-online-zeitung","14":"tag-schaumedia","15":"tag-schloss"},"image_feature":"https:\/\/die-webzeitung.de\/ludwigsburg\/wp-content\/uploads\/sites\/5\/2020\/04\/Schloss-Ludwigsburg-cSCHAUMEDIA.jpg","author_name":"Redaktion","pure_taxonomies":{"categories":[{"term_id":59,"name":"Aktuell","slug":"aktuell","term_group":0,"term_taxonomy_id":60,"taxonomy":"category","description":"","parent":0,"count":1175,"filter":"raw","image":""},{"term_id":67,"name":"Ludwigsburg","slug":"ludwigsburg-lokal","term_group":0,"term_taxonomy_id":68,"taxonomy":"category","description":"","parent":1433,"count":652,"filter":"raw","image":""}],"tags":[{"term_id":8875,"name":"Die-Webzeitung","slug":"die-webzeitung","term_group":0,"term_taxonomy_id":8876,"taxonomy":"post_tag","description":"","parent":0,"count":4249,"filter":"raw","image":""},{"term_id":1852,"name":"F\u00fchrungen","slug":"fuhrungen","term_group":0,"term_taxonomy_id":1861,"taxonomy":"post_tag","description":"","parent":0,"count":4,"filter":"raw","image":""},{"term_id":5,"name":"Internetzeitung","slug":"internetzeitung","term_group":0,"term_taxonomy_id":5,"taxonomy":"post_tag","description":"","parent":0,"count":1533,"filter":"raw","image":""},{"term_id":6,"name":"Ludwigsburg","slug":"ludwigsburg","term_group":0,"term_taxonomy_id":6,"taxonomy":"post_tag","description":"","parent":0,"count":1349,"filter":"raw","image":""},{"term_id":68,"name":"Online-Zeitung","slug":"online-zeitung","term_group":0,"term_taxonomy_id":69,"taxonomy":"post_tag","description":"","parent":0,"count":4198,"filter":"raw","image":""},{"term_id":9,"name":"SchauMedia","slug":"schaumedia","term_group":0,"term_taxonomy_id":9,"taxonomy":"post_tag","description":"","parent":0,"count":1582,"filter":"raw","image":""},{"term_id":1672,"name":"Schloss","slug":"schloss","term_group":0,"term_taxonomy_id":1681,"taxonomy":"post_tag","description":"","parent":0,"count":7,"filter":"raw","image":""}]},"_links":{"self":[{"href":"https:\/\/die-webzeitung.de\/ludwigsburg\/wp-json\/wp\/v2\/posts\/160279","targetHints":{"allow":["GET"]}}],"collection":[{"href":"https:\/\/die-webzeitung.de\/ludwigsburg\/wp-json\/wp\/v2\/posts"}],"about":[{"href":"https:\/\/die-webzeitung.de\/ludwigsburg\/wp-json\/wp\/v2\/types\/post"}],"author":[{"embeddable":true,"href":"https:\/\/die-webzeitung.de\/ludwigsburg\/wp-json\/wp\/v2\/users\/4"}],"replies":[{"embeddable":true,"href":"https:\/\/die-webzeitung.de\/ludwigsburg\/wp-json\/wp\/v2\/comments?post=160279"}],"version-history":[{"count":2,"href":"https:\/\/die-webzeitung.de\/ludwigsburg\/wp-json\/wp\/v2\/posts\/160279\/revisions"}],"predecessor-version":[{"id":160281,"href":"https:\/\/die-webzeitung.de\/ludwigsburg\/wp-json\/wp\/v2\/posts\/160279\/revisions\/160281"}],"wp:featuredmedia":[{"embeddable":true,"href":"https:\/\/die-webzeitung.de\/ludwigsburg\/wp-json\/wp\/v2\/media\/155910"}],"wp:attachment":[{"href":"https:\/\/die-webzeitung.de\/ludwigsburg\/wp-json\/wp\/v2\/media?parent=160279"}],"wp:term":[{"taxonomy":"category","embeddable":true,"href":"https:\/\/die-webzeitung.de\/ludwigsburg\/wp-json\/wp\/v2\/categories?post=160279"},{"taxonomy":"post_tag","embeddable":true,"href":"https:\/\/die-webzeitung.de\/ludwigsburg\/wp-json\/wp\/v2\/tags?post=160279"}],"curies":[{"name":"wp","href":"https:\/\/api.w.org\/{rel}","templated":true}]}}