{"id":160227,"date":"2021-06-07T14:05:16","date_gmt":"2021-06-07T13:05:16","guid":{"rendered":"https:\/\/die-webzeitung.de\/ludwigsburg\/?p=160227"},"modified":"2021-06-07T14:05:16","modified_gmt":"2021-06-07T13:05:16","slug":"svl-wasserballer-gewinnen-turnier","status":"publish","type":"post","link":"https:\/\/die-webzeitung.de\/ludwigsburg\/2021\/06\/07\/svl-wasserballer-gewinnen-turnier\/","title":{"rendered":"SVL-Wasserballer gewinnen Turnier"},"content":{"rendered":"<h5 style=\"text-align: justify;\"><strong>Sieg sollte f\u00fcr die Euro-Qualifikation reichen<\/strong><\/h5>\n<p style=\"text-align: justify;\"><img loading=\"lazy\" decoding=\"async\" class=\"alignleft size-thumbnail wp-image-158196\" src=\"https:\/\/die-webzeitung.de\/ludwigsburg\/wp-content\/uploads\/sites\/5\/2020\/12\/svl-small.png\" alt=\"\" width=\"150\" height=\"150\" srcset=\"https:\/\/die-webzeitung.de\/ludwigsburg\/wp-content\/uploads\/sites\/5\/2020\/12\/svl-small.png 150w, https:\/\/die-webzeitung.de\/ludwigsburg\/wp-content\/uploads\/sites\/5\/2020\/12\/svl-medium.png 300w, https:\/\/die-webzeitung.de\/ludwigsburg\/wp-content\/uploads\/sites\/5\/2020\/12\/svl.png 600w, https:\/\/die-webzeitung.de\/ludwigsburg\/wp-content\/uploads\/sites\/5\/2020\/12\/svl-420x420.png 420w\" sizes=\"auto, (max-width: 150px) 100vw, 150px\" \/>Zwei Spiele gewonnen und ein Unentschieden erk\u00e4mpft: Die SVL-Wasserballer haben am Wochenende beim Turnier in Esslingen, bei dem es um die Bundesliga-Pl\u00e4tze f\u00fcnf bis acht ging, ihr ausgegebenes Ziel erreicht. Die Ludwigsburger stehen in den Abschlusstabelle ganz oben. Platz f\u00fcnf d\u00fcrfte zugleich die Qualifikation f\u00fcr das internationale Gesch\u00e4ft bedeuten. Es steht aber noch eine Entscheidung der LEN aus, der Europ\u00e4ische Dachverband f\u00fcr Wassersport will demn\u00e4chst\u00a0festlegen wie viele Teams antreten d\u00fcrfen.<\/p>\n<p style=\"text-align: justify;\">Am Ende wird alles gut, sagt man. Stimmt. Die Bundesliga-Saison ist zu Ende gespiel t &#8211; und die SVL-Wasserballer sind sehr zufrieden. Das ausgegebene Ziel ist erreicht, obgleich alle wissen: wom\u00f6glich w\u00e4re ein bisschen mehr drinnen gewesen als Platz f\u00fcnf. Doch dieser Platz f\u00fcnf d\u00fcrfte\u00a0zugleich die Qualifikation f\u00fcr den Euro-Cup bedeuten.<\/p>\n<p style=\"text-align: justify;\">Das Turnier am ersten Juni-Wochenende hat f\u00fcr die SVLer mit einem deutlichen Sieg im Derby gegen den Lokalrivalen SSV Esslingen begonnen (13:6). Der Start in dieses erste Spiel am Freitagabend indes ist beschwerlich. Die Ludwigsburger liegen zun\u00e4chst mit 0:2 zur\u00fcck, bald steht es 2:4. So hatten sich der Team-Manager Adrijan Jakovcev, der Trainer Aleksa Manic und die Spieler das nicht vorgestellt.<\/p>\n<p style=\"text-align: justify;\">Der SVL-Torwart Ivan Pisk ist aber in Topform, pariert viele gute Sch\u00fcsse der Esslingen. Und als der SVL-Torj\u00e4ger Marko Martinic dann auch noch voll aufdreht &#8211; dreht sich auch das Spiel. Zur Halbzeit steht es 5:4. Und dann bald 7:4 f\u00fcr den SVL. Im dritten Viertel f\u00fchrt Ludwigsburg bald mit 9:6. Auch als Esslingen in doppelter \u00dcberzahl spielt gelingt den Gegnern kein Tor. Der Sprecher von SSV, der das Spiel live im Internet kommentiert, sagt: \u201eWir werden m\u00fcde.\u201c Kurz vor Schluss schie\u00dft Martinic sein sechstes Tor zum Endstand 13:6 f\u00fcr Ludwigsburg. Das Spiel ist gewonnen, der erste Schritt getan.<\/p>\n<p style=\"text-align: justify;\">F\u00fcr den SVL: Josip Katusa, Luka Vulovic (1 Tor), Timo van der Bosch (1), Leopold Friedrich, Marko Martinic (6), Veljko Stanimirovic (1), Domagoj Mijatovic (1), Kristijan Lipar (1), Mattia Ruggeri, Mitko Nachev (1), Nino Blazevic (1), Eric Fernandez Rivas, Ivan Pisk<\/p>\n<p style=\"text-align: justify;\">Samstagabend, n\u00e4chstes Spiel. Gegen die SG Neuk\u00f6lln. Der SVL f\u00fchrt bald mit 3:1. Aber der Gegner bleibt dran. Die Partie wird turbulent &#8211; turbulent und spannend &#8211; mit einigen Nicklichkeiten, mit Rausstellungen und mit zwei Roten Karten gegen Ludwigsburg. Der Sprecher auf dem Esslinger Youtube-Kanal spricht allerdings auch von einem \u201eGenuss f\u00fcrs Auge\u201c.<\/p>\n<p style=\"text-align: justify;\">Der SVL zieht davon, im zweiten Viertel steht es bald 5:3. Aber Neuk\u00f6lln bleibt weiter dran, gleicht wenig sp\u00e4ter zum 5:5 aus. Im dritten Viertel geht Neuk\u00f6lln erstmals in F\u00fchrung, 7:8. Das Team aus Berlin ist von Trainer offenkundig gut eingestellt, und die Spieler sind fit. Der Sprecher fragt: \u201eIst der SVL ratlos?\u201c Nein, der SVL gleicht schlussendlich aus, nach dem Schlusspfiff steht es 9:9. Ludwigsburg f\u00fchrt die Tabelle knapp an. Der SVL-Vizepr\u00e4sident Matthias Nagel sagt am sp\u00e4ten Abend: \u201eAlles ist okay, wir sollten am Sonntag aber nicht verlieren.\u201c<\/p>\n<p style=\"text-align: justify;\">F\u00fcr den SVL:\u00a0Josip Katusa, Luka Vulovic, Timo van der Bosch (1 Tor), Leopold Friedrich, Marko Martinic (4), Veljko Stanimirovic, Domagoj Mijatovic (1), Kristijan Lipar, Mattia Ruggeri, Mitko Nachev (2), Nino Blazevic (1), Eric Fernandez Rivas, Ivan Pisk<\/p>\n<p style=\"text-align: justify;\">Sonntag, 10 Uhr: das quasi-Entscheidungsspiel gegen die White Sharks Hannover. Hannover m\u00fcsste gewinnen, um Platz f\u00fcnf zu erreichen, dem SVL reicht ein Unentschieden. Bis zur Halbzeit h\u00e4lt Hannover einigerma\u00dfen gut mit, dann indes zieht der SVL auf und davon. Nach 0:2 zu Beginn steht es bald 4:2 f\u00fcr Ludwigsburg. Dieter Gscheidle, SVL-Urgestein, sagt in der Halbzeitpause: \u201eUnsere Abwehr ist gut, die Chancenverwertung l\u00e4sst aber noch zu w\u00fcnschen \u00fcbrig.\u201c Er erwarte allerdings einen \u201eeindeutigen Sieg\u201c f\u00fcr Ludwigsburg. Der Dieter wird Recht behalten.<\/p>\n<p style=\"text-align: justify;\">Der SVL-Torwart Pisk zeigt tolle Paraden, Martinic und seine Kollegen treffen. Der Sprecher sagt: \u201eJetzt wird das Spiel fast langweilig\u201c. Sch\u00f6n f\u00fcr den SV Ludwigsburg, der nach dem dritten Viertel mit 7:4 f\u00fchrt. Mit einem Tor des SVL-Nationalspielers Timo von der Bosch endet das Spiel mit 9:4 f\u00fcr Ludwigsburg.<\/p>\n<p style=\"text-align: justify;\">F\u00fcr den SVL: Josip Katusa, Luka Vulovic (2 Tore), Timo van der Bosch (2), Leopold Friedrich, Marko Martinic (4), Veljko Stanimirovic, Domagoj Mijatovic, Kristijan Lipar, Mattia Ruggeri, Mitko Nachev, Nino Blazevic (1), Eric Fernandez Rivas, Ivan Pisk<\/p>\n<p style=\"text-align: justify;\">Timo sagt nach dem letzten Spiel: Platz f\u00fcnf sei gut, \u201ekein Spiel verloren, nicht immer gut gespielt, aber daran erinnert sich in eine paar Monaten eh niemand mehr\u201c. Gewonnen ist gewonnen. Viele Spieler machen nach dem Turnier erstmal ein bisschen Urlaub. F\u00fcr Timo geht es am Mittwoch indes noch zur Nationalmannschaft, weitere f\u00fcnf Tage Training.<\/p>\n<p style=\"text-align: justify;\">Matthias Nagel spricht mit Blick auf das letzte Spiel und auf die ganze, mitunter schwierige Corona-Saison von einem \u201evers\u00f6hnlichen Abschluss\u201c. 5:1 Punkte im Turnier in Esslingen seinen gut. Okay, so Nagel, \u201ees h\u00e4tte mehr sein k\u00f6nnen gegen Neuk\u00f6lln\u201c. Insgesamt w\u00e4re wom\u00f6glich Platz vier drinnen gewesen. Der SVL sei aber wieder ein St\u00fcck n\u00e4her an die Top-Vier-Mannschaften heran ger\u00fcckt. Die vorige Saison hatte Ludwigsburg mit Platz sechs abgeschlossen. Zu Beginn dieser Runde hatte der Team-Manager erkl\u00e4rt, der SVL wolle Jahr f\u00fcr Jahr eine Platz gut machen. Also alles im Plan.<\/p>\n<p style=\"text-align: justify;\">Nagel sagt: \u201eWir freuen uns auf die Pause\u201c, die Saison mit der erstmaligen Teilnahme am Euro-Cup im Winter sei lang gewesen. Mitte August beginne das Training wieder, und Mitte September solle der Deutsche Pokal ausgespielt werden. \u201eUnd dann wollen wir unbedingt wieder international spielen.\u201c Die LEN werde voraussichtlich in den n\u00e4chsten\u00a0Wochen entscheiden, wie viele deutsche Mannschaften spielen d\u00fcrfen.<\/p>\n<hr \/>\n<p style=\"text-align: justify;\">\n","protected":false},"excerpt":{"rendered":"<p>Sieg sollte f\u00fcr die Euro-Qualifikation reichen Zwei Spiele gewonnen und ein Unentschieden erk\u00e4mpft: Die SVL-Wasserballer haben am Wochenende beim Turnier in Esslingen, bei dem es um die Bundesliga-Pl\u00e4tze f\u00fcnf bis acht ging, ihr ausgegebenes Ziel erreicht. Die Ludwigsburger stehen in den Abschlusstabelle ganz oben. Platz f\u00fcnf d\u00fcrfte zugleich die Qualifikation f\u00fcr das internationale Gesch\u00e4ft bedeuten. [&hellip;]<\/p>\n","protected":false},"author":4,"featured_media":0,"comment_status":"closed","ping_status":"open","sticky":false,"template":"","format":"standard","meta":{"inline_featured_image":false,"_exactmetrics_skip_tracking":false,"_exactmetrics_sitenote_active":false,"_exactmetrics_sitenote_note":"","_exactmetrics_sitenote_category":0,"tdm_status":"","tdm_grid_status":"","footnotes":""},"categories":[110],"tags":[131,8875,5,68,9,4111,2645,2636,1224],"class_list":{"0":"post-160227","1":"post","2":"type-post","3":"status-publish","4":"format-standard","6":"category-sport","7":"tag-bundesliga","8":"tag-die-webzeitung","9":"tag-internetzeitung","10":"tag-online-zeitung","11":"tag-schaumedia","12":"tag-schwimmen","13":"tag-schwimmverein","14":"tag-svl","15":"tag-wasserball"},"image_feature":null,"author_name":"Redaktion","pure_taxonomies":{"categories":[{"term_id":110,"name":"Sport","slug":"sport","term_group":0,"term_taxonomy_id":112,"taxonomy":"category","description":"Sportberichte","parent":0,"count":1115,"filter":"raw","image":""}],"tags":[{"term_id":131,"name":"Bundesliga","slug":"bundesliga","term_group":0,"term_taxonomy_id":133,"taxonomy":"post_tag","description":"","parent":0,"count":715,"filter":"raw","image":""},{"term_id":8875,"name":"Die-Webzeitung","slug":"die-webzeitung","term_group":0,"term_taxonomy_id":8876,"taxonomy":"post_tag","description":"","parent":0,"count":4257,"filter":"raw","image":""},{"term_id":5,"name":"Internetzeitung","slug":"internetzeitung","term_group":0,"term_taxonomy_id":5,"taxonomy":"post_tag","description":"","parent":0,"count":1533,"filter":"raw","image":""},{"term_id":68,"name":"Online-Zeitung","slug":"online-zeitung","term_group":0,"term_taxonomy_id":69,"taxonomy":"post_tag","description":"","parent":0,"count":4206,"filter":"raw","image":""},{"term_id":9,"name":"SchauMedia","slug":"schaumedia","term_group":0,"term_taxonomy_id":9,"taxonomy":"post_tag","description":"","parent":0,"count":1582,"filter":"raw","image":""},{"term_id":4111,"name":"schwimmen","slug":"schwimmen","term_group":0,"term_taxonomy_id":4124,"taxonomy":"post_tag","description":"","parent":0,"count":175,"filter":"raw","image":""},{"term_id":2645,"name":"Schwimmverein","slug":"schwimmverein","term_group":0,"term_taxonomy_id":2658,"taxonomy":"post_tag","description":"","parent":0,"count":175,"filter":"raw","image":""},{"term_id":2636,"name":"SVL","slug":"svl","term_group":0,"term_taxonomy_id":2649,"taxonomy":"post_tag","description":"","parent":0,"count":166,"filter":"raw","image":""},{"term_id":1224,"name":"Wasserball","slug":"wasserball","term_group":0,"term_taxonomy_id":1233,"taxonomy":"post_tag","description":"","parent":0,"count":150,"filter":"raw","image":""}]},"_links":{"self":[{"href":"https:\/\/die-webzeitung.de\/ludwigsburg\/wp-json\/wp\/v2\/posts\/160227","targetHints":{"allow":["GET"]}}],"collection":[{"href":"https:\/\/die-webzeitung.de\/ludwigsburg\/wp-json\/wp\/v2\/posts"}],"about":[{"href":"https:\/\/die-webzeitung.de\/ludwigsburg\/wp-json\/wp\/v2\/types\/post"}],"author":[{"embeddable":true,"href":"https:\/\/die-webzeitung.de\/ludwigsburg\/wp-json\/wp\/v2\/users\/4"}],"replies":[{"embeddable":true,"href":"https:\/\/die-webzeitung.de\/ludwigsburg\/wp-json\/wp\/v2\/comments?post=160227"}],"version-history":[{"count":1,"href":"https:\/\/die-webzeitung.de\/ludwigsburg\/wp-json\/wp\/v2\/posts\/160227\/revisions"}],"predecessor-version":[{"id":160228,"href":"https:\/\/die-webzeitung.de\/ludwigsburg\/wp-json\/wp\/v2\/posts\/160227\/revisions\/160228"}],"wp:attachment":[{"href":"https:\/\/die-webzeitung.de\/ludwigsburg\/wp-json\/wp\/v2\/media?parent=160227"}],"wp:term":[{"taxonomy":"category","embeddable":true,"href":"https:\/\/die-webzeitung.de\/ludwigsburg\/wp-json\/wp\/v2\/categories?post=160227"},{"taxonomy":"post_tag","embeddable":true,"href":"https:\/\/die-webzeitung.de\/ludwigsburg\/wp-json\/wp\/v2\/tags?post=160227"}],"curies":[{"name":"wp","href":"https:\/\/api.w.org\/{rel}","templated":true}]}}