{"id":160225,"date":"2021-06-07T14:02:47","date_gmt":"2021-06-07T13:02:47","guid":{"rendered":"https:\/\/die-webzeitung.de\/ludwigsburg\/?p=160225"},"modified":"2021-06-07T14:02:47","modified_gmt":"2021-06-07T13:02:47","slug":"johnathan-zinram-verlaengert-seinen-vertrag-beim-sgv","status":"publish","type":"post","link":"https:\/\/die-webzeitung.de\/ludwigsburg\/2021\/06\/07\/johnathan-zinram-verlaengert-seinen-vertrag-beim-sgv\/","title":{"rendered":"Johnathan Zinram verl\u00e4ngert seinen Vertrag beim SGV"},"content":{"rendered":"<p style=\"text-align: justify;\"><img loading=\"lazy\" decoding=\"async\" class=\"alignleft size-thumbnail wp-image-160113\" src=\"https:\/\/die-webzeitung.de\/ludwigsburg\/wp-content\/uploads\/sites\/5\/2021\/05\/SGV100-small.jpg\" alt=\"\" width=\"100\" height=\"128\" \/>Freiberg a. N.| Der 29-j\u00e4hrige, 1,75 gro\u00dfe, Bad Kreuznacher, hat sich entschieden seinen auslaufenden Vertrag beim SGV Freiberg Fu\u00dfball zu verl\u00e4ngern. Johnny kam zu Beginn der Rumpfsaison 2020\/21 aus Pforzheim an den Wasen und erarbeitete sich von Beginn an einen Stammplatz im zentralen Mittelfeld. Mit der Erfahrung aus 95 Regionalliga- und 112 Oberliga-Eins\u00e4tzen hatte er erheblich Anteil am spektakul\u00e4ren Erfolg des Freiberger Oberligisten. In seinen 10 Ligaspielen (2 Tore, 4 Assists) und 4 Pokalspielen (1 Tor, 2 Assists) der annullierten Saison, seiner Mentalit\u00e4t und positiven Ausstrahlung, spielte er sich in die Herzen der SGV-Fans, die sich nun auf weitere Spiele mit Johnny freuen d\u00fcrfen.<\/p>\n<hr \/>\n<p style=\"text-align: justify;\">\n","protected":false},"excerpt":{"rendered":"<p>Freiberg a. N.| Der 29-j\u00e4hrige, 1,75 gro\u00dfe, Bad Kreuznacher, hat sich entschieden seinen auslaufenden Vertrag beim SGV Freiberg Fu\u00dfball zu verl\u00e4ngern. Johnny kam zu Beginn der Rumpfsaison 2020\/21 aus Pforzheim an den Wasen und erarbeitete sich von Beginn an einen Stammplatz im zentralen Mittelfeld. Mit der Erfahrung aus 95 Regionalliga- und 112 Oberliga-Eins\u00e4tzen hatte er [&hellip;]<\/p>\n","protected":false},"author":4,"featured_media":0,"comment_status":"closed","ping_status":"open","sticky":false,"template":"","format":"standard","meta":{"inline_featured_image":false,"_exactmetrics_skip_tracking":false,"_exactmetrics_sitenote_active":false,"_exactmetrics_sitenote_note":"","_exactmetrics_sitenote_category":0,"tdm_status":"","tdm_grid_status":"","footnotes":""},"categories":[110],"tags":[8875,80,1080,68,9,119],"class_list":{"0":"post-160225","1":"post","2":"type-post","3":"status-publish","4":"format-standard","6":"category-sport","7":"tag-die-webzeitung","8":"tag-freiberger-seite","9":"tag-oberliga","10":"tag-online-zeitung","11":"tag-schaumedia","12":"tag-sgv"},"image_feature":null,"author_name":"Redaktion","pure_taxonomies":{"categories":[{"term_id":110,"name":"Sport","slug":"sport","term_group":0,"term_taxonomy_id":112,"taxonomy":"category","description":"Sportberichte","parent":0,"count":1115,"filter":"raw","image":""}],"tags":[{"term_id":8875,"name":"Die-Webzeitung","slug":"die-webzeitung","term_group":0,"term_taxonomy_id":8876,"taxonomy":"post_tag","description":"","parent":0,"count":4257,"filter":"raw","image":""},{"term_id":80,"name":"Freiberg","slug":"freiberger-seite","term_group":0,"term_taxonomy_id":95,"taxonomy":"post_tag","description":"","parent":0,"count":122,"filter":"raw","image":""},{"term_id":1080,"name":"Oberliga","slug":"oberliga","term_group":0,"term_taxonomy_id":1089,"taxonomy":"post_tag","description":"","parent":0,"count":47,"filter":"raw","image":""},{"term_id":68,"name":"Online-Zeitung","slug":"online-zeitung","term_group":0,"term_taxonomy_id":69,"taxonomy":"post_tag","description":"","parent":0,"count":4206,"filter":"raw","image":""},{"term_id":9,"name":"SchauMedia","slug":"schaumedia","term_group":0,"term_taxonomy_id":9,"taxonomy":"post_tag","description":"","parent":0,"count":1582,"filter":"raw","image":""},{"term_id":119,"name":"SGV","slug":"sgv","term_group":0,"term_taxonomy_id":121,"taxonomy":"post_tag","description":"","parent":0,"count":81,"filter":"raw","image":""}]},"_links":{"self":[{"href":"https:\/\/die-webzeitung.de\/ludwigsburg\/wp-json\/wp\/v2\/posts\/160225","targetHints":{"allow":["GET"]}}],"collection":[{"href":"https:\/\/die-webzeitung.de\/ludwigsburg\/wp-json\/wp\/v2\/posts"}],"about":[{"href":"https:\/\/die-webzeitung.de\/ludwigsburg\/wp-json\/wp\/v2\/types\/post"}],"author":[{"embeddable":true,"href":"https:\/\/die-webzeitung.de\/ludwigsburg\/wp-json\/wp\/v2\/users\/4"}],"replies":[{"embeddable":true,"href":"https:\/\/die-webzeitung.de\/ludwigsburg\/wp-json\/wp\/v2\/comments?post=160225"}],"version-history":[{"count":1,"href":"https:\/\/die-webzeitung.de\/ludwigsburg\/wp-json\/wp\/v2\/posts\/160225\/revisions"}],"predecessor-version":[{"id":160226,"href":"https:\/\/die-webzeitung.de\/ludwigsburg\/wp-json\/wp\/v2\/posts\/160225\/revisions\/160226"}],"wp:attachment":[{"href":"https:\/\/die-webzeitung.de\/ludwigsburg\/wp-json\/wp\/v2\/media?parent=160225"}],"wp:term":[{"taxonomy":"category","embeddable":true,"href":"https:\/\/die-webzeitung.de\/ludwigsburg\/wp-json\/wp\/v2\/categories?post=160225"},{"taxonomy":"post_tag","embeddable":true,"href":"https:\/\/die-webzeitung.de\/ludwigsburg\/wp-json\/wp\/v2\/tags?post=160225"}],"curies":[{"name":"wp","href":"https:\/\/api.w.org\/{rel}","templated":true}]}}