{"id":160194,"date":"2021-06-03T10:22:14","date_gmt":"2021-06-03T09:22:14","guid":{"rendered":"https:\/\/die-webzeitung.de\/ludwigsburg\/?p=160194"},"modified":"2021-06-03T10:22:14","modified_gmt":"2021-06-03T09:22:14","slug":"160194","status":"publish","type":"post","link":"https:\/\/die-webzeitung.de\/ludwigsburg\/2021\/06\/03\/160194\/","title":{"rendered":"Gerichtsgang von SGV und Kickers ohne Chancen auf Erfolg"},"content":{"rendered":"<ul>\n<li style=\"text-align: justify;\">Nach m\u00fcndlicher Verhandlung: Antr\u00e4ge auf einstweilige Verf\u00fcgungen des SGV Freiberg Fu\u00dfball und der Stuttgarter Kickers haben nur geringe Erfolgschancen.<\/li>\n<li style=\"text-align: justify;\">Beide Vereine halten nach wie vor an ihren Antr\u00e4gen fest.<\/li>\n<li style=\"text-align: justify;\">Termin f\u00fcr die Gerichtsentscheidung ist der 11.06.2021.<\/li>\n<\/ul>\n<p style=\"text-align: justify;\">Freiberg a. N.| Am Mittwoch, 02.06.21, hat vor dem Landgericht Stuttgart die m\u00fcndliche Verhandlung \u00fcber die Antr\u00e4ge des SGV Freiberg Fu\u00dfball und der Stuttgarter Kickers auf einstweilige Verf\u00fcgung stattgefunden, mit denen sich die Vereine gegen die Entscheidung von Regionalliga S\u00fcdwest und Oberliga Baden-W\u00fcrttemberg gewandt hatte, die Spielzeit 2020\/21 ohne die M\u00f6glichkeit des Aufstiegs in die Regionalliga zu annullieren. Die Verhandlung endete nach ausf\u00fchrlicher und mehrst\u00fcndiger Er\u00f6rterung zur Sach- und Rechtslage mit einem entt\u00e4uschenden, wenn auch nicht g\u00e4nzlich unerwarteten Ergebnis.<\/p>\n<p style=\"text-align: justify;\">Nach vorl\u00e4ufiger Einsch\u00e4tzung misst das Gericht den Antr\u00e4gen beider Vereine im Ergebnis keine gro\u00dfen Erfolgschancen bei. Zur Begr\u00fcndung f\u00fcr diese vorl\u00e4ufige Einsch\u00e4tzung verwies das Gericht zum einen auf die bestehenden Einschr\u00e4nkungen aufgrund der geltenden Corona-Verordnung. Diese w\u00fcrden auch unter der Annahme g\u00fcnstigster Bedingungen eine Fortsetzung des Spielbetriebs, um zumindest die Hinrunde der Spielzeit 2020\/21 zu absolvieren, nicht als realistisch erscheinen lassen. Insoweit laufe die Zeit \u2013 so das Gericht \u2013 gegen die Vereine aus Freiberg und Stuttgart. Einer Meldung als Aufsteiger auf der Grundlage der beim Abbruch bestehenden Tabellenkonstellation, die den SGV Freiberg Fu\u00dfball als Tabellenf\u00fchrer und die Kickers als Tabellenzweiten ausweist, steht nach der vorl\u00e4ufigen Einsch\u00e4tzung des Gerichts entgegen, dass die Vereine noch keine gesicherte Rechtsposition erlangt h\u00e4tten, nachdem erst rund ein Drittel der Spielzeit absolviert worden sei. Beide Vereine hielten trotz dieser vorl\u00e4ufigen Einsch\u00e4tzung des Gerichts an ihren Antr\u00e4gen fest, so dass das Gericht nun eine Entscheidung treffen wird. \u2028Als Termin f\u00fcr die Verk\u00fcndung dieser Entscheidung wurde der 11. Juni 2021 bestimmt.<\/p>\n<p style=\"text-align: justify;\"><strong>SGV-Pr\u00e4sident Emir Cerkez:<\/strong><br \/>\n&#8220;Von der gerichtlichen Einsch\u00e4tzung sind wir nicht \u00fcberrascht. Nach vielen Gespr\u00e4chen mit unserem Rechtsbeistand, wussten wir, dass unsere Erfolgschancen vor Gericht gering sein w\u00fcrden. Wir sind dennoch bewusst diesen Schritt gegangen um unser Anliegen in die \u00d6ffentlichkeit zu transportieren und somit dem Verband zu verdeutlichen, dass f\u00fcr uns die Art und Weise, wie mit Mitgliedsvereinen umgegangen wird, schwer hinnehmbar ist. Wir haben, vor allem nach dem gestrigen Termin, auch weiterhin das Gef\u00fchl, dass hinsichtlich der n\u00e4chsten Saison vom Verband weiter kein Konzept erarbeitet wurde, mit dessen Hilfe vermieden werden kann, dass wir oder ein anderer Verein sich in der n\u00e4chsten Saison in einer \u00e4hnlichen Situation wiederfindet.<\/p>\n<hr \/>\n<p style=\"text-align: justify;\">\n","protected":false},"excerpt":{"rendered":"<p>Nach m\u00fcndlicher Verhandlung: Antr\u00e4ge auf einstweilige Verf\u00fcgungen des SGV Freiberg Fu\u00dfball und der Stuttgarter Kickers haben nur geringe Erfolgschancen. Beide Vereine halten nach wie vor an ihren Antr\u00e4gen fest. Termin f\u00fcr die Gerichtsentscheidung ist der 11.06.2021. Freiberg a. N.| Am Mittwoch, 02.06.21, hat vor dem Landgericht Stuttgart die m\u00fcndliche Verhandlung \u00fcber die Antr\u00e4ge des SGV [&hellip;]<\/p>\n","protected":false},"author":4,"featured_media":0,"comment_status":"closed","ping_status":"open","sticky":false,"template":"","format":"standard","meta":{"inline_featured_image":false,"_exactmetrics_skip_tracking":false,"_exactmetrics_sitenote_active":false,"_exactmetrics_sitenote_note":"","_exactmetrics_sitenote_category":0,"tdm_status":"","tdm_grid_status":"","footnotes":""},"categories":[110],"tags":[8875,80,129,5,1080,68,9,119],"class_list":{"0":"post-160194","1":"post","2":"type-post","3":"status-publish","4":"format-standard","6":"category-sport","7":"tag-die-webzeitung","8":"tag-freiberger-seite","9":"tag-fusball","10":"tag-internetzeitung","11":"tag-oberliga","12":"tag-online-zeitung","13":"tag-schaumedia","14":"tag-sgv"},"image_feature":null,"author_name":"Redaktion","pure_taxonomies":{"categories":[{"term_id":110,"name":"Sport","slug":"sport","term_group":0,"term_taxonomy_id":112,"taxonomy":"category","description":"Sportberichte","parent":0,"count":1115,"filter":"raw","image":""}],"tags":[{"term_id":8875,"name":"Die-Webzeitung","slug":"die-webzeitung","term_group":0,"term_taxonomy_id":8876,"taxonomy":"post_tag","description":"","parent":0,"count":4257,"filter":"raw","image":""},{"term_id":80,"name":"Freiberg","slug":"freiberger-seite","term_group":0,"term_taxonomy_id":95,"taxonomy":"post_tag","description":"","parent":0,"count":122,"filter":"raw","image":""},{"term_id":129,"name":"Fu\u00dfball","slug":"fusball","term_group":0,"term_taxonomy_id":131,"taxonomy":"post_tag","description":"","parent":0,"count":189,"filter":"raw","image":""},{"term_id":5,"name":"Internetzeitung","slug":"internetzeitung","term_group":0,"term_taxonomy_id":5,"taxonomy":"post_tag","description":"","parent":0,"count":1533,"filter":"raw","image":""},{"term_id":1080,"name":"Oberliga","slug":"oberliga","term_group":0,"term_taxonomy_id":1089,"taxonomy":"post_tag","description":"","parent":0,"count":47,"filter":"raw","image":""},{"term_id":68,"name":"Online-Zeitung","slug":"online-zeitung","term_group":0,"term_taxonomy_id":69,"taxonomy":"post_tag","description":"","parent":0,"count":4206,"filter":"raw","image":""},{"term_id":9,"name":"SchauMedia","slug":"schaumedia","term_group":0,"term_taxonomy_id":9,"taxonomy":"post_tag","description":"","parent":0,"count":1582,"filter":"raw","image":""},{"term_id":119,"name":"SGV","slug":"sgv","term_group":0,"term_taxonomy_id":121,"taxonomy":"post_tag","description":"","parent":0,"count":81,"filter":"raw","image":""}]},"_links":{"self":[{"href":"https:\/\/die-webzeitung.de\/ludwigsburg\/wp-json\/wp\/v2\/posts\/160194","targetHints":{"allow":["GET"]}}],"collection":[{"href":"https:\/\/die-webzeitung.de\/ludwigsburg\/wp-json\/wp\/v2\/posts"}],"about":[{"href":"https:\/\/die-webzeitung.de\/ludwigsburg\/wp-json\/wp\/v2\/types\/post"}],"author":[{"embeddable":true,"href":"https:\/\/die-webzeitung.de\/ludwigsburg\/wp-json\/wp\/v2\/users\/4"}],"replies":[{"embeddable":true,"href":"https:\/\/die-webzeitung.de\/ludwigsburg\/wp-json\/wp\/v2\/comments?post=160194"}],"version-history":[{"count":1,"href":"https:\/\/die-webzeitung.de\/ludwigsburg\/wp-json\/wp\/v2\/posts\/160194\/revisions"}],"predecessor-version":[{"id":160195,"href":"https:\/\/die-webzeitung.de\/ludwigsburg\/wp-json\/wp\/v2\/posts\/160194\/revisions\/160195"}],"wp:attachment":[{"href":"https:\/\/die-webzeitung.de\/ludwigsburg\/wp-json\/wp\/v2\/media?parent=160194"}],"wp:term":[{"taxonomy":"category","embeddable":true,"href":"https:\/\/die-webzeitung.de\/ludwigsburg\/wp-json\/wp\/v2\/categories?post=160194"},{"taxonomy":"post_tag","embeddable":true,"href":"https:\/\/die-webzeitung.de\/ludwigsburg\/wp-json\/wp\/v2\/tags?post=160194"}],"curies":[{"name":"wp","href":"https:\/\/api.w.org\/{rel}","templated":true}]}}