{"id":160112,"date":"2021-05-30T10:44:38","date_gmt":"2021-05-30T09:44:38","guid":{"rendered":"https:\/\/die-webzeitung.de\/ludwigsburg\/?p=160112"},"modified":"2021-05-30T10:44:38","modified_gmt":"2021-05-30T09:44:38","slug":"der-sgv-freiberg-fussball-verpflichtet-angelo-rinaldi","status":"publish","type":"post","link":"https:\/\/die-webzeitung.de\/ludwigsburg\/2021\/05\/30\/der-sgv-freiberg-fussball-verpflichtet-angelo-rinaldi\/","title":{"rendered":"Der SGV Freiberg Fu\u00dfball verpflichtet \u2028Angelo Rinaldi"},"content":{"rendered":"<p style=\"text-align: justify;\"><img loading=\"lazy\" decoding=\"async\" class=\"alignleft size-thumbnail wp-image-160113\" src=\"https:\/\/die-webzeitung.de\/ludwigsburg\/wp-content\/uploads\/sites\/5\/2021\/05\/SGV100-small.jpg\" alt=\"\" width=\"100\" height=\"128\" \/>Freiberg a. N.| Angelo Rinaldi kommt aktuell vom Regionalligisten SSV Ulm 1846 Fu\u00dfball. Der 23-j\u00e4hrige Defensivspieler, der auf der rechten Abwehrseite zu Hause ist, wird von der Donau an den Neckar wechseln.<\/p>\n<p style=\"text-align: justify;\">Rinaldi wurde beim FC Winterthur in der Schweiz ausgebildet, bevor er 2016 zum SC Freiburg in die U19 wechselte und mit den Breisgauern 22 Mal in der U19 Bundesliga S\u00fcdwest spielte. Der Deutsch-Italiener ist 1,83 Meter gro\u00df und kann auf f\u00fcnf L\u00e4nderspiele f\u00fcr die Deutsche U18-Nationalmannschaft zur\u00fcckblicken. F\u00fcr den SC Freiburg II und den SSV Ulm 1846 Fu\u00dfball absolvierte er bis dato 48 Spiele in der Regionalliga S\u00fcdwest. Das Jungtalent unterzeichnete in Freiberg einen Einjahresvertrag.<\/p>\n<p style=\"text-align: justify;\">Rinaldi: \u201eDer SGV hat mich in den Gespr\u00e4chen sofort von seinem spannenden Projekt \u00fcberzeugen k\u00f6nnen. Ich freue mich sehr, dass nach einer, f\u00fcr mich schweren Saison, der Wechsel zustande kam und m\u00f6chte dieses Vertrauen auch gerne zur\u00fcckzahlen.<\/p>\n<hr \/>\n<p style=\"text-align: justify;\">\n","protected":false},"excerpt":{"rendered":"<p>Freiberg a. N.| Angelo Rinaldi kommt aktuell vom Regionalligisten SSV Ulm 1846 Fu\u00dfball. Der 23-j\u00e4hrige Defensivspieler, der auf der rechten Abwehrseite zu Hause ist, wird von der Donau an den Neckar wechseln. Rinaldi wurde beim FC Winterthur in der Schweiz ausgebildet, bevor er 2016 zum SC Freiburg in die U19 wechselte und mit den Breisgauern [&hellip;]<\/p>\n","protected":false},"author":4,"featured_media":160114,"comment_status":"closed","ping_status":"open","sticky":false,"template":"","format":"standard","meta":{"inline_featured_image":false,"_exactmetrics_skip_tracking":false,"_exactmetrics_sitenote_active":false,"_exactmetrics_sitenote_note":"","_exactmetrics_sitenote_category":0,"tdm_status":"","tdm_grid_status":"","footnotes":""},"categories":[110],"tags":[8875,80,129,5,1080,68,9,119],"class_list":{"0":"post-160112","1":"post","2":"type-post","3":"status-publish","4":"format-standard","5":"has-post-thumbnail","7":"category-sport","8":"tag-die-webzeitung","9":"tag-freiberger-seite","10":"tag-fusball","11":"tag-internetzeitung","12":"tag-oberliga","13":"tag-online-zeitung","14":"tag-schaumedia","15":"tag-sgv"},"image_feature":"https:\/\/die-webzeitung.de\/ludwigsburg\/wp-content\/uploads\/sites\/5\/2021\/05\/Rinaldi.jpg","author_name":"Redaktion","pure_taxonomies":{"categories":[{"term_id":110,"name":"Sport","slug":"sport","term_group":0,"term_taxonomy_id":112,"taxonomy":"category","description":"Sportberichte","parent":0,"count":1115,"filter":"raw","image":""}],"tags":[{"term_id":8875,"name":"Die-Webzeitung","slug":"die-webzeitung","term_group":0,"term_taxonomy_id":8876,"taxonomy":"post_tag","description":"","parent":0,"count":4257,"filter":"raw","image":""},{"term_id":80,"name":"Freiberg","slug":"freiberger-seite","term_group":0,"term_taxonomy_id":95,"taxonomy":"post_tag","description":"","parent":0,"count":122,"filter":"raw","image":""},{"term_id":129,"name":"Fu\u00dfball","slug":"fusball","term_group":0,"term_taxonomy_id":131,"taxonomy":"post_tag","description":"","parent":0,"count":189,"filter":"raw","image":""},{"term_id":5,"name":"Internetzeitung","slug":"internetzeitung","term_group":0,"term_taxonomy_id":5,"taxonomy":"post_tag","description":"","parent":0,"count":1533,"filter":"raw","image":""},{"term_id":1080,"name":"Oberliga","slug":"oberliga","term_group":0,"term_taxonomy_id":1089,"taxonomy":"post_tag","description":"","parent":0,"count":47,"filter":"raw","image":""},{"term_id":68,"name":"Online-Zeitung","slug":"online-zeitung","term_group":0,"term_taxonomy_id":69,"taxonomy":"post_tag","description":"","parent":0,"count":4206,"filter":"raw","image":""},{"term_id":9,"name":"SchauMedia","slug":"schaumedia","term_group":0,"term_taxonomy_id":9,"taxonomy":"post_tag","description":"","parent":0,"count":1582,"filter":"raw","image":""},{"term_id":119,"name":"SGV","slug":"sgv","term_group":0,"term_taxonomy_id":121,"taxonomy":"post_tag","description":"","parent":0,"count":81,"filter":"raw","image":""}]},"_links":{"self":[{"href":"https:\/\/die-webzeitung.de\/ludwigsburg\/wp-json\/wp\/v2\/posts\/160112","targetHints":{"allow":["GET"]}}],"collection":[{"href":"https:\/\/die-webzeitung.de\/ludwigsburg\/wp-json\/wp\/v2\/posts"}],"about":[{"href":"https:\/\/die-webzeitung.de\/ludwigsburg\/wp-json\/wp\/v2\/types\/post"}],"author":[{"embeddable":true,"href":"https:\/\/die-webzeitung.de\/ludwigsburg\/wp-json\/wp\/v2\/users\/4"}],"replies":[{"embeddable":true,"href":"https:\/\/die-webzeitung.de\/ludwigsburg\/wp-json\/wp\/v2\/comments?post=160112"}],"version-history":[{"count":1,"href":"https:\/\/die-webzeitung.de\/ludwigsburg\/wp-json\/wp\/v2\/posts\/160112\/revisions"}],"predecessor-version":[{"id":160115,"href":"https:\/\/die-webzeitung.de\/ludwigsburg\/wp-json\/wp\/v2\/posts\/160112\/revisions\/160115"}],"wp:featuredmedia":[{"embeddable":true,"href":"https:\/\/die-webzeitung.de\/ludwigsburg\/wp-json\/wp\/v2\/media\/160114"}],"wp:attachment":[{"href":"https:\/\/die-webzeitung.de\/ludwigsburg\/wp-json\/wp\/v2\/media?parent=160112"}],"wp:term":[{"taxonomy":"category","embeddable":true,"href":"https:\/\/die-webzeitung.de\/ludwigsburg\/wp-json\/wp\/v2\/categories?post=160112"},{"taxonomy":"post_tag","embeddable":true,"href":"https:\/\/die-webzeitung.de\/ludwigsburg\/wp-json\/wp\/v2\/tags?post=160112"}],"curies":[{"name":"wp","href":"https:\/\/api.w.org\/{rel}","templated":true}]}}