{"id":160030,"date":"2021-05-24T12:05:29","date_gmt":"2021-05-24T11:05:29","guid":{"rendered":"https:\/\/die-webzeitung.de\/ludwigsburg\/?p=160030"},"modified":"2021-05-24T12:05:29","modified_gmt":"2021-05-24T11:05:29","slug":"u-21-kuntz-beruft-kader-fuer-em-finalrunde","status":"publish","type":"post","link":"https:\/\/die-webzeitung.de\/ludwigsburg\/2021\/05\/24\/u-21-kuntz-beruft-kader-fuer-em-finalrunde\/","title":{"rendered":"U 21: Kuntz beruft Kader f\u00fcr EM-Finalrunde"},"content":{"rendered":"<p style=\"text-align: justify;\">DFB-Trainer Stefan Kuntz hat sein 23-k\u00f6pfiges Aufgebot f\u00fcr die Finalrunde der UEFA U 21-Europameisterschaft in Ungarn und Slowenien (31. Mai bis 6. Juni) bekanntgegeben, bei der das Team am 31. Mai (ab 21 Uhr, live auf ProSieben) im Viertelfinale in Szekesfehervar auf D\u00e4nemark trifft. F\u00fcr das Trainingslager in S\u00fcdtirol (24. bis 29. Mai) wird der Kader um drei weitere Spieler erg\u00e4nzt.<\/p>\n<p style=\"text-align: justify;\">\u201eUnser Motto \u201aBesondere Zeiten \u2013 besonderes Team\u2018 spiegelt sich dieses Jahr auch in der Nominierung f\u00fcr die K.o.-Runde wider\u201c, sagt Kuntz. \u201eDurch die Teilnahme mehrerer U 21-Spieler an den Relegationsspielen in Deutschland und England sind wir gezwungen, in der Vorbereitung auf unser EM-Viertelfinale zu improvisieren. Deshalb haben wir dei zus\u00e4tzliche Spieler eingeladen, um in den kommenden Tagen in voller Mannschaftsst\u00e4rke trainieren zu k\u00f6nnen.\u201c<\/p>\n<p style=\"text-align: justify;\">Mit Karim Adeyemi (RB Salzburg) steht ein Spieler im Kader, der bei der EM sein Deb\u00fct f\u00fcr die deutsche U 21 feiern k\u00f6nnte. Florian Wirtz, der im Oktober 2020 als j\u00fcngster Spieler der U 21 auflief und zwischenzeitlich f\u00fcr die A-Nationalmannschaft nominiert wurde, ist ebenso wieder im Kader wie Paul Jaeckel (Greuther F\u00fcrth) und Janni Serra (Holstein Kiel).<\/p>\n<p style=\"text-align: justify;\">Der Kieler wird allerdings, ebenso wie seine Kontrahenten Salih \u00d6zcan und Ismail Jakobs (beide 1. FC K\u00f6ln), noch die Relegationsspiele absolvieren, bevor sie zum deutschen Team nachreisen k\u00f6nnen. Gleiches trifft auf Vitaly Janelt zu, der mit seinem Verein FC Brentford an der Aufstiegsrunde in die Premier League teilnimmt. Als zus\u00e4tzliche Spieler f\u00fcr das Trainingslager wurden Shinta Appelkamp (Fortuna D\u00fcsseldorf), Armel Bella-Kotchap (VfL Bochum) und Yannik Keitel (SC Freiburg) eingeladen.<\/p>\n<p style=\"text-align: justify;\">Zum Kader sagt Kuntz: \u201eWir setzen trotz der Teilnahme einiger unserer Spieler an den Relegationsspielen auf die Jungs, die uns bis in die Finalrunde gef\u00fchrt haben, auch wenn einige von ihnen unser Trainingslager verpassen. Sie haben sich diese Nominierung verdient. Umso dankbarer bin ich den Vereinen und Spielern, die sich in den n\u00e4chsten Tagen in den Dienst der Mannschaft stellen und daf\u00fcr sorgen, dass wir uns professionell vorbereiten k\u00f6nnen.\u201c<\/p>\n<p style=\"text-align: justify;\">Anders als vor der EM-Gruppenphase, die im M\u00e4rz gespielt wurde, hat das Team ab Montagabend sechs Tage lang Zeit, um sich in der Gemeinde Natz-Schabs auf das Viertelfinale gegen D\u00e4nemark am 31. Mai vorzubereiten. Zwei Tage vorher wird das Team in Ungarn ihr Quartier in Gardony beziehen, in dem sie auch den Hauptteil der Vorrunde, die mit einem Sieg (3:0 gegen Ungarn) und zwei Unentschieden (1:1 gegen die Niederland, 0:0 gegen Rum\u00e4nien) erfolgreich absolviert wurde, verbracht hatte. Gegner D\u00e4nemark gab sich in den Gruppenspielen keine Bl\u00f6\u00dfe und gewann alle drei Spiele ohne ein Gegentor, darunter ein 1:0 gegen den Turnierfavoriten Frankreich.<\/p>\n<p style=\"text-align: justify;\">Entsprechend sieht Stefan Kuntz sein Team nicht als Favoriten: \u201eDie D\u00e4nen haben eine sehr starke und ausgeglichene Mannschaft. Wir sind froh, dass wir uns dieses Mal intensiv im Trainingslager auf das Turnier und unseren Gegner vorbereiten k\u00f6nnen und werden die kommenden Tage dazu nutzen. Dabei kommt uns nat\u00fcrlich entgegen, dass wir die Gegebenheiten noch aus der letzten Turniervorbereitung kennen.\u201c<\/p>\n<hr \/>\n<p style=\"text-align: justify;\">\n","protected":false},"excerpt":{"rendered":"<p>DFB-Trainer Stefan Kuntz hat sein 23-k\u00f6pfiges Aufgebot f\u00fcr die Finalrunde der UEFA U 21-Europameisterschaft in Ungarn und Slowenien (31. Mai bis 6. Juni) bekanntgegeben, bei der das Team am 31. Mai (ab 21 Uhr, live auf ProSieben) im Viertelfinale in Szekesfehervar auf D\u00e4nemark trifft. F\u00fcr das Trainingslager in S\u00fcdtirol (24. bis 29. Mai) wird der [&hellip;]<\/p>\n","protected":false},"author":4,"featured_media":0,"comment_status":"closed","ping_status":"open","sticky":false,"template":"","format":"standard","meta":{"inline_featured_image":false,"_exactmetrics_skip_tracking":false,"_exactmetrics_sitenote_active":false,"_exactmetrics_sitenote_note":"","_exactmetrics_sitenote_category":0,"tdm_status":"","tdm_grid_status":"","footnotes":""},"categories":[59,110],"tags":[8875,11515,129,5,11516,68,9387],"class_list":{"0":"post-160030","1":"post","2":"type-post","3":"status-publish","4":"format-standard","6":"category-aktuell","7":"category-sport","8":"tag-die-webzeitung","9":"tag-em-finalrunde","10":"tag-fusball","11":"tag-internetzeitung","12":"tag-kader","13":"tag-online-zeitung","14":"tag-u-21"},"image_feature":null,"author_name":"Redaktion","pure_taxonomies":{"categories":[{"term_id":59,"name":"Aktuell","slug":"aktuell","term_group":0,"term_taxonomy_id":60,"taxonomy":"category","description":"","parent":0,"count":1175,"filter":"raw","image":""},{"term_id":110,"name":"Sport","slug":"sport","term_group":0,"term_taxonomy_id":112,"taxonomy":"category","description":"Sportberichte","parent":0,"count":1115,"filter":"raw","image":""}],"tags":[{"term_id":8875,"name":"Die-Webzeitung","slug":"die-webzeitung","term_group":0,"term_taxonomy_id":8876,"taxonomy":"post_tag","description":"","parent":0,"count":4257,"filter":"raw","image":""},{"term_id":11515,"name":"EM-Finalrunde","slug":"em-finalrunde","term_group":0,"term_taxonomy_id":11516,"taxonomy":"post_tag","description":"","parent":0,"count":1,"filter":"raw","image":""},{"term_id":129,"name":"Fu\u00dfball","slug":"fusball","term_group":0,"term_taxonomy_id":131,"taxonomy":"post_tag","description":"","parent":0,"count":189,"filter":"raw","image":""},{"term_id":5,"name":"Internetzeitung","slug":"internetzeitung","term_group":0,"term_taxonomy_id":5,"taxonomy":"post_tag","description":"","parent":0,"count":1533,"filter":"raw","image":""},{"term_id":11516,"name":"Kader","slug":"kader","term_group":0,"term_taxonomy_id":11517,"taxonomy":"post_tag","description":"","parent":0,"count":5,"filter":"raw","image":""},{"term_id":68,"name":"Online-Zeitung","slug":"online-zeitung","term_group":0,"term_taxonomy_id":69,"taxonomy":"post_tag","description":"","parent":0,"count":4206,"filter":"raw","image":""},{"term_id":9387,"name":"U-21","slug":"u-21","term_group":0,"term_taxonomy_id":9388,"taxonomy":"post_tag","description":"","parent":0,"count":2,"filter":"raw","image":""}]},"_links":{"self":[{"href":"https:\/\/die-webzeitung.de\/ludwigsburg\/wp-json\/wp\/v2\/posts\/160030","targetHints":{"allow":["GET"]}}],"collection":[{"href":"https:\/\/die-webzeitung.de\/ludwigsburg\/wp-json\/wp\/v2\/posts"}],"about":[{"href":"https:\/\/die-webzeitung.de\/ludwigsburg\/wp-json\/wp\/v2\/types\/post"}],"author":[{"embeddable":true,"href":"https:\/\/die-webzeitung.de\/ludwigsburg\/wp-json\/wp\/v2\/users\/4"}],"replies":[{"embeddable":true,"href":"https:\/\/die-webzeitung.de\/ludwigsburg\/wp-json\/wp\/v2\/comments?post=160030"}],"version-history":[{"count":1,"href":"https:\/\/die-webzeitung.de\/ludwigsburg\/wp-json\/wp\/v2\/posts\/160030\/revisions"}],"predecessor-version":[{"id":160031,"href":"https:\/\/die-webzeitung.de\/ludwigsburg\/wp-json\/wp\/v2\/posts\/160030\/revisions\/160031"}],"wp:attachment":[{"href":"https:\/\/die-webzeitung.de\/ludwigsburg\/wp-json\/wp\/v2\/media?parent=160030"}],"wp:term":[{"taxonomy":"category","embeddable":true,"href":"https:\/\/die-webzeitung.de\/ludwigsburg\/wp-json\/wp\/v2\/categories?post=160030"},{"taxonomy":"post_tag","embeddable":true,"href":"https:\/\/die-webzeitung.de\/ludwigsburg\/wp-json\/wp\/v2\/tags?post=160030"}],"curies":[{"name":"wp","href":"https:\/\/api.w.org\/{rel}","templated":true}]}}