{"id":159971,"date":"2021-05-18T13:24:10","date_gmt":"2021-05-18T12:24:10","guid":{"rendered":"https:\/\/die-webzeitung.de\/ludwigsburg\/?p=159971"},"modified":"2021-05-18T13:24:10","modified_gmt":"2021-05-18T12:24:10","slug":"ww-gruppe-unterzeichnet-charta-der-vielfalt","status":"publish","type":"post","link":"https:\/\/die-webzeitung.de\/ludwigsburg\/2021\/05\/18\/ww-gruppe-unterzeichnet-charta-der-vielfalt\/","title":{"rendered":"W&#038;W-Gruppe unterzeichnet \u201eCharta der Vielfalt\u201c"},"content":{"rendered":"<p style=\"text-align: justify;\"><strong>Die W\u00fcstenrot &amp; W\u00fcrttembergische-Gruppe (W&amp;W) hat die \u201eCharta der Vielfalt\u201c unterzeichnet und verpflichtet sich damit zur F\u00f6rderung von Diversit\u00e4t im Unternehmen. Initiator der Charta ist der Verein Charta der Vielfalt e. V. unter der Schirmherrschaft der Bundeskanzlerin.<\/strong><\/p>\n<p style=\"text-align: justify;\">Zur Umsetzung der Charta wird die W&amp;W:<\/p>\n<ol style=\"text-align: justify;\">\n<li>Eine Organisationskultur pflegen, die von gegenseitigem Respekt und Wertsch\u00e4tzung gepr\u00e4gt ist. Sie schafft die Voraussetzungen daf\u00fcr, dass F\u00fchrungskr\u00e4fte wie Mitarbeitende diese Werte erkennen, teilen und leben. Dabei kommt ihnen eine besondere Verpflichtung zu.<\/li>\n<li>Ihre Personalprozesse \u00fcberpr\u00fcfen und sicherstellen, dass diese den vielf\u00e4ltigen F\u00e4higkeiten und Talenten aller Mitarbeitenden sowie unserem Leistungsanspruch gerecht werden.<\/li>\n<li>Die Vielfalt innerhalb und au\u00dferhalb der Organisation anerkennen, die darin liegenden Potenziale wertsch\u00e4tzen und f\u00fcr das Unternehmen oder die Institution gewinnbringend einsetzen.<\/li>\n<li>Die Inhalte der Charta zum Thema des internen und externen Dialogs machen.<\/li>\n<li>\u00dcber ihre Aktivit\u00e4ten und den Fortschritt bei der F\u00f6rderung der Vielfalt und Wertsch\u00e4tzung j\u00e4hrlich \u00f6ffentlich Auskunft geben.<\/li>\n<li>Ihre Belegschaft \u00fcber den Mehrwert von Vielfalt informieren und sie bei der Umsetzung der Charta einbeziehen.<\/li>\n<\/ol>\n<p style=\"text-align: justify;\">Mit der Umsetzung der \u201eCharta der Vielfalt\u201c m\u00f6chte sich die W&amp;W noch aktiver daf\u00fcr einsetzen, ein wertsch\u00e4tzendes Arbeitsumfeld f\u00fcr alle Mitarbeiterinnen und Mitarbeiter zu schaffen \u2013 unabh\u00e4ngig von Alter, ethnischer Herkunft und Nationalit\u00e4t, Geschlecht und geschlechtlicher Identit\u00e4t, k\u00f6rperlichen und geistigen F\u00e4higkeiten, Religion und Weltanschauung, sexueller Orientierung und sozialer Herkunft.<\/p>\n<p style=\"text-align: justify;\">Die W&amp;W setzt damit ein klares Zeichen f\u00fcr Vielfalt und Toleranz in der Arbeitswelt und erg\u00e4nzt die weiteren Ma\u00dfnahmen, die sie bereits im Bereich Diversity unternimmt. Dazu z\u00e4hlen beispielweise eine freiwillige Quote zur F\u00f6rderung von Frauen, Karriere-Beratung und Coaching-Programme sowie diverse Arbeitszeitmodelle und Ma\u00dfnahmen zur Unterst\u00fctzung lebensphasenorientierter Vereinbarkeit von Familie und Beruf. Die Schaffung eines von Chancengleichheit und Toleranz gepr\u00e4gten Arbeitsklimas ist zudem im Verhaltenskodex der W&amp;W-Gruppe festgehalten.<\/p>\n<hr \/>\n<p style=\"text-align: justify;\">\n","protected":false},"excerpt":{"rendered":"<p>Die W\u00fcstenrot &amp; W\u00fcrttembergische-Gruppe (W&amp;W) hat die \u201eCharta der Vielfalt\u201c unterzeichnet und verpflichtet sich damit zur F\u00f6rderung von Diversit\u00e4t im Unternehmen. Initiator der Charta ist der Verein Charta der Vielfalt e. V. unter der Schirmherrschaft der Bundeskanzlerin. Zur Umsetzung der Charta wird die W&amp;W: Eine Organisationskultur pflegen, die von gegenseitigem Respekt und Wertsch\u00e4tzung gepr\u00e4gt ist. [&hellip;]<\/p>\n","protected":false},"author":4,"featured_media":0,"comment_status":"closed","ping_status":"open","sticky":false,"template":"","format":"standard","meta":{"inline_featured_image":false,"_exactmetrics_skip_tracking":false,"_exactmetrics_sitenote_active":false,"_exactmetrics_sitenote_note":"","_exactmetrics_sitenote_category":0,"tdm_status":"","tdm_grid_status":"","footnotes":""},"categories":[479],"tags":[10921,8875,5,68,9,6774,1442,18,19],"class_list":{"0":"post-159971","1":"post","2":"type-post","3":"status-publish","4":"format-standard","6":"category-wirtschaft","7":"tag-charta","8":"tag-die-webzeitung","9":"tag-internetzeitung","10":"tag-online-zeitung","11":"tag-schaumedia","12":"tag-vielfalt","13":"tag-ww","14":"tag-wurttembergische","15":"tag-wustenrot"},"image_feature":null,"author_name":"Redaktion","pure_taxonomies":{"categories":[{"term_id":479,"name":"Wirtschaft","slug":"wirtschaft","term_group":0,"term_taxonomy_id":1941,"taxonomy":"category","description":"","parent":0,"count":392,"filter":"raw","image":""}],"tags":[{"term_id":10921,"name":"Charta","slug":"charta","term_group":0,"term_taxonomy_id":10922,"taxonomy":"post_tag","description":"","parent":0,"count":1,"filter":"raw","image":""},{"term_id":8875,"name":"Die-Webzeitung","slug":"die-webzeitung","term_group":0,"term_taxonomy_id":8876,"taxonomy":"post_tag","description":"","parent":0,"count":4257,"filter":"raw","image":""},{"term_id":5,"name":"Internetzeitung","slug":"internetzeitung","term_group":0,"term_taxonomy_id":5,"taxonomy":"post_tag","description":"","parent":0,"count":1533,"filter":"raw","image":""},{"term_id":68,"name":"Online-Zeitung","slug":"online-zeitung","term_group":0,"term_taxonomy_id":69,"taxonomy":"post_tag","description":"","parent":0,"count":4206,"filter":"raw","image":""},{"term_id":9,"name":"SchauMedia","slug":"schaumedia","term_group":0,"term_taxonomy_id":9,"taxonomy":"post_tag","description":"","parent":0,"count":1582,"filter":"raw","image":""},{"term_id":6774,"name":"Vielfalt","slug":"vielfalt","term_group":0,"term_taxonomy_id":6793,"taxonomy":"post_tag","description":"","parent":0,"count":1,"filter":"raw","image":""},{"term_id":1442,"name":"W&amp;W","slug":"ww","term_group":0,"term_taxonomy_id":1451,"taxonomy":"post_tag","description":"","parent":0,"count":85,"filter":"raw","image":""},{"term_id":18,"name":"W\u00fcrttembergische","slug":"wurttembergische","term_group":0,"term_taxonomy_id":18,"taxonomy":"post_tag","description":"","parent":0,"count":113,"filter":"raw","image":""},{"term_id":19,"name":"W\u00fcstenrot","slug":"wustenrot","term_group":0,"term_taxonomy_id":19,"taxonomy":"post_tag","description":"","parent":0,"count":181,"filter":"raw","image":""}]},"_links":{"self":[{"href":"https:\/\/die-webzeitung.de\/ludwigsburg\/wp-json\/wp\/v2\/posts\/159971","targetHints":{"allow":["GET"]}}],"collection":[{"href":"https:\/\/die-webzeitung.de\/ludwigsburg\/wp-json\/wp\/v2\/posts"}],"about":[{"href":"https:\/\/die-webzeitung.de\/ludwigsburg\/wp-json\/wp\/v2\/types\/post"}],"author":[{"embeddable":true,"href":"https:\/\/die-webzeitung.de\/ludwigsburg\/wp-json\/wp\/v2\/users\/4"}],"replies":[{"embeddable":true,"href":"https:\/\/die-webzeitung.de\/ludwigsburg\/wp-json\/wp\/v2\/comments?post=159971"}],"version-history":[{"count":1,"href":"https:\/\/die-webzeitung.de\/ludwigsburg\/wp-json\/wp\/v2\/posts\/159971\/revisions"}],"predecessor-version":[{"id":159972,"href":"https:\/\/die-webzeitung.de\/ludwigsburg\/wp-json\/wp\/v2\/posts\/159971\/revisions\/159972"}],"wp:attachment":[{"href":"https:\/\/die-webzeitung.de\/ludwigsburg\/wp-json\/wp\/v2\/media?parent=159971"}],"wp:term":[{"taxonomy":"category","embeddable":true,"href":"https:\/\/die-webzeitung.de\/ludwigsburg\/wp-json\/wp\/v2\/categories?post=159971"},{"taxonomy":"post_tag","embeddable":true,"href":"https:\/\/die-webzeitung.de\/ludwigsburg\/wp-json\/wp\/v2\/tags?post=159971"}],"curies":[{"name":"wp","href":"https:\/\/api.w.org\/{rel}","templated":true}]}}