{"id":159908,"date":"2021-05-12T15:51:47","date_gmt":"2021-05-12T14:51:47","guid":{"rendered":"https:\/\/die-webzeitung.de\/ludwigsburg\/?p=159908"},"modified":"2021-05-12T15:51:47","modified_gmt":"2021-05-12T14:51:47","slug":"ww-gruppe-ist-erfolgreich-ins-jahr-2021-gestartet","status":"publish","type":"post","link":"https:\/\/die-webzeitung.de\/ludwigsburg\/2021\/05\/12\/ww-gruppe-ist-erfolgreich-ins-jahr-2021-gestartet\/","title":{"rendered":"W&#038;W-Gruppe ist erfolgreich ins Jahr 2021 gestartet"},"content":{"rendered":"<ul>\n<li style=\"text-align: justify;\"><strong>Konzern\u00fcberschuss im ersten Quartal auf 104,4 Millionen Euro gesteigert.<\/strong><\/li>\n<li style=\"text-align: justify;\"><strong>Starkes Wachstum in der Baufinanzierung, Dynamik bei Versicherungen. <\/strong><\/li>\n<li style=\"text-align: justify;\"><strong>Ergebnis im oberen Bereich des Zielkorridors von 220 bis 250 Millionen Euro im Gesamtjahr 2021 angestrebt.<\/strong><\/li>\n<li style=\"text-align: justify;\"><strong>Vorstandsvorsitzender J\u00fcrgen A. Junker: \u201eStarker Jahresauftakt zeigt Erfolg des Umbaus und der erh\u00f6hten Marktpr\u00e4senz der W&amp;W-Gruppe.\u201c<\/strong><\/li>\n<\/ul>\n<p style=\"text-align: justify;\">Die W\u00fcstenrot &amp; W\u00fcrttembergische-Gruppe (W&amp;W) ist erfolgreich in das Gesch\u00e4ftsjahr 2021 gestartet. War das Ergebnis im Vorjahreszeitraum noch stark durch die coronabedingten Verwerfungen an den Kapitalm\u00e4rkten gekennzeichnet, konnte der Konzern im ersten Quartal 2021 einen Anstieg des Konzern\u00fcberschusses von 25,0 Millionen Euro auf 104,4 Millionen Euro erreichen. Dieser lag damit auch deutlich \u00fcber dem Wert im ersten Quartal des Vor-Corona-Jahres 2019 (78,5\u00a0Millionen Euro). Wichtige Einflussfaktoren waren das weiter gute Neugesch\u00e4ft, insbesondere in der Baufinanzierung, ein erfreulicher Schadenverlauf sowie die positive Entwicklung des Finanzergebnisses. Im Zuge dessen ist die W&amp;W-Gruppe jetzt zuversichtlich, im Gesamtjahr 2021 einen Konzern\u00fcberschuss im oberen Bereich des strategischen Zielkorridors von 220 bis 250\u00a0Millionen Euro erreichen zu k\u00f6nnen.<\/p>\n<p style=\"text-align: justify;\">J\u00fcrgen A. Junker, Vorstandsvorsitzender der W&amp;W AG: \u201eDer starke Jahresauftakt zeigt, dass unsere Gruppe dank ihres umfassenden Umbaus die Marktpr\u00e4senz deutlich erh\u00f6hen konnte, schlagkr\u00e4ftiger geworden ist und an innerer St\u00e4rke gewonnen hat. Auch in dem anhaltend schwierigen Marktumfeld gelingt es uns, neue Kundinnen und Kunden zu gewinnen und unsere Produktpalette erfolgreich zu erweitern. Zudem behalten wir die Kosten im Griff und treiben den Wandel des Konzerns in eine digitale Zukunft voran. Dabei wachsen wir in wichtigen Bereichen st\u00e4rker als der Markt. Nach dem erfreulichen ersten Quartal sind wir \u2013 bei aller gebotenen Vorsicht \u2013 f\u00fcr den weiteren Jahresverlauf sehr zuversichtlich.\u201c<\/p>\n<p style=\"text-align: justify;\"><strong>Gesch\u00e4ftsfeld Wohnen<\/strong><br \/>\nDie W&amp;W-Gruppe konnte das Baufinanzierungsgesch\u00e4ft (inklusive der Vermittlungen an Partnerbanken) im ersten Quartal 2021 auf 1,79 Milliarden Euro steigern, das sind 23,1 Prozent mehr als im Vorjahresquartal (1,45\u00a0Milliarden Euro). Bei der W\u00fcstenrot Bausparkasse schnitt das Brutto-Neugesch\u00e4ft mit 2,97 Milliarden besser als der Markt ab und lag fast auf Vorjahresniveau (-1,5 Prozent). Das Netto-Neugesch\u00e4ft (eingel\u00f6stes Neugesch\u00e4ft) lag mit 2,38\u00a0Milliarden Euro pandemiebedingt unter dem Vorjahreswert (2,65 Milliarden Euro).<\/p>\n<p style=\"text-align: justify;\"><strong>Gesch\u00e4ftsfeld Versichern<\/strong><br \/>\nIn der Personenversicherung stiegen die Bruttobeitr\u00e4ge um 3,7 Prozent auf 653,1 Millionen Euro (Vorjahreszeitraum: 629,7 Millionen Euro). Die Schaden- und Unfallversicherung erreichte ein Wachstum der Bruttobeitr\u00e4ge um 5,3 Prozent auf 1,04 Milliarden Euro nach 989,2 Millionen Euro im gleichen Vorjahreszeitraum. Sowohl im Kraftfahrtgesch\u00e4ft als auch in den Sparten Firmenkunden und Privatkunden nahmen die Schadenaufwendungen infolge des Corona-Lockdowns, aber auch eines intelligenten Schadenmanagements, ab. Die Kosten-Aufwands-Relation (Combined Ratio) in der Schaden-\/ Unfallversicherung verbesserte sich im Quartalsvergleich von 87,4 Prozent auf 76,6\u00a0Prozent.<\/p>\n<p style=\"text-align: justify;\"><strong>Gesch\u00e4ftsfeld brandpool<\/strong><br \/>\nDie Digitalmarke \u201eAdam Riese\u201c setzte im ersten Quartal ihren eindrucksvollen Wachstumskurs fort und steigerte per Ende M\u00e4rz die Kundenzahl auf rund 200.000 nach 164.000 Ende vergangenen Jahres. Dabei handelt es sich fast ausschlie\u00dflich um gewonnene Neukunden. Auch der \u201eFinanzGuide\u201c, der pers\u00f6nliche digitale Finanzassistent f\u00fcr W&amp;W-Kunden, verzeichnete in den ersten drei Monaten 2021 einen starken Zulauf mit mehr als 20.000\u00a0Neuregistrierungen.<\/p>\n<p style=\"text-align: justify;\"><strong>Ausblick auf das Gesamtjahr 2021<\/strong><br \/>\nNach dem erfreulichen Verlauf des ersten Quartals ist der Vorstand zuversichtlich, im Gesamtjahr 2021 einen Konzern\u00fcberschuss im oberen Bereich des nachhaltig angestrebten, strategischen Zielkorridors von 220 bis 250 Millionen Euro zu erreichen. Eine konkretere Prognose ist aufgrund der unver\u00e4ndert bestehenden erheblichen Unsicherheiten \u00fcber den weiteren Verlauf der Coronavirus-Pandemie derzeit nicht m\u00f6glich.<\/p>\n<hr \/>\n<p style=\"text-align: justify;\">\n","protected":false},"excerpt":{"rendered":"<p>Konzern\u00fcberschuss im ersten Quartal auf 104,4 Millionen Euro gesteigert. Starkes Wachstum in der Baufinanzierung, Dynamik bei Versicherungen. Ergebnis im oberen Bereich des Zielkorridors von 220 bis 250 Millionen Euro im Gesamtjahr 2021 angestrebt. Vorstandsvorsitzender J\u00fcrgen A. Junker: \u201eStarker Jahresauftakt zeigt Erfolg des Umbaus und der erh\u00f6hten Marktpr\u00e4senz der W&amp;W-Gruppe.\u201c Die W\u00fcstenrot &amp; W\u00fcrttembergische-Gruppe (W&amp;W) ist [&hellip;]<\/p>\n","protected":false},"author":4,"featured_media":0,"comment_status":"closed","ping_status":"open","sticky":false,"template":"","format":"standard","meta":{"inline_featured_image":false,"_exactmetrics_skip_tracking":false,"_exactmetrics_sitenote_active":false,"_exactmetrics_sitenote_note":"","_exactmetrics_sitenote_category":0,"tdm_status":"","tdm_grid_status":"","footnotes":""},"categories":[479],"tags":[8875,5,68,9,1442,18,19],"class_list":{"0":"post-159908","1":"post","2":"type-post","3":"status-publish","4":"format-standard","6":"category-wirtschaft","7":"tag-die-webzeitung","8":"tag-internetzeitung","9":"tag-online-zeitung","10":"tag-schaumedia","11":"tag-ww","12":"tag-wurttembergische","13":"tag-wustenrot"},"image_feature":null,"author_name":"Redaktion","pure_taxonomies":{"categories":[{"term_id":479,"name":"Wirtschaft","slug":"wirtschaft","term_group":0,"term_taxonomy_id":1941,"taxonomy":"category","description":"","parent":0,"count":392,"filter":"raw","image":""}],"tags":[{"term_id":8875,"name":"Die-Webzeitung","slug":"die-webzeitung","term_group":0,"term_taxonomy_id":8876,"taxonomy":"post_tag","description":"","parent":0,"count":4257,"filter":"raw","image":""},{"term_id":5,"name":"Internetzeitung","slug":"internetzeitung","term_group":0,"term_taxonomy_id":5,"taxonomy":"post_tag","description":"","parent":0,"count":1533,"filter":"raw","image":""},{"term_id":68,"name":"Online-Zeitung","slug":"online-zeitung","term_group":0,"term_taxonomy_id":69,"taxonomy":"post_tag","description":"","parent":0,"count":4206,"filter":"raw","image":""},{"term_id":9,"name":"SchauMedia","slug":"schaumedia","term_group":0,"term_taxonomy_id":9,"taxonomy":"post_tag","description":"","parent":0,"count":1582,"filter":"raw","image":""},{"term_id":1442,"name":"W&amp;W","slug":"ww","term_group":0,"term_taxonomy_id":1451,"taxonomy":"post_tag","description":"","parent":0,"count":85,"filter":"raw","image":""},{"term_id":18,"name":"W\u00fcrttembergische","slug":"wurttembergische","term_group":0,"term_taxonomy_id":18,"taxonomy":"post_tag","description":"","parent":0,"count":113,"filter":"raw","image":""},{"term_id":19,"name":"W\u00fcstenrot","slug":"wustenrot","term_group":0,"term_taxonomy_id":19,"taxonomy":"post_tag","description":"","parent":0,"count":181,"filter":"raw","image":""}]},"_links":{"self":[{"href":"https:\/\/die-webzeitung.de\/ludwigsburg\/wp-json\/wp\/v2\/posts\/159908","targetHints":{"allow":["GET"]}}],"collection":[{"href":"https:\/\/die-webzeitung.de\/ludwigsburg\/wp-json\/wp\/v2\/posts"}],"about":[{"href":"https:\/\/die-webzeitung.de\/ludwigsburg\/wp-json\/wp\/v2\/types\/post"}],"author":[{"embeddable":true,"href":"https:\/\/die-webzeitung.de\/ludwigsburg\/wp-json\/wp\/v2\/users\/4"}],"replies":[{"embeddable":true,"href":"https:\/\/die-webzeitung.de\/ludwigsburg\/wp-json\/wp\/v2\/comments?post=159908"}],"version-history":[{"count":1,"href":"https:\/\/die-webzeitung.de\/ludwigsburg\/wp-json\/wp\/v2\/posts\/159908\/revisions"}],"predecessor-version":[{"id":159909,"href":"https:\/\/die-webzeitung.de\/ludwigsburg\/wp-json\/wp\/v2\/posts\/159908\/revisions\/159909"}],"wp:attachment":[{"href":"https:\/\/die-webzeitung.de\/ludwigsburg\/wp-json\/wp\/v2\/media?parent=159908"}],"wp:term":[{"taxonomy":"category","embeddable":true,"href":"https:\/\/die-webzeitung.de\/ludwigsburg\/wp-json\/wp\/v2\/categories?post=159908"},{"taxonomy":"post_tag","embeddable":true,"href":"https:\/\/die-webzeitung.de\/ludwigsburg\/wp-json\/wp\/v2\/tags?post=159908"}],"curies":[{"name":"wp","href":"https:\/\/api.w.org\/{rel}","templated":true}]}}