{"id":159621,"date":"2021-04-21T10:05:56","date_gmt":"2021-04-21T09:05:56","guid":{"rendered":"https:\/\/die-webzeitung.de\/ludwigsburg\/?p=159621"},"modified":"2021-04-21T10:06:38","modified_gmt":"2021-04-21T09:06:38","slug":"handy-nicht-bei-fahrt-nutzen","status":"publish","type":"post","link":"https:\/\/die-webzeitung.de\/ludwigsburg\/2021\/04\/21\/handy-nicht-bei-fahrt-nutzen\/","title":{"rendered":"Handy nicht bei Fahrt nutzen"},"content":{"rendered":"<p style=\"text-align: justify;\"><strong>Wer ein Fahrzeug steuert, darf w\u00e4hrend der Fahrt im Stra\u00dfenverkehr kein Handy in der Hand halten. Wie die W\u00fcrttembergische Versicherung, ein Unternehmen der W&amp;W-Gruppe, mitteilt, ist es nach einer aktuellen Entscheidung des Oberlandesgerichts K\u00f6ln (1 RBs 347\/20) auch verboten, das Handy zwischen Ohr und Schulter einzuklemmen.<\/strong><\/p>\n<p style=\"text-align: justify;\">Eine Autofahrerin wurde wegen \u00fcberh\u00f6hter Geschwindigkeit geblitzt. Auf dem Messfoto stellte man fest, dass sie ein Handy zwischen Ohr und Schulter eingeklemmt hatte. Sie wurde zu einer Geldbu\u00dfe von 115 Euro verurteilt, weil sie zu schnell gefahren und verbotswidrig ein Mobilger\u00e4t w\u00e4hrend der Fahrt genutzt hatte. Dagegen wehrte sich die Autofahrerin mit dem Argument, dass sie das Handy bereits bei Fahrtantritt zwischen Ohr und Schulter eingeklemmt und somit w\u00e4hrend der Fahrt nie in der Hand gehabt habe. Damit kam sie jedoch vor Gericht nicht durch.<\/p>\n<p style=\"text-align: justify;\">Laut der Entscheidung liegt das Halten eines elektronischen Ger\u00e4tes auch dann vor, wenn es nicht mit den H\u00e4nden, sondern mit anderen K\u00f6rperteilen fixiert wird. Mit dieser Vorschrift solle verhindert werden, dass der Fahrer oder die Fahrerin sich w\u00e4hrend der Fahrt mit dem Handy besch\u00e4ftigt und damit die Aufmerksamkeit nicht voll auf den Stra\u00dfenverkehr richtet. Es bestehe zudem das Risiko, dass sich das Mobiltelefon aus seiner Position l\u00f6st und dies den Fahrer oder die Fahrerin zu unkontrollierten, gef\u00e4hrlichen Reaktionen verleitet. Somit sei die Fahrerin im vorliegenden Fall mehr abgelenkt gewesen, als wenn sie von einer zul\u00e4ssigen Freisprecheinrichtung Gebrauch gemacht h\u00e4tte. Autofahrer d\u00fcrften daher ein Handy nur nutzen, wenn das Fahrzeug steht und abgeschaltet ist.<\/p>\n<hr \/>\n<p style=\"text-align: justify;\">\n","protected":false},"excerpt":{"rendered":"<p>Wer ein Fahrzeug steuert, darf w\u00e4hrend der Fahrt im Stra\u00dfenverkehr kein Handy in der Hand halten. Wie die W\u00fcrttembergische Versicherung, ein Unternehmen der W&amp;W-Gruppe, mitteilt, ist es nach einer aktuellen Entscheidung des Oberlandesgerichts K\u00f6ln (1 RBs 347\/20) auch verboten, das Handy zwischen Ohr und Schulter einzuklemmen. Eine Autofahrerin wurde wegen \u00fcberh\u00f6hter Geschwindigkeit geblitzt. Auf dem [&hellip;]<\/p>\n","protected":false},"author":4,"featured_media":0,"comment_status":"closed","ping_status":"open","sticky":false,"template":"","format":"standard","meta":{"inline_featured_image":false,"_exactmetrics_skip_tracking":false,"_exactmetrics_sitenote_active":false,"_exactmetrics_sitenote_note":"","_exactmetrics_sitenote_category":0,"tdm_status":"","tdm_grid_status":"","footnotes":""},"categories":[8],"tags":[11464,8875,1064,5,68,9,18,19],"class_list":{"0":"post-159621","1":"post","2":"type-post","3":"status-publish","4":"format-standard","6":"category-ratgeber-leben","7":"tag-autofahrt","8":"tag-die-webzeitung","9":"tag-handy","10":"tag-internetzeitung","11":"tag-online-zeitung","12":"tag-schaumedia","13":"tag-wurttembergische","14":"tag-wustenrot"},"image_feature":null,"author_name":"Redaktion","pure_taxonomies":{"categories":[{"term_id":8,"name":"Ratgeber","slug":"ratgeber-leben","term_group":0,"term_taxonomy_id":8,"taxonomy":"category","description":"","parent":482,"count":380,"filter":"raw","image":""}],"tags":[{"term_id":11464,"name":"Autofahrt","slug":"autofahrt","term_group":0,"term_taxonomy_id":11465,"taxonomy":"post_tag","description":"","parent":0,"count":1,"filter":"raw","image":""},{"term_id":8875,"name":"Die-Webzeitung","slug":"die-webzeitung","term_group":0,"term_taxonomy_id":8876,"taxonomy":"post_tag","description":"","parent":0,"count":4257,"filter":"raw","image":""},{"term_id":1064,"name":"Handy","slug":"handy","term_group":0,"term_taxonomy_id":1073,"taxonomy":"post_tag","description":"","parent":0,"count":2,"filter":"raw","image":""},{"term_id":5,"name":"Internetzeitung","slug":"internetzeitung","term_group":0,"term_taxonomy_id":5,"taxonomy":"post_tag","description":"","parent":0,"count":1533,"filter":"raw","image":""},{"term_id":68,"name":"Online-Zeitung","slug":"online-zeitung","term_group":0,"term_taxonomy_id":69,"taxonomy":"post_tag","description":"","parent":0,"count":4206,"filter":"raw","image":""},{"term_id":9,"name":"SchauMedia","slug":"schaumedia","term_group":0,"term_taxonomy_id":9,"taxonomy":"post_tag","description":"","parent":0,"count":1582,"filter":"raw","image":""},{"term_id":18,"name":"W\u00fcrttembergische","slug":"wurttembergische","term_group":0,"term_taxonomy_id":18,"taxonomy":"post_tag","description":"","parent":0,"count":113,"filter":"raw","image":""},{"term_id":19,"name":"W\u00fcstenrot","slug":"wustenrot","term_group":0,"term_taxonomy_id":19,"taxonomy":"post_tag","description":"","parent":0,"count":181,"filter":"raw","image":""}]},"_links":{"self":[{"href":"https:\/\/die-webzeitung.de\/ludwigsburg\/wp-json\/wp\/v2\/posts\/159621","targetHints":{"allow":["GET"]}}],"collection":[{"href":"https:\/\/die-webzeitung.de\/ludwigsburg\/wp-json\/wp\/v2\/posts"}],"about":[{"href":"https:\/\/die-webzeitung.de\/ludwigsburg\/wp-json\/wp\/v2\/types\/post"}],"author":[{"embeddable":true,"href":"https:\/\/die-webzeitung.de\/ludwigsburg\/wp-json\/wp\/v2\/users\/4"}],"replies":[{"embeddable":true,"href":"https:\/\/die-webzeitung.de\/ludwigsburg\/wp-json\/wp\/v2\/comments?post=159621"}],"version-history":[{"count":1,"href":"https:\/\/die-webzeitung.de\/ludwigsburg\/wp-json\/wp\/v2\/posts\/159621\/revisions"}],"predecessor-version":[{"id":159622,"href":"https:\/\/die-webzeitung.de\/ludwigsburg\/wp-json\/wp\/v2\/posts\/159621\/revisions\/159622"}],"wp:attachment":[{"href":"https:\/\/die-webzeitung.de\/ludwigsburg\/wp-json\/wp\/v2\/media?parent=159621"}],"wp:term":[{"taxonomy":"category","embeddable":true,"href":"https:\/\/die-webzeitung.de\/ludwigsburg\/wp-json\/wp\/v2\/categories?post=159621"},{"taxonomy":"post_tag","embeddable":true,"href":"https:\/\/die-webzeitung.de\/ludwigsburg\/wp-json\/wp\/v2\/tags?post=159621"}],"curies":[{"name":"wp","href":"https:\/\/api.w.org\/{rel}","templated":true}]}}