{"id":159611,"date":"2021-04-20T10:20:36","date_gmt":"2021-04-20T09:20:36","guid":{"rendered":"https:\/\/die-webzeitung.de\/ludwigsburg\/?p=159611"},"modified":"2021-04-20T10:20:36","modified_gmt":"2021-04-20T09:20:36","slug":"finanzplatz-stuttgart-gibt-sich-nachhaltigkeitsstrategie","status":"publish","type":"post","link":"https:\/\/die-webzeitung.de\/ludwigsburg\/2021\/04\/20\/finanzplatz-stuttgart-gibt-sich-nachhaltigkeitsstrategie\/","title":{"rendered":"Finanzplatz Stuttgart gibt sich Nachhaltigkeitsstrategie"},"content":{"rendered":"<p style=\"text-align: justify;\">Stuttgart.| Mit der Diversit\u00e4t seiner Akteure ist der Finanzplatz Stuttgart ein Innovationstreiber f\u00fcr Wirtschaft, Wissenschaft und Bildung in Baden-W\u00fcrttemberg. Nun gibt sich der Finanzplatz Stuttgart eine langfristige Nachhaltigkeitsstrategie, um sich als Zentrum f\u00fcr Sustainability und Sustainable Finance in Deutschland zu positionieren. Die \u201eStuttgarter Erkl\u00e4rung zur nachhaltigen Transformation des Finanzplatzes\u201c wurde heute im Rahmen des Finanzplatzgipfels 2021 vorgestellt. Federf\u00fchrend war die Finanzplatzinitiative Stuttgart Financial in enger Zusammenarbeit mit den Instituten am Finanzplatz und der Beratungs- und Wirtschaftspr\u00fcfungsgesellschaft Ernst &amp; Young als inhaltlichem Begleiter. Neben Akteuren aus der Finanzwirtschaft sind auch Unternehmen der Realwirtschaft sowie Vertreter von Bildungs- und Forschungseinrichtungen in die Entwicklung der strategischen Ausrichtung eingebunden.<\/p>\n<p style=\"text-align: justify;\">Auch das Land Baden-W\u00fcrttemberg unterst\u00fctzt und begleitet die f\u00fcr den Finanzplatz Stuttgart angestrebte Nachhaltigkeitsstrategie. \u201eIch freue ich mich sehr, dass Stuttgart Financial sich mit der Stuttgarter Erkl\u00e4rung auf den Weg in Richtung mehr Nachhaltigkeit macht. Das ist genau der Pioniergeist, den wir in Baden-W\u00fcrttemberg brauchen. Klimaschutz ist eine Jahrhundertaufgabe, der wir uns alle stellen m\u00fcssen \u2013 und werden\u201c, so Ministerpr\u00e4sident Winfried Kretschmann.<\/p>\n<p style=\"text-align: justify;\">Die neue Nachhaltigkeitsstrategie greift Referenzpunkte auf Landes-, Bundes- und internationaler Ebene auf und ber\u00fccksichtigt Vorgaben der Europ\u00e4ischen Union. Die konkreten Aktivit\u00e4ten am Finanzplatz Stuttgart im Rahmen der Strategie werden sich an den f\u00fcnf Handlungsfeldern der Initiative \u201eFinancial Centers for Sustainability\u201c (FC4S) der Vereinten Nationen orientieren. Dazu z\u00e4hlen die St\u00e4rkung des strategischen Engagements, etwa durch Reduzierung des Carbon Footprint gem\u00e4\u00df wissenschaftsbasierten Klimazielen, sowie die St\u00e4rkung der Marktintegrit\u00e4t durch Weiterbildungsangebote und die Zusammenarbeit mit Universit\u00e4ten und Hochschulen. Auch der Aufbau von Kapazit\u00e4ten zum Thema Nachhaltigkeit, die Innovationsf\u00f6rderung und die Unterst\u00fctzung der Realwirtschaft sollen in Projekten vorangetrieben werden. Dahinter steht das gemeinsame Ziel, ein f\u00fchrender nachhaltiger Finanzplatz zu werden.<\/p>\n<p style=\"text-align: justify;\">\u201eSustainable Finance ist f\u00fcr alle Akteure des Finanzplatzes von entscheidender Bedeutung, nicht nur wegen steigender regulatorischen Anforderungen, sondern auch aufgrund der Kundenerwartungen an die Branche. Wir freuen uns sehr, dass sich der Finanzplatz zusammenschlie\u00dft und mit der Stuttgarter Erkl\u00e4rung gemeinsam den Weg zu mehr Nachhaltigkeit beschreitet\u201c, sagt Dr. Michael V\u00f6lter, CEO der Gruppe B\u00f6rse Stuttgart.<\/p>\n<hr \/>\n<p style=\"text-align: justify;\">\n","protected":false},"excerpt":{"rendered":"<p>Stuttgart.| Mit der Diversit\u00e4t seiner Akteure ist der Finanzplatz Stuttgart ein Innovationstreiber f\u00fcr Wirtschaft, Wissenschaft und Bildung in Baden-W\u00fcrttemberg. Nun gibt sich der Finanzplatz Stuttgart eine langfristige Nachhaltigkeitsstrategie, um sich als Zentrum f\u00fcr Sustainability und Sustainable Finance in Deutschland zu positionieren. Die \u201eStuttgarter Erkl\u00e4rung zur nachhaltigen Transformation des Finanzplatzes\u201c wurde heute im Rahmen des Finanzplatzgipfels [&hellip;]<\/p>\n","protected":false},"author":4,"featured_media":0,"comment_status":"closed","ping_status":"open","sticky":false,"template":"","format":"standard","meta":{"inline_featured_image":false,"_exactmetrics_skip_tracking":false,"_exactmetrics_sitenote_active":false,"_exactmetrics_sitenote_note":"","_exactmetrics_sitenote_category":0,"tdm_status":"","tdm_grid_status":"","footnotes":""},"categories":[479],"tags":[8875,11462,5,319,68,275],"class_list":{"0":"post-159611","1":"post","2":"type-post","3":"status-publish","4":"format-standard","6":"category-wirtschaft","7":"tag-die-webzeitung","8":"tag-finanzplatz","9":"tag-internetzeitung","10":"tag-nachhaltigkeit","11":"tag-online-zeitung","12":"tag-stuttgart"},"image_feature":null,"author_name":"Redaktion","pure_taxonomies":{"categories":[{"term_id":479,"name":"Wirtschaft","slug":"wirtschaft","term_group":0,"term_taxonomy_id":1941,"taxonomy":"category","description":"","parent":0,"count":392,"filter":"raw","image":""}],"tags":[{"term_id":8875,"name":"Die-Webzeitung","slug":"die-webzeitung","term_group":0,"term_taxonomy_id":8876,"taxonomy":"post_tag","description":"","parent":0,"count":4257,"filter":"raw","image":""},{"term_id":11462,"name":"Finanzplatz","slug":"finanzplatz","term_group":0,"term_taxonomy_id":11463,"taxonomy":"post_tag","description":"","parent":0,"count":1,"filter":"raw","image":""},{"term_id":5,"name":"Internetzeitung","slug":"internetzeitung","term_group":0,"term_taxonomy_id":5,"taxonomy":"post_tag","description":"","parent":0,"count":1533,"filter":"raw","image":""},{"term_id":319,"name":"Nachhaltigkeit","slug":"nachhaltigkeit","term_group":0,"term_taxonomy_id":325,"taxonomy":"post_tag","description":"","parent":0,"count":10,"filter":"raw","image":""},{"term_id":68,"name":"Online-Zeitung","slug":"online-zeitung","term_group":0,"term_taxonomy_id":69,"taxonomy":"post_tag","description":"","parent":0,"count":4206,"filter":"raw","image":""},{"term_id":275,"name":"Stuttgart","slug":"stuttgart","term_group":0,"term_taxonomy_id":281,"taxonomy":"post_tag","description":"","parent":0,"count":195,"filter":"raw","image":""}]},"_links":{"self":[{"href":"https:\/\/die-webzeitung.de\/ludwigsburg\/wp-json\/wp\/v2\/posts\/159611","targetHints":{"allow":["GET"]}}],"collection":[{"href":"https:\/\/die-webzeitung.de\/ludwigsburg\/wp-json\/wp\/v2\/posts"}],"about":[{"href":"https:\/\/die-webzeitung.de\/ludwigsburg\/wp-json\/wp\/v2\/types\/post"}],"author":[{"embeddable":true,"href":"https:\/\/die-webzeitung.de\/ludwigsburg\/wp-json\/wp\/v2\/users\/4"}],"replies":[{"embeddable":true,"href":"https:\/\/die-webzeitung.de\/ludwigsburg\/wp-json\/wp\/v2\/comments?post=159611"}],"version-history":[{"count":1,"href":"https:\/\/die-webzeitung.de\/ludwigsburg\/wp-json\/wp\/v2\/posts\/159611\/revisions"}],"predecessor-version":[{"id":159612,"href":"https:\/\/die-webzeitung.de\/ludwigsburg\/wp-json\/wp\/v2\/posts\/159611\/revisions\/159612"}],"wp:attachment":[{"href":"https:\/\/die-webzeitung.de\/ludwigsburg\/wp-json\/wp\/v2\/media?parent=159611"}],"wp:term":[{"taxonomy":"category","embeddable":true,"href":"https:\/\/die-webzeitung.de\/ludwigsburg\/wp-json\/wp\/v2\/categories?post=159611"},{"taxonomy":"post_tag","embeddable":true,"href":"https:\/\/die-webzeitung.de\/ludwigsburg\/wp-json\/wp\/v2\/tags?post=159611"}],"curies":[{"name":"wp","href":"https:\/\/api.w.org\/{rel}","templated":true}]}}