{"id":159221,"date":"2021-03-09T17:08:34","date_gmt":"2021-03-09T16:08:34","guid":{"rendered":"https:\/\/die-webzeitung.de\/ludwigsburg\/?p=159221"},"modified":"2021-03-09T17:08:34","modified_gmt":"2021-03-09T16:08:34","slug":"radfahrer-haftet-bei-riskantem-ueberholmanoever","status":"publish","type":"post","link":"https:\/\/die-webzeitung.de\/ludwigsburg\/2021\/03\/09\/radfahrer-haftet-bei-riskantem-ueberholmanoever\/","title":{"rendered":"Radfahrer haftet bei riskantem \u00dcberholman\u00f6ver"},"content":{"rendered":"<p style=\"text-align: justify;\"><strong>Auch eine sportliche Radfahrergruppe muss sich an Vorsichtsregeln halten. Bei riskantem \u00dcberholen ohne ausreichenden Sicherheitsabstand haftet der \u00fcberholende Radler, wenn es dabei zu einer Kollision kommt. Die W\u00fcrttembergische Versicherung, ein Unternehmen der W&amp;W-Gruppe, weist auf ein aktuelles Urteil des Oberlandesgerichts Frankfurt\/Main (1 U 31\/19) hin.<\/strong><\/p>\n<p style=\"text-align: justify;\">Eine 17-k\u00f6pfige Radfahrergruppe war auf einer sportlich angelegten Tour unterwegs. An einer absch\u00fcssigen Stelle \u00fcberholte ein Radler einen Teil der Gruppe trotz fehlenden Sicherheitsabstands. Dabei streifte er einen \u00dcberholten und l\u00f6ste einen Sturz von mehreren Radlern aus. Einer der St\u00fcrzenden wurde gegen einen Baum geschleudert und erlitt ein Sch\u00e4del-Hirn-Trauma sowie Knochenbr\u00fcche.<\/p>\n<p style=\"text-align: justify;\">Laut dem Urteil muss der \u00fcberholende Radler f\u00fcr die Sch\u00e4den des verletzten Mitfahrers einstehen, da er beim \u00dcberholen keinen ausreichenden Sicherheitsabstand eingehalten habe. Der Abstand h\u00e4tte so gro\u00df sein m\u00fcssen, dass auch bei einem Schlenkern des \u00dcberholten keine Ber\u00fchrung erfolgt w\u00e4re. Allerdings wies das Gericht darauf hin, dass man in einem Pulk im Normalfall auf eigenes Risiko fahre, da es auch bei regelgerechtem Verhalten zu St\u00fcrzen von dicht hintereinander fahrenden Radlern kommen k\u00f6nne. Aber auch bei einer Fahrt im Pulk d\u00fcrfe es keine riskanten \u00dcberholman\u00f6ver geben. Im entschiedenen Fall verf\u00fcgte der Unfallverursacher \u00fcber eine Privathaftpflichtversicherung.<\/p>\n<hr \/>\n<p style=\"text-align: justify;\">\n","protected":false},"excerpt":{"rendered":"<p>Auch eine sportliche Radfahrergruppe muss sich an Vorsichtsregeln halten. Bei riskantem \u00dcberholen ohne ausreichenden Sicherheitsabstand haftet der \u00fcberholende Radler, wenn es dabei zu einer Kollision kommt. Die W\u00fcrttembergische Versicherung, ein Unternehmen der W&amp;W-Gruppe, weist auf ein aktuelles Urteil des Oberlandesgerichts Frankfurt\/Main (1 U 31\/19) hin. Eine 17-k\u00f6pfige Radfahrergruppe war auf einer sportlich angelegten Tour unterwegs. [&hellip;]<\/p>\n","protected":false},"author":4,"featured_media":0,"comment_status":"closed","ping_status":"open","sticky":false,"template":"","format":"standard","meta":{"inline_featured_image":false,"_exactmetrics_skip_tracking":false,"_exactmetrics_sitenote_active":false,"_exactmetrics_sitenote_note":"","_exactmetrics_sitenote_category":0,"tdm_status":"","tdm_grid_status":"","footnotes":""},"categories":[8],"tags":[8875,5,68,4970,1051,9,18],"class_list":{"0":"post-159221","1":"post","2":"type-post","3":"status-publish","4":"format-standard","6":"category-ratgeber-leben","7":"tag-die-webzeitung","8":"tag-internetzeitung","9":"tag-online-zeitung","10":"tag-radfahrer","11":"tag-risiko","12":"tag-schaumedia","13":"tag-wurttembergische"},"image_feature":null,"author_name":"Redaktion","pure_taxonomies":{"categories":[{"term_id":8,"name":"Ratgeber","slug":"ratgeber-leben","term_group":0,"term_taxonomy_id":8,"taxonomy":"category","description":"","parent":482,"count":380,"filter":"raw","image":""}],"tags":[{"term_id":8875,"name":"Die-Webzeitung","slug":"die-webzeitung","term_group":0,"term_taxonomy_id":8876,"taxonomy":"post_tag","description":"","parent":0,"count":4257,"filter":"raw","image":""},{"term_id":5,"name":"Internetzeitung","slug":"internetzeitung","term_group":0,"term_taxonomy_id":5,"taxonomy":"post_tag","description":"","parent":0,"count":1533,"filter":"raw","image":""},{"term_id":68,"name":"Online-Zeitung","slug":"online-zeitung","term_group":0,"term_taxonomy_id":69,"taxonomy":"post_tag","description":"","parent":0,"count":4206,"filter":"raw","image":""},{"term_id":4970,"name":"Radfahrer","slug":"radfahrer","term_group":0,"term_taxonomy_id":4987,"taxonomy":"post_tag","description":"","parent":0,"count":2,"filter":"raw","image":""},{"term_id":1051,"name":"Risiko","slug":"risiko","term_group":0,"term_taxonomy_id":1060,"taxonomy":"post_tag","description":"","parent":0,"count":1,"filter":"raw","image":""},{"term_id":9,"name":"SchauMedia","slug":"schaumedia","term_group":0,"term_taxonomy_id":9,"taxonomy":"post_tag","description":"","parent":0,"count":1582,"filter":"raw","image":""},{"term_id":18,"name":"W\u00fcrttembergische","slug":"wurttembergische","term_group":0,"term_taxonomy_id":18,"taxonomy":"post_tag","description":"","parent":0,"count":113,"filter":"raw","image":""}]},"_links":{"self":[{"href":"https:\/\/die-webzeitung.de\/ludwigsburg\/wp-json\/wp\/v2\/posts\/159221","targetHints":{"allow":["GET"]}}],"collection":[{"href":"https:\/\/die-webzeitung.de\/ludwigsburg\/wp-json\/wp\/v2\/posts"}],"about":[{"href":"https:\/\/die-webzeitung.de\/ludwigsburg\/wp-json\/wp\/v2\/types\/post"}],"author":[{"embeddable":true,"href":"https:\/\/die-webzeitung.de\/ludwigsburg\/wp-json\/wp\/v2\/users\/4"}],"replies":[{"embeddable":true,"href":"https:\/\/die-webzeitung.de\/ludwigsburg\/wp-json\/wp\/v2\/comments?post=159221"}],"version-history":[{"count":1,"href":"https:\/\/die-webzeitung.de\/ludwigsburg\/wp-json\/wp\/v2\/posts\/159221\/revisions"}],"predecessor-version":[{"id":159222,"href":"https:\/\/die-webzeitung.de\/ludwigsburg\/wp-json\/wp\/v2\/posts\/159221\/revisions\/159222"}],"wp:attachment":[{"href":"https:\/\/die-webzeitung.de\/ludwigsburg\/wp-json\/wp\/v2\/media?parent=159221"}],"wp:term":[{"taxonomy":"category","embeddable":true,"href":"https:\/\/die-webzeitung.de\/ludwigsburg\/wp-json\/wp\/v2\/categories?post=159221"},{"taxonomy":"post_tag","embeddable":true,"href":"https:\/\/die-webzeitung.de\/ludwigsburg\/wp-json\/wp\/v2\/tags?post=159221"}],"curies":[{"name":"wp","href":"https:\/\/api.w.org\/{rel}","templated":true}]}}