{"id":159212,"date":"2021-03-08T18:07:45","date_gmt":"2021-03-08T17:07:45","guid":{"rendered":"https:\/\/die-webzeitung.de\/ludwigsburg\/?p=159212"},"modified":"2021-03-08T18:07:45","modified_gmt":"2021-03-08T17:07:45","slug":"gelungener-jahresauftakt-des-landesverbands-der-unternehmerinnen","status":"publish","type":"post","link":"https:\/\/die-webzeitung.de\/ludwigsburg\/2021\/03\/08\/gelungener-jahresauftakt-des-landesverbands-der-unternehmerinnen\/","title":{"rendered":"Gelungener Jahresauftakt des Landesverbands der Unternehmerinnen"},"content":{"rendered":"<h5 style=\"text-align: justify;\"><strong>Neuwahl der beiden Landesvorsitzenden<\/strong><\/h5>\n<p style=\"text-align: justify;\">Constance Ast und Iris Rosenbauer wurden vor kurzem von den Mitgliedern einstimmig zu den Vorsitzenden des Landesverbands W\u00fcrttemberg des Verbands deutscher Unternehmerinnen e.V. (VdU) gew\u00e4hlt. Die Diplom-Kauffrau Constance Ast ist bereits seit 2015 im Vorstand des VdU, \u00fcbernahm 2018 den Vorsitz und entschloss sich nun, f\u00fcr eine zweite Wahlperiode bis zum Jahr 2024 gemeinsam mit der Rechtsanw\u00e4ltin Iris Rosenbauer als Doppelspitze anzutreten.<\/p>\n<p style=\"text-align: justify;\">Der Landesverband W\u00fcrttemberg geh\u00f6rt zu den gro\u00dfen Landesverb\u00e4nden mit derzeit rund 110 Mitgliedern, die vielf\u00e4ltige Unternehmen aus Industrie, Handwerk, Handel und Dienstleistung repr\u00e4sentieren. In Deutschland sind derzeit rund 1.800 Unternehmerinnen in insgesamt 16 Landesverb\u00e4nden des VdU organisiert. Die Unternehmerinnen erwirtschaften zusammen einen Jahresumsatz von rund 85 Milliarden EUR und besch\u00e4ftigen \u00fcber 500.000 Mitarbeiterinnen und Mitarbeiter in Deutschland. Seit \u00fcber 65 Jahren setzt sich der VdU erfolgreich f\u00fcr die Interessen von weiblichem Unternehmertum ein. Der VdU ist international vernetzt im Weltdachverband FCEM und bilateralen Kooperationen.<\/p>\n<figure id=\"attachment_159214\" aria-describedby=\"caption-attachment-159214\" style=\"width: 700px\" class=\"wp-caption aligncenter\"><img loading=\"lazy\" decoding=\"async\" class=\"size-full wp-image-159214\" src=\"https:\/\/die-webzeitung.de\/ludwigsburg\/wp-content\/uploads\/sites\/5\/2021\/03\/BO1_6085.jpg\" alt=\"\" width=\"700\" height=\"467\" srcset=\"https:\/\/die-webzeitung.de\/ludwigsburg\/wp-content\/uploads\/sites\/5\/2021\/03\/BO1_6085.jpg 700w, https:\/\/die-webzeitung.de\/ludwigsburg\/wp-content\/uploads\/sites\/5\/2021\/03\/BO1_6085-medium.jpg 300w, https:\/\/die-webzeitung.de\/ludwigsburg\/wp-content\/uploads\/sites\/5\/2021\/03\/BO1_6085-696x464.jpg 696w, https:\/\/die-webzeitung.de\/ludwigsburg\/wp-content\/uploads\/sites\/5\/2021\/03\/BO1_6085-629x420.jpg 629w\" sizes=\"auto, (max-width: 700px) 100vw, 700px\" \/><figcaption id=\"caption-attachment-159214\" class=\"wp-caption-text\">Constance Ast | Foto: VdU<\/figcaption><\/figure>\n<p style=\"text-align: justify;\">\u201eUnser Ziel ist es, den Landesverband in diesen bewegten Zeiten nicht nur stabil zu halten, sondern auch weiter zu entwickeln und neue Impulse zu setzen\u201c, so die beiden Vorsitzenden nach ihrer Wahl bei der digitalen Jahresauftaktveranstaltung.<\/p>\n<p style=\"text-align: justify;\">In den letzten drei Jahren ist es Ast, die im November 2018 ihr heutiges Unternehmen, die CBA Personalberatung GmbH in Stuttgart gr\u00fcndete, mit ihrem mehrk\u00f6pfigen Vorstandsteam gelungen, die drei Regionalgruppen Nordschwarzwald, Bodensee-Oberschwaben und Ostw\u00fcrttemberg auf- bzw. auszubauen und so n\u00e4her an den Mitgliedern zu sein. Ebenso wurden neue Formate wie der \u201ePolitische Salon\u201c ins Leben gerufen, um auch in der Politik mehr Geh\u00f6r zu finden.<\/p>\n<p style=\"text-align: justify;\">Im Superwahljahr 2021 und in Zeiten, in denen unternehmerisches Handeln auf Rahmenbedingungen trifft, die noch vor einem Jahr undenkbar waren, wollen Ast und Rosenbauer den Unternehmerinnen eine noch bedeutendere Stimme geben. Mit ihrem erweiterten, ebenfalls neu ernannten Vorstandsteam pr\u00e4sentieren die neu gew\u00e4hlten Landesvorsitzenden einen Ausblick auf ihr Programm, darunter bew\u00e4hrte Veranstaltungsreihen, wie bspw. \u201eEinblicke\u201c in Mitgliedsunternehmen und \u201eWirtschaftstreffs\u201c mit Impulsvortr\u00e4gen zu aktuellen Themen und neue Angebote auch f\u00fcr die wachsenden Regionen. \u201eUnter anderem planen wir erg\u00e4nzende digitale Formate und einen Ausbau des bereits begonnenen Engagements in anderen Frauennetzwerken\u201c, so Ast und Rosenbauer. Iris Rosenbauer, Gr\u00fcndungspartnerin der Kanzlei Burger Rosenbauer Beier in Stuttgart, geh\u00f6rt bereits seit zwei Jahren dem Vorstand an und war f\u00fcr die Betreuung der Interessentinnen zust\u00e4ndig. Auch die Nachwuchsarbeit sowie die Gewinnung neuer Mitglieder sollen weiterhin wichtige S\u00e4ulen im Programm f\u00fcr die anstehende Amtszeit bleiben. Guter Tradition entsprechend hatten die Neumitglieder des vorangegangenen Jahres im Anschluss an die Wahl die M\u00f6glichkeit, sich und ihre Unternehmen vorzustellen.<\/p>\n<p style=\"text-align: justify;\">Unter www.vdu.de k\u00f6nnen Interessentinnen den Verband unverbindlich kennenlernen.<\/p>\n<hr \/>\n<p style=\"text-align: justify;\">\n","protected":false},"excerpt":{"rendered":"<p>Neuwahl der beiden Landesvorsitzenden Constance Ast und Iris Rosenbauer wurden vor kurzem von den Mitgliedern einstimmig zu den Vorsitzenden des Landesverbands W\u00fcrttemberg des Verbands deutscher Unternehmerinnen e.V. (VdU) gew\u00e4hlt. Die Diplom-Kauffrau Constance Ast ist bereits seit 2015 im Vorstand des VdU, \u00fcbernahm 2018 den Vorsitz und entschloss sich nun, f\u00fcr eine zweite Wahlperiode bis zum [&hellip;]<\/p>\n","protected":false},"author":4,"featured_media":159213,"comment_status":"closed","ping_status":"open","sticky":false,"template":"","format":"standard","meta":{"inline_featured_image":false,"_exactmetrics_skip_tracking":false,"_exactmetrics_sitenote_active":false,"_exactmetrics_sitenote_note":"","_exactmetrics_sitenote_category":0,"tdm_status":"","tdm_grid_status":"","footnotes":""},"categories":[479],"tags":[8875,5,68,9,11421,11420],"class_list":{"0":"post-159212","1":"post","2":"type-post","3":"status-publish","4":"format-standard","5":"has-post-thumbnail","7":"category-wirtschaft","8":"tag-die-webzeitung","9":"tag-internetzeitung","10":"tag-online-zeitung","11":"tag-schaumedia","12":"tag-unternehmerinnen","13":"tag-vdu"},"image_feature":"https:\/\/die-webzeitung.de\/ludwigsburg\/wp-content\/uploads\/sites\/5\/2021\/03\/Muster_Rosenbauer1011-small.jpg","author_name":"Redaktion","pure_taxonomies":{"categories":[{"term_id":479,"name":"Wirtschaft","slug":"wirtschaft","term_group":0,"term_taxonomy_id":1941,"taxonomy":"category","description":"","parent":0,"count":392,"filter":"raw","image":""}],"tags":[{"term_id":8875,"name":"Die-Webzeitung","slug":"die-webzeitung","term_group":0,"term_taxonomy_id":8876,"taxonomy":"post_tag","description":"","parent":0,"count":4257,"filter":"raw","image":""},{"term_id":5,"name":"Internetzeitung","slug":"internetzeitung","term_group":0,"term_taxonomy_id":5,"taxonomy":"post_tag","description":"","parent":0,"count":1533,"filter":"raw","image":""},{"term_id":68,"name":"Online-Zeitung","slug":"online-zeitung","term_group":0,"term_taxonomy_id":69,"taxonomy":"post_tag","description":"","parent":0,"count":4206,"filter":"raw","image":""},{"term_id":9,"name":"SchauMedia","slug":"schaumedia","term_group":0,"term_taxonomy_id":9,"taxonomy":"post_tag","description":"","parent":0,"count":1582,"filter":"raw","image":""},{"term_id":11421,"name":"Unternehmerinnen","slug":"unternehmerinnen","term_group":0,"term_taxonomy_id":11422,"taxonomy":"post_tag","description":"","parent":0,"count":1,"filter":"raw","image":""},{"term_id":11420,"name":"VdU","slug":"vdu","term_group":0,"term_taxonomy_id":11421,"taxonomy":"post_tag","description":"","parent":0,"count":1,"filter":"raw","image":""}]},"_links":{"self":[{"href":"https:\/\/die-webzeitung.de\/ludwigsburg\/wp-json\/wp\/v2\/posts\/159212","targetHints":{"allow":["GET"]}}],"collection":[{"href":"https:\/\/die-webzeitung.de\/ludwigsburg\/wp-json\/wp\/v2\/posts"}],"about":[{"href":"https:\/\/die-webzeitung.de\/ludwigsburg\/wp-json\/wp\/v2\/types\/post"}],"author":[{"embeddable":true,"href":"https:\/\/die-webzeitung.de\/ludwigsburg\/wp-json\/wp\/v2\/users\/4"}],"replies":[{"embeddable":true,"href":"https:\/\/die-webzeitung.de\/ludwigsburg\/wp-json\/wp\/v2\/comments?post=159212"}],"version-history":[{"count":1,"href":"https:\/\/die-webzeitung.de\/ludwigsburg\/wp-json\/wp\/v2\/posts\/159212\/revisions"}],"predecessor-version":[{"id":159215,"href":"https:\/\/die-webzeitung.de\/ludwigsburg\/wp-json\/wp\/v2\/posts\/159212\/revisions\/159215"}],"wp:featuredmedia":[{"embeddable":true,"href":"https:\/\/die-webzeitung.de\/ludwigsburg\/wp-json\/wp\/v2\/media\/159213"}],"wp:attachment":[{"href":"https:\/\/die-webzeitung.de\/ludwigsburg\/wp-json\/wp\/v2\/media?parent=159212"}],"wp:term":[{"taxonomy":"category","embeddable":true,"href":"https:\/\/die-webzeitung.de\/ludwigsburg\/wp-json\/wp\/v2\/categories?post=159212"},{"taxonomy":"post_tag","embeddable":true,"href":"https:\/\/die-webzeitung.de\/ludwigsburg\/wp-json\/wp\/v2\/tags?post=159212"}],"curies":[{"name":"wp","href":"https:\/\/api.w.org\/{rel}","templated":true}]}}