{"id":159177,"date":"2021-03-05T15:23:53","date_gmt":"2021-03-05T14:23:53","guid":{"rendered":"https:\/\/die-webzeitung.de\/ludwigsburg\/?p=159177"},"modified":"2021-03-05T15:23:53","modified_gmt":"2021-03-05T14:23:53","slug":"dominik-salz-und-volkan-celiktas-verlaengern-beim-sgv-bis-2022","status":"publish","type":"post","link":"https:\/\/die-webzeitung.de\/ludwigsburg\/2021\/03\/05\/dominik-salz-und-volkan-celiktas-verlaengern-beim-sgv-bis-2022\/","title":{"rendered":"Dominik Salz und Volkan Celiktas verl\u00e4ngern beim SGV bis 2022"},"content":{"rendered":"<p style=\"text-align: justify;\">Dominik Salz: Ich freue mich \u00fcber ein weiteres Jahr SGV mit allen Verantwortlichen, Trainern und Spielern. Es ist hier eine wirklich tolle Fu\u00dfball-Gemeinschaft. Ich f\u00fchle mich pudelwohl und warum aufh\u00f6ren wenn es am sch\u00f6nsten ist?<\/p>\n<p style=\"text-align: justify;\">Marco Gr\u00fcttner, Sportlicher Leiter SGV: Ich freue mich sehr, dass mit Domi ein absoluter Mentalit\u00e4tsspieler seinen Vertrag verl\u00e4ngert hat. Er identifiziert sich voll mit unserem Verein und bringt genau die Voraussetzungen mit die wir brauchen.<\/p>\n<p style=\"text-align: justify;\">Laki Sbonias, Cheftrainer SGV: Dominik verk\u00f6rpert zu 100% den Charakter unserer Truppe. Seine Mentalit\u00e4t, gepaart mit dem unbedingten Willen f\u00fcr seine Mannschaft zu arbeiten, sind ein Paradebeispiel f\u00fcr jeden seiner Mitspieler. Jeder Trainer kann sich gl\u00fccklich sch\u00e4tzen so einen Typen in der Mannschaft zu haben. Seine Vertragsverl\u00e4ngerung ist ein tolles Signal!<\/p>\n<p style=\"text-align: justify;\">Volkan Celiktas: Ich freue mich sehr, weiterhin ein Teil der SGV-Familie sein zu d\u00fcrfen. Trotz der schwierigen coronabedingten Lage hat der Verein mir erneut sein Vertrauen ausgesprochen, wor\u00fcber ich mich sehr gefreut habe. Nun hoffe ich, dass wir bald wieder auf den Platz d\u00fcrfen und unsere Ziele gemeinsam erreichen k\u00f6nnen.<\/p>\n<p style=\"text-align: justify;\">Marco Gr\u00fcttner, Sportlicher Leiter SGV: Ich bin froh, dass Volkan seinen auslaufenden Vertrag beim SGV verl\u00e4ngert hat und weiterhin an Bord bleibt. Volkan spielt in unseren Planungen eine wichtige Rolle und ist nicht umsonst zum Vize-Kapit\u00e4n ernannt worden. Ich freue mich auf eine weitere Gute und hoffentlich erfolgreiche Zusammenarbeit<\/p>\n<p style=\"text-align: justify;\">Laki Sbonias, Cheftrainer SGV: Wir haben Volkan vor der Saison zum Vizekapit\u00e4n ernannt und ihm damit eine Menge Verantwortung \u00fcbergeben. Er ist in diese Rolle von Spiel zu Spiel reingewachsen und f\u00fcllt sie super aus. Sein komplettes Potenzial ist noch lange nicht ausgesch\u00f6pft und deshalb freue ich mich riesig darauf mit ihm gemeinsam auch in Zukunft zusammen zu arbeiten.<\/p>\n<hr \/>\n<p style=\"text-align: justify;\">\n","protected":false},"excerpt":{"rendered":"<p>Dominik Salz: Ich freue mich \u00fcber ein weiteres Jahr SGV mit allen Verantwortlichen, Trainern und Spielern. Es ist hier eine wirklich tolle Fu\u00dfball-Gemeinschaft. Ich f\u00fchle mich pudelwohl und warum aufh\u00f6ren wenn es am sch\u00f6nsten ist? Marco Gr\u00fcttner, Sportlicher Leiter SGV: Ich freue mich sehr, dass mit Domi ein absoluter Mentalit\u00e4tsspieler seinen Vertrag verl\u00e4ngert hat. Er [&hellip;]<\/p>\n","protected":false},"author":4,"featured_media":0,"comment_status":"closed","ping_status":"open","sticky":false,"template":"","format":"standard","meta":{"inline_featured_image":false,"_exactmetrics_skip_tracking":false,"_exactmetrics_sitenote_active":false,"_exactmetrics_sitenote_note":"","_exactmetrics_sitenote_category":0,"tdm_status":"","tdm_grid_status":"","footnotes":""},"categories":[110],"tags":[8875,80,5,1080,68,9,119,5024],"class_list":{"0":"post-159177","1":"post","2":"type-post","3":"status-publish","4":"format-standard","6":"category-sport","7":"tag-die-webzeitung","8":"tag-freiberger-seite","9":"tag-internetzeitung","10":"tag-oberliga","11":"tag-online-zeitung","12":"tag-schaumedia","13":"tag-sgv","14":"tag-sgv-freiberg"},"image_feature":null,"author_name":"Redaktion","pure_taxonomies":{"categories":[{"term_id":110,"name":"Sport","slug":"sport","term_group":0,"term_taxonomy_id":112,"taxonomy":"category","description":"Sportberichte","parent":0,"count":1115,"filter":"raw","image":""}],"tags":[{"term_id":8875,"name":"Die-Webzeitung","slug":"die-webzeitung","term_group":0,"term_taxonomy_id":8876,"taxonomy":"post_tag","description":"","parent":0,"count":4257,"filter":"raw","image":""},{"term_id":80,"name":"Freiberg","slug":"freiberger-seite","term_group":0,"term_taxonomy_id":95,"taxonomy":"post_tag","description":"","parent":0,"count":122,"filter":"raw","image":""},{"term_id":5,"name":"Internetzeitung","slug":"internetzeitung","term_group":0,"term_taxonomy_id":5,"taxonomy":"post_tag","description":"","parent":0,"count":1533,"filter":"raw","image":""},{"term_id":1080,"name":"Oberliga","slug":"oberliga","term_group":0,"term_taxonomy_id":1089,"taxonomy":"post_tag","description":"","parent":0,"count":47,"filter":"raw","image":""},{"term_id":68,"name":"Online-Zeitung","slug":"online-zeitung","term_group":0,"term_taxonomy_id":69,"taxonomy":"post_tag","description":"","parent":0,"count":4206,"filter":"raw","image":""},{"term_id":9,"name":"SchauMedia","slug":"schaumedia","term_group":0,"term_taxonomy_id":9,"taxonomy":"post_tag","description":"","parent":0,"count":1582,"filter":"raw","image":""},{"term_id":119,"name":"SGV","slug":"sgv","term_group":0,"term_taxonomy_id":121,"taxonomy":"post_tag","description":"","parent":0,"count":81,"filter":"raw","image":""},{"term_id":5024,"name":"SGV Freiberg","slug":"sgv-freiberg","term_group":0,"term_taxonomy_id":5041,"taxonomy":"post_tag","description":"","parent":0,"count":11,"filter":"raw","image":""}]},"_links":{"self":[{"href":"https:\/\/die-webzeitung.de\/ludwigsburg\/wp-json\/wp\/v2\/posts\/159177","targetHints":{"allow":["GET"]}}],"collection":[{"href":"https:\/\/die-webzeitung.de\/ludwigsburg\/wp-json\/wp\/v2\/posts"}],"about":[{"href":"https:\/\/die-webzeitung.de\/ludwigsburg\/wp-json\/wp\/v2\/types\/post"}],"author":[{"embeddable":true,"href":"https:\/\/die-webzeitung.de\/ludwigsburg\/wp-json\/wp\/v2\/users\/4"}],"replies":[{"embeddable":true,"href":"https:\/\/die-webzeitung.de\/ludwigsburg\/wp-json\/wp\/v2\/comments?post=159177"}],"version-history":[{"count":1,"href":"https:\/\/die-webzeitung.de\/ludwigsburg\/wp-json\/wp\/v2\/posts\/159177\/revisions"}],"predecessor-version":[{"id":159178,"href":"https:\/\/die-webzeitung.de\/ludwigsburg\/wp-json\/wp\/v2\/posts\/159177\/revisions\/159178"}],"wp:attachment":[{"href":"https:\/\/die-webzeitung.de\/ludwigsburg\/wp-json\/wp\/v2\/media?parent=159177"}],"wp:term":[{"taxonomy":"category","embeddable":true,"href":"https:\/\/die-webzeitung.de\/ludwigsburg\/wp-json\/wp\/v2\/categories?post=159177"},{"taxonomy":"post_tag","embeddable":true,"href":"https:\/\/die-webzeitung.de\/ludwigsburg\/wp-json\/wp\/v2\/tags?post=159177"}],"curies":[{"name":"wp","href":"https:\/\/api.w.org\/{rel}","templated":true}]}}