{"id":159091,"date":"2021-02-25T15:56:44","date_gmt":"2021-02-25T14:56:44","guid":{"rendered":"https:\/\/die-webzeitung.de\/ludwigsburg\/?p=159091"},"modified":"2021-02-25T15:56:44","modified_gmt":"2021-02-25T14:56:44","slug":"hakan-kutlu-und-yannick-thermann-verlaengern-bis-2022","status":"publish","type":"post","link":"https:\/\/die-webzeitung.de\/ludwigsburg\/2021\/02\/25\/hakan-kutlu-und-yannick-thermann-verlaengern-bis-2022\/","title":{"rendered":"Hakan Kutlu und Yannick Thermann verl\u00e4ngern bis 2022"},"content":{"rendered":"<p style=\"text-align: justify;\">Freiberg a. N.| Hakan Kutlu: Ich freu mich sehr \u00fcber die Vertragsverl\u00e4ngerung, bin stolz weiterhin ein Teil dieser Mannschaft sein zu k\u00f6nnen und hoffe das wir bald wieder auf dem Platz stehen, um dort weiter zu machen wo wir aufgeh\u00f6rt hatten. Kann es kaum abwarten wieder auf dem Platz zu stehen.<\/p>\n<p style=\"text-align: justify;\">Danke auch an Christian Werner und Marco Gr\u00fcttner, f\u00fcr die vertrauensvollen \u2028Gespr\u00e4che.<br \/>\nMarco Gr\u00fcttner, Sportlicher Leiter SGV: Ich freue mich, dass Hakan seinen auslaufenden Vertrag in Freiberg verl\u00e4ngert hat und weiter ein Teil dieser Mannschaft bleibt. Am meisten freut mich aber, dass er nach seiner Kreuzbandverletzung wieder vollst\u00e4ndig genesen ist und uns, hoffentlich bald, wieder auf dem Platz mit seinen F\u00e4higkeiten helfen wird.<\/p>\n<p style=\"text-align: justify;\">Laki Sbonias, Cheftrainer SGV: Als klar war, dass Hakan im ersten Saisonspiel einen Kreuzbandriss erlitten hatte und lange ausfallen wird, war das ein Schock f\u00fcr mich. Umso mehr freuen mich die aktuell positiven Nachrichten um seine Person. Seine Vertragsverl\u00e4ngerung und die guten Fortschritte in der Reha hat er sich hart verdient. Ich freue mich, Hakan bald wieder auf dem Platz zu sehen und empfinde ihn fast wie einen Neuzugang f\u00fcr uns!<\/p>\n<p style=\"text-align: justify;\">Yannick Thermann: Ich danke den Verantwortlichen f\u00fcr ihr Vertrauen, das sie mir vor dieser Saison entgegengebracht haben. Ich denke, dass ich dieses Vertrauen bis jetzt zur\u00fcckgegeben habe und es eine \u201erunde Sache\u201c f\u00fcr beide Seiten war und ist.<br \/>\nDeswegen freue ich mich auch in der n\u00e4chsten Saison f\u00fcr den SGV auf dem Feld zu stehen.<br \/>\nJetzt hoffe ich, dass wir demn\u00e4chst den Rest der Saison erfolgreich abschlie\u00dfen und dann in der Regionalliga angreifen k\u00f6nnen!<\/p>\n<p style=\"text-align: justify;\">Marco Gr\u00fcttner, Sportlicher Leiter SGV: Ich freue mich sehr, dass sich Yannick daf\u00fcr entschieden hat, seinen zum Saisonende auslaufenden Vertrag beim SGV zu verl\u00e4ngern. Yannick ist nicht nur aufgrund seiner 8 Saisontore ein wichtiger Baustein in unserer Mannschaft, sondern auch wegen seiner Pers\u00f6nlichkeit und seiner ruhigen und sicheren Spielweise, ein ganz wichtiger Faktor.<\/p>\n<p style=\"text-align: justify;\">Laki Sbonias, Cheftrainer SGV: Yannick war in der bisherigen Saison ein absoluter Pfeiler f\u00fcr unser Spiel und unser Team! Man merkt, dass er wieder den Spa\u00df am Fu\u00dfball gefunden hat und er dokumentiert das, mit sehr guten Leistungen. Deshalb bin ich gl\u00fccklich, dass er sich dazu entschieden hat den Weg mit uns weiterzugehen und freue mich auf die weitere Zusammenarbeit mit ihm.<\/p>\n<hr \/>\n<p style=\"text-align: justify;\">\n","protected":false},"excerpt":{"rendered":"<p>Freiberg a. N.| Hakan Kutlu: Ich freu mich sehr \u00fcber die Vertragsverl\u00e4ngerung, bin stolz weiterhin ein Teil dieser Mannschaft sein zu k\u00f6nnen und hoffe das wir bald wieder auf dem Platz stehen, um dort weiter zu machen wo wir aufgeh\u00f6rt hatten. Kann es kaum abwarten wieder auf dem Platz zu stehen. Danke auch an Christian [&hellip;]<\/p>\n","protected":false},"author":4,"featured_media":0,"comment_status":"closed","ping_status":"open","sticky":false,"template":"","format":"standard","meta":{"inline_featured_image":false,"_exactmetrics_skip_tracking":false,"_exactmetrics_sitenote_active":false,"_exactmetrics_sitenote_note":"","_exactmetrics_sitenote_category":0,"tdm_status":"","tdm_grid_status":"","footnotes":""},"categories":[110],"tags":[8875,80,129,1080,68,9,119],"class_list":{"0":"post-159091","1":"post","2":"type-post","3":"status-publish","4":"format-standard","6":"category-sport","7":"tag-die-webzeitung","8":"tag-freiberger-seite","9":"tag-fusball","10":"tag-oberliga","11":"tag-online-zeitung","12":"tag-schaumedia","13":"tag-sgv"},"image_feature":null,"author_name":"Redaktion","pure_taxonomies":{"categories":[{"term_id":110,"name":"Sport","slug":"sport","term_group":0,"term_taxonomy_id":112,"taxonomy":"category","description":"Sportberichte","parent":0,"count":1115,"filter":"raw","image":""}],"tags":[{"term_id":8875,"name":"Die-Webzeitung","slug":"die-webzeitung","term_group":0,"term_taxonomy_id":8876,"taxonomy":"post_tag","description":"","parent":0,"count":4257,"filter":"raw","image":""},{"term_id":80,"name":"Freiberg","slug":"freiberger-seite","term_group":0,"term_taxonomy_id":95,"taxonomy":"post_tag","description":"","parent":0,"count":122,"filter":"raw","image":""},{"term_id":129,"name":"Fu\u00dfball","slug":"fusball","term_group":0,"term_taxonomy_id":131,"taxonomy":"post_tag","description":"","parent":0,"count":189,"filter":"raw","image":""},{"term_id":1080,"name":"Oberliga","slug":"oberliga","term_group":0,"term_taxonomy_id":1089,"taxonomy":"post_tag","description":"","parent":0,"count":47,"filter":"raw","image":""},{"term_id":68,"name":"Online-Zeitung","slug":"online-zeitung","term_group":0,"term_taxonomy_id":69,"taxonomy":"post_tag","description":"","parent":0,"count":4206,"filter":"raw","image":""},{"term_id":9,"name":"SchauMedia","slug":"schaumedia","term_group":0,"term_taxonomy_id":9,"taxonomy":"post_tag","description":"","parent":0,"count":1582,"filter":"raw","image":""},{"term_id":119,"name":"SGV","slug":"sgv","term_group":0,"term_taxonomy_id":121,"taxonomy":"post_tag","description":"","parent":0,"count":81,"filter":"raw","image":""}]},"_links":{"self":[{"href":"https:\/\/die-webzeitung.de\/ludwigsburg\/wp-json\/wp\/v2\/posts\/159091","targetHints":{"allow":["GET"]}}],"collection":[{"href":"https:\/\/die-webzeitung.de\/ludwigsburg\/wp-json\/wp\/v2\/posts"}],"about":[{"href":"https:\/\/die-webzeitung.de\/ludwigsburg\/wp-json\/wp\/v2\/types\/post"}],"author":[{"embeddable":true,"href":"https:\/\/die-webzeitung.de\/ludwigsburg\/wp-json\/wp\/v2\/users\/4"}],"replies":[{"embeddable":true,"href":"https:\/\/die-webzeitung.de\/ludwigsburg\/wp-json\/wp\/v2\/comments?post=159091"}],"version-history":[{"count":1,"href":"https:\/\/die-webzeitung.de\/ludwigsburg\/wp-json\/wp\/v2\/posts\/159091\/revisions"}],"predecessor-version":[{"id":159092,"href":"https:\/\/die-webzeitung.de\/ludwigsburg\/wp-json\/wp\/v2\/posts\/159091\/revisions\/159092"}],"wp:attachment":[{"href":"https:\/\/die-webzeitung.de\/ludwigsburg\/wp-json\/wp\/v2\/media?parent=159091"}],"wp:term":[{"taxonomy":"category","embeddable":true,"href":"https:\/\/die-webzeitung.de\/ludwigsburg\/wp-json\/wp\/v2\/categories?post=159091"},{"taxonomy":"post_tag","embeddable":true,"href":"https:\/\/die-webzeitung.de\/ludwigsburg\/wp-json\/wp\/v2\/tags?post=159091"}],"curies":[{"name":"wp","href":"https:\/\/api.w.org\/{rel}","templated":true}]}}