{"id":158456,"date":"2021-02-01T18:25:30","date_gmt":"2021-02-01T17:25:30","guid":{"rendered":"https:\/\/die-webzeitung.de\/ludwigsburg\/?p=158456"},"modified":"2021-02-01T18:25:30","modified_gmt":"2021-02-01T17:25:30","slug":"ww-gruppe-ist-top-employer-germany-2021","status":"publish","type":"post","link":"https:\/\/die-webzeitung.de\/ludwigsburg\/2021\/02\/01\/ww-gruppe-ist-top-employer-germany-2021\/","title":{"rendered":"W&#038;W-Gruppe ist \u201eTop Employer Germany 2021\u201c"},"content":{"rendered":"<p style=\"text-align: justify;\">Die W\u00fcstenrot &amp; W\u00fcrttembergische-Gruppe (W&amp;W) wurde mit dem Titel \u201eTop Employer Germany 2021\u201c durch das Top Employers Institute ausgezeichnet. Das unabh\u00e4ngige Institut zertifiziert j\u00e4hrlich weltweit Arbeitgeber, die ihren Mitarbeiterinnen und Mitarbeitern optimale Arbeitsbedingungen bieten. In diesem Jahr wurden \u00fcber 1600 Top Arbeitgeber in 120 L\u00e4ndern und Regionen identifiziert und ausgezeichnet.<\/p>\n<p style=\"text-align: justify;\">F\u00fcr die Auszeichnung durchlief die W&amp;W-Gruppe ein mehrstufiges Zertifizierungsprogramm. Neben der Beantwortung von \u00fcber 600 Fragen inklusive der Dokumentation der Antworten ging es auch um Fragen der Ausgestaltung der Prozesse im Konzern. Bestandteil der Analyse waren unter anderem die Kategorien Recruiting, Personalentwicklung, Arbeitsbedingungen wie Arbeitszeit und flexibles Arbeiten sowie zus\u00e4tzliche Leistungen wie beispielsweise das Gesundheitsmanagement. Diese wurden von unabh\u00e4ngigen Experten bewertet und auditiert. Eine Zertifizierung erfolgt nur, wenn ein Unternehmen \u00fcber formalisierte und zukunftsorientierte Personal-Prozesse verf\u00fcgt.<\/p>\n<p style=\"text-align: justify;\">Die W&amp;W-Gruppe hat bereits im Jahr 2020 einige Auszeichnungen f\u00fcr ihre Personalarbeit erhalten. So wurde die W&amp;W und die W\u00fcstenrot Bausparkasse AG vom F.A.Z.-Institut als \u201eDeutschlands begehrteste Arbeitgeber\u201c in den Kategorien Finanzdienstleister und Bausparkassen ausgezeichnet. Laut Ausbilderstudie 2020 des Wirtschaftsmagazin CAPITAL geh\u00f6rt die W&amp;W zudem zu \u201eDeutschlands besten Ausbildern\u201c.<\/p>\n<hr \/>\n<p style=\"text-align: justify;\">\n","protected":false},"excerpt":{"rendered":"<p>Die W\u00fcstenrot &amp; W\u00fcrttembergische-Gruppe (W&amp;W) wurde mit dem Titel \u201eTop Employer Germany 2021\u201c durch das Top Employers Institute ausgezeichnet. Das unabh\u00e4ngige Institut zertifiziert j\u00e4hrlich weltweit Arbeitgeber, die ihren Mitarbeiterinnen und Mitarbeitern optimale Arbeitsbedingungen bieten. In diesem Jahr wurden \u00fcber 1600 Top Arbeitgeber in 120 L\u00e4ndern und Regionen identifiziert und ausgezeichnet. F\u00fcr die Auszeichnung durchlief die [&hellip;]<\/p>\n","protected":false},"author":4,"featured_media":0,"comment_status":"closed","ping_status":"open","sticky":false,"template":"","format":"standard","meta":{"inline_featured_image":false,"_exactmetrics_skip_tracking":false,"_exactmetrics_sitenote_active":false,"_exactmetrics_sitenote_note":"","_exactmetrics_sitenote_category":0,"tdm_status":"","tdm_grid_status":"","footnotes":""},"categories":[479],"tags":[8875,5,68,9,1442,18,19],"class_list":{"0":"post-158456","1":"post","2":"type-post","3":"status-publish","4":"format-standard","6":"category-wirtschaft","7":"tag-die-webzeitung","8":"tag-internetzeitung","9":"tag-online-zeitung","10":"tag-schaumedia","11":"tag-ww","12":"tag-wurttembergische","13":"tag-wustenrot"},"image_feature":null,"author_name":"Redaktion","pure_taxonomies":{"categories":[{"term_id":479,"name":"Wirtschaft","slug":"wirtschaft","term_group":0,"term_taxonomy_id":1941,"taxonomy":"category","description":"","parent":0,"count":392,"filter":"raw","image":""}],"tags":[{"term_id":8875,"name":"Die-Webzeitung","slug":"die-webzeitung","term_group":0,"term_taxonomy_id":8876,"taxonomy":"post_tag","description":"","parent":0,"count":4257,"filter":"raw","image":""},{"term_id":5,"name":"Internetzeitung","slug":"internetzeitung","term_group":0,"term_taxonomy_id":5,"taxonomy":"post_tag","description":"","parent":0,"count":1533,"filter":"raw","image":""},{"term_id":68,"name":"Online-Zeitung","slug":"online-zeitung","term_group":0,"term_taxonomy_id":69,"taxonomy":"post_tag","description":"","parent":0,"count":4206,"filter":"raw","image":""},{"term_id":9,"name":"SchauMedia","slug":"schaumedia","term_group":0,"term_taxonomy_id":9,"taxonomy":"post_tag","description":"","parent":0,"count":1582,"filter":"raw","image":""},{"term_id":1442,"name":"W&amp;W","slug":"ww","term_group":0,"term_taxonomy_id":1451,"taxonomy":"post_tag","description":"","parent":0,"count":85,"filter":"raw","image":""},{"term_id":18,"name":"W\u00fcrttembergische","slug":"wurttembergische","term_group":0,"term_taxonomy_id":18,"taxonomy":"post_tag","description":"","parent":0,"count":113,"filter":"raw","image":""},{"term_id":19,"name":"W\u00fcstenrot","slug":"wustenrot","term_group":0,"term_taxonomy_id":19,"taxonomy":"post_tag","description":"","parent":0,"count":181,"filter":"raw","image":""}]},"_links":{"self":[{"href":"https:\/\/die-webzeitung.de\/ludwigsburg\/wp-json\/wp\/v2\/posts\/158456","targetHints":{"allow":["GET"]}}],"collection":[{"href":"https:\/\/die-webzeitung.de\/ludwigsburg\/wp-json\/wp\/v2\/posts"}],"about":[{"href":"https:\/\/die-webzeitung.de\/ludwigsburg\/wp-json\/wp\/v2\/types\/post"}],"author":[{"embeddable":true,"href":"https:\/\/die-webzeitung.de\/ludwigsburg\/wp-json\/wp\/v2\/users\/4"}],"replies":[{"embeddable":true,"href":"https:\/\/die-webzeitung.de\/ludwigsburg\/wp-json\/wp\/v2\/comments?post=158456"}],"version-history":[{"count":1,"href":"https:\/\/die-webzeitung.de\/ludwigsburg\/wp-json\/wp\/v2\/posts\/158456\/revisions"}],"predecessor-version":[{"id":158457,"href":"https:\/\/die-webzeitung.de\/ludwigsburg\/wp-json\/wp\/v2\/posts\/158456\/revisions\/158457"}],"wp:attachment":[{"href":"https:\/\/die-webzeitung.de\/ludwigsburg\/wp-json\/wp\/v2\/media?parent=158456"}],"wp:term":[{"taxonomy":"category","embeddable":true,"href":"https:\/\/die-webzeitung.de\/ludwigsburg\/wp-json\/wp\/v2\/categories?post=158456"},{"taxonomy":"post_tag","embeddable":true,"href":"https:\/\/die-webzeitung.de\/ludwigsburg\/wp-json\/wp\/v2\/tags?post=158456"}],"curies":[{"name":"wp","href":"https:\/\/api.w.org\/{rel}","templated":true}]}}