{"id":158339,"date":"2021-01-20T14:41:25","date_gmt":"2021-01-20T13:41:25","guid":{"rendered":"https:\/\/die-webzeitung.de\/ludwigsburg\/?p=158339"},"modified":"2021-01-20T14:41:25","modified_gmt":"2021-01-20T13:41:25","slug":"whs-ist-beratungsunternehmen-des-kompetenzzentrums-wohnen-bw","status":"publish","type":"post","link":"https:\/\/die-webzeitung.de\/ludwigsburg\/2021\/01\/20\/whs-ist-beratungsunternehmen-des-kompetenzzentrums-wohnen-bw\/","title":{"rendered":"WHS ist Beratungsunternehmen des Kompetenzzentrums Wohnen BW"},"content":{"rendered":"<p style=\"text-align: justify;\"><strong>Die W\u00fcstenrot Haus- und St\u00e4dtebau GmbH (WHS) hat sich als Beratungsunternehmen beim Ministerium f\u00fcr Wirtschaft, Arbeit und Wohnungsbau Baden-W\u00fcrttemberg qualifiziert und wird ab sofort Kommunen bei der Schaffung von bezahlbarem Wohnraum beratend unterst\u00fctzen. Das Angebot im Rahmen des Kompetenzzentrums Wohnen BW wurde neu geschaffen und ist Teil der Wohnraumoffensive des Landes.\u00a0\u00a0\u00a0 <\/strong><\/p>\n<p style=\"text-align: justify;\">Das Land Baden-W\u00fcrttemberg stellt Kommunen, die Unterst\u00fctzung bei der Schaffung von bezahlbarem Wohnraum suchen, seit diesem Jahr ein ganzheitliches Unterst\u00fctzungspaket mit Beratungsangeboten zur Verf\u00fcgung. Die WHS ist gemeinsam mit ihrem Tochterunternehmen, der Gesellschaft f\u00fcr Markt- und Absatzforschung mbH (GMA), f\u00fcr alle sieben Beratungsmodule zugelassen. Aus diesem Baukasten k\u00f6nnen die Kommunen ihre Beratungen flexibel und individuell zusammenstellen. \u201eWir freuen uns, dass wir das Land mit unserer jahrzehntelangen Erfahrung \u00fcberzeugen konnten und sind stolz, in allen sieben Beratungspools mitwirken zu d\u00fcrfen\u201c, sagt Marcus Ziemer, Gesch\u00e4ftsf\u00fchrer der WHS.<\/p>\n<p style=\"text-align: justify;\">Die WHS unterst\u00fctzt im Auftrag des Landes Kommunen von Beginn an und Schritt f\u00fcr Schritt bis zum tats\u00e4chlichen Baubeginn. Das umfasst unter anderem die begleitende Kommunikation, die B\u00fcrgerbeteiligung sowie die Ausarbeitung von st\u00e4dtebaulichen Rahmenbedingungen f\u00fcr die Fl\u00e4chenentwicklung. \u201eDer ganzheitliche Ansatz gibt Kommunen Unterst\u00fctzung \u00fcber die gesamte Projektlaufzeit und wird daf\u00fcr sorgen, dass im Land bezahlbarer Wohnraum schnell und ausreichend entstehen kann\u201c, fasst Marc Bosch, ebenfalls Gesch\u00e4ftsf\u00fchrer der WHS, zusammen.<\/p>\n<hr \/>\n<p style=\"text-align: justify;\">\n","protected":false},"excerpt":{"rendered":"<p>Die W\u00fcstenrot Haus- und St\u00e4dtebau GmbH (WHS) hat sich als Beratungsunternehmen beim Ministerium f\u00fcr Wirtschaft, Arbeit und Wohnungsbau Baden-W\u00fcrttemberg qualifiziert und wird ab sofort Kommunen bei der Schaffung von bezahlbarem Wohnraum beratend unterst\u00fctzen. Das Angebot im Rahmen des Kompetenzzentrums Wohnen BW wurde neu geschaffen und ist Teil der Wohnraumoffensive des Landes.\u00a0\u00a0\u00a0 Das Land Baden-W\u00fcrttemberg stellt [&hellip;]<\/p>\n","protected":false},"author":4,"featured_media":0,"comment_status":"closed","ping_status":"open","sticky":false,"template":"","format":"standard","meta":{"inline_featured_image":false,"_exactmetrics_skip_tracking":false,"_exactmetrics_sitenote_active":false,"_exactmetrics_sitenote_note":"","_exactmetrics_sitenote_category":0,"tdm_status":"","tdm_grid_status":"","footnotes":""},"categories":[479],"tags":[8875,501,5,68,9,1399,2018,19],"class_list":{"0":"post-158339","1":"post","2":"type-post","3":"status-publish","4":"format-standard","6":"category-wirtschaft","7":"tag-die-webzeitung","8":"tag-hausbau","9":"tag-internetzeitung","10":"tag-online-zeitung","11":"tag-schaumedia","12":"tag-stadtebau","13":"tag-whs","14":"tag-wustenrot"},"image_feature":null,"author_name":"Redaktion","pure_taxonomies":{"categories":[{"term_id":479,"name":"Wirtschaft","slug":"wirtschaft","term_group":0,"term_taxonomy_id":1941,"taxonomy":"category","description":"","parent":0,"count":392,"filter":"raw","image":""}],"tags":[{"term_id":8875,"name":"Die-Webzeitung","slug":"die-webzeitung","term_group":0,"term_taxonomy_id":8876,"taxonomy":"post_tag","description":"","parent":0,"count":4257,"filter":"raw","image":""},{"term_id":501,"name":"Hausbau","slug":"hausbau","term_group":0,"term_taxonomy_id":508,"taxonomy":"post_tag","description":"","parent":0,"count":3,"filter":"raw","image":""},{"term_id":5,"name":"Internetzeitung","slug":"internetzeitung","term_group":0,"term_taxonomy_id":5,"taxonomy":"post_tag","description":"","parent":0,"count":1533,"filter":"raw","image":""},{"term_id":68,"name":"Online-Zeitung","slug":"online-zeitung","term_group":0,"term_taxonomy_id":69,"taxonomy":"post_tag","description":"","parent":0,"count":4206,"filter":"raw","image":""},{"term_id":9,"name":"SchauMedia","slug":"schaumedia","term_group":0,"term_taxonomy_id":9,"taxonomy":"post_tag","description":"","parent":0,"count":1582,"filter":"raw","image":""},{"term_id":1399,"name":"St\u00e4dtebau","slug":"stadtebau","term_group":0,"term_taxonomy_id":1408,"taxonomy":"post_tag","description":"","parent":0,"count":5,"filter":"raw","image":""},{"term_id":2018,"name":"WHS","slug":"whs","term_group":0,"term_taxonomy_id":2030,"taxonomy":"post_tag","description":"","parent":0,"count":32,"filter":"raw","image":""},{"term_id":19,"name":"W\u00fcstenrot","slug":"wustenrot","term_group":0,"term_taxonomy_id":19,"taxonomy":"post_tag","description":"","parent":0,"count":181,"filter":"raw","image":""}]},"_links":{"self":[{"href":"https:\/\/die-webzeitung.de\/ludwigsburg\/wp-json\/wp\/v2\/posts\/158339","targetHints":{"allow":["GET"]}}],"collection":[{"href":"https:\/\/die-webzeitung.de\/ludwigsburg\/wp-json\/wp\/v2\/posts"}],"about":[{"href":"https:\/\/die-webzeitung.de\/ludwigsburg\/wp-json\/wp\/v2\/types\/post"}],"author":[{"embeddable":true,"href":"https:\/\/die-webzeitung.de\/ludwigsburg\/wp-json\/wp\/v2\/users\/4"}],"replies":[{"embeddable":true,"href":"https:\/\/die-webzeitung.de\/ludwigsburg\/wp-json\/wp\/v2\/comments?post=158339"}],"version-history":[{"count":1,"href":"https:\/\/die-webzeitung.de\/ludwigsburg\/wp-json\/wp\/v2\/posts\/158339\/revisions"}],"predecessor-version":[{"id":158340,"href":"https:\/\/die-webzeitung.de\/ludwigsburg\/wp-json\/wp\/v2\/posts\/158339\/revisions\/158340"}],"wp:attachment":[{"href":"https:\/\/die-webzeitung.de\/ludwigsburg\/wp-json\/wp\/v2\/media?parent=158339"}],"wp:term":[{"taxonomy":"category","embeddable":true,"href":"https:\/\/die-webzeitung.de\/ludwigsburg\/wp-json\/wp\/v2\/categories?post=158339"},{"taxonomy":"post_tag","embeddable":true,"href":"https:\/\/die-webzeitung.de\/ludwigsburg\/wp-json\/wp\/v2\/tags?post=158339"}],"curies":[{"name":"wp","href":"https:\/\/api.w.org\/{rel}","templated":true}]}}