{"id":157975,"date":"2020-12-07T17:04:58","date_gmt":"2020-12-07T16:04:58","guid":{"rendered":"https:\/\/die-webzeitung.de\/ludwigsburg\/?p=157975"},"modified":"2020-12-07T17:04:58","modified_gmt":"2020-12-07T16:04:58","slug":"wasserballer-beim-len-euro-cup-endspiel-leider-verloren","status":"publish","type":"post","link":"https:\/\/die-webzeitung.de\/ludwigsburg\/2020\/12\/07\/wasserballer-beim-len-euro-cup-endspiel-leider-verloren\/","title":{"rendered":"Wasserballer beim LEN Euro-Cup: Endspiel leider verloren"},"content":{"rendered":"<p style=\"text-align: justify;\">Sonntagmittag, letztes Spiel beim Euro-Cup f\u00fcr die SVL-Wasserballer: leider verloren gegen ein gutes Gastgeber-Team aus Aix. Die Ludwigsburger verabschieden sich aus ihrem ersten internationalen Turnier.<\/p>\n<p style=\"text-align: justify;\">Die ersten Minuten kann der SVL am Sonntagmittag gut mithalten mit dem Gastgeber-Team. Doch sp\u00e4testens mit beziehungsweise nach dem zweiten Viertel &#8211; Ludwigsburg gelingt kein Tor &#8211; wird klar: Aix d\u00fcrfte der Sieg kaum zu nehmen sein. Zur Halbzeit steht es 3:8.<\/p>\n<p style=\"text-align: justify;\">Wer das Spiele auf der Facebook-Seite des Clubs aus Aix schaut, kann nebenbei die Kommentare der franz\u00f6sischen Fans lesen. Einer schreibt: Aix spiele \u201eeinfach und effektiv\u201c. So ist es. Aix verf\u00fcgt zudem \u00fcber einen top Torwart, der zig B\u00e4lle pariert.<\/p>\n<p style=\"text-align: justify;\">Ein Franzose erinnert auf Facebook allerdings auch an die extrem unterschiedlichen Bedingungen in den beiden L\u00e4ndern. W\u00e4hrend in Frankreich die Liga l\u00e4ngst wieder laufe, schreibt der Mann aus Aix, werde in der Bundesliga seit Monaten wegen Corona nicht gespielt.<\/p>\n<p style=\"text-align: justify;\">Mit einem 5:14 verabschiedet sich das Team vom SV Ludwigsburg aus seinem ersten internationalen Turnier &#8211; mit zwei Niederlagen, gegen Aix und gegen die Griechen, und mit einem deutlichen Sieg gegen die Schweizer. Ein Sieg in diesem quasi-Endspiel am Sonntag h\u00e4tte den Weg frei gemacht ins Achtelfinale.<\/p>\n<p style=\"text-align: justify;\">Matthias Nagel, SVL-Vizepr\u00e4sident, sagt, die Teilnahme am Euro-Cup habe gezeigt: \u201eWir m\u00fcssen uns nicht verstecken. Und nun wissen wir, wo wir stehen &#8211; und woran wir noch arbeiten m\u00fcssen, wo wir uns verbessern m\u00fcssen.\u201c Das Turnier sei eine tolle Veranstaltung gewesen, besten Dank daf\u00fcr an den Club aus Aix.<\/p>\n<p style=\"text-align: justify;\">SVL-Pr\u00e4sident Volker Heyn spricht von einem \u201ehistorischen Wochenende f\u00fcr den SVL\u201c, es habe gezeigt, dass \u201ediese Mannschaft auch international mithalten kann.\u201c Wer das vor drei Jahren prophezeit h\u00e4tte, dem w\u00e4re man vermutlich mit einem mitleidigen L\u00e4cheln begegnet.<\/p>\n<p style=\"text-align: justify;\">\u201eIch bin stolz auf unser Team, stolz auf diese Mannschaft, die unter schwierigen Voraussetzungen mit viel Leistungswille und Leistungsf\u00e4higkeit gezeigt hat, wozu sie f\u00e4hig ist und worauf wir uns noch freuen d\u00fcrfen.\u201c Stolz auch auf ein tolles Team, das zielstrebig daran gearbeitet habe, den Traum Realit\u00e4t werden zu lassen, angef\u00fchrt von Matthias Nagel und vom Team-Manager Adrian Jakovcev &#8211; auch viele anderen im Vereine und in der Stadt h\u00e4tten am Erfolg mitgewirkt.<\/p>\n<p style=\"text-align: justify;\">Heyn sagt, er sei auch dankbar, \u201edass wir in der Stadt Ludwigsburg so viel Unterst\u00fctzung erfahren und optimale Trainingsbedingungen vorfinden\u201c. Ohne diese Hilfe w\u00e4re es nicht m\u00f6glich gewesen die Ludwigsburger Wasserballer binnen kurzer Zeit von der Zweiten Liga in die europ\u00e4ische Spitze zu f\u00fchren.<\/p>\n<p style=\"text-align: justify;\">\u201eAuch wenn der erste Ausflug in internationale Gew\u00e4sser, nicht mit dem Einzug ins Achtelfinale belohnt wird, bin ich mir sicher, dass wir auch in Zukunft den Namen Ludwigsburg in Europa bekannt machen werden.\u201c Ohne die Corona-Einschr\u00e4nkungen und mit mehr Spielpraxis w\u00e4re wom\u00f6glich noch mehr drinnen gewesen bei diesem LEN Euro-Cup in S\u00fcdfrankreich.<\/p>\n<p style=\"text-align: justify;\"><strong>F\u00fcr den SVL spielten gegen Aix-en-Provence:<br \/>\n<\/strong>Josip Katusa, Luka Vulovic, Timo van der Bosch (2 Tore), Peter Karteszi, Marko Martinic (2), Veljko Stanumirovic,\u00a0Domagoj Mijatovic, Mattia Ruggeri, Mitko Nachev (1),\u00a0 Nino Blazevic, Eric Fernandez Rivas,\u00a0Ivan\u00a0Pisk<\/p>\n<hr \/>\n<p style=\"text-align: justify;\">\n","protected":false},"excerpt":{"rendered":"<p>Sonntagmittag, letztes Spiel beim Euro-Cup f\u00fcr die SVL-Wasserballer: leider verloren gegen ein gutes Gastgeber-Team aus Aix. Die Ludwigsburger verabschieden sich aus ihrem ersten internationalen Turnier. Die ersten Minuten kann der SVL am Sonntagmittag gut mithalten mit dem Gastgeber-Team. Doch sp\u00e4testens mit beziehungsweise nach dem zweiten Viertel &#8211; Ludwigsburg gelingt kein Tor &#8211; wird klar: Aix [&hellip;]<\/p>\n","protected":false},"author":4,"featured_media":157964,"comment_status":"closed","ping_status":"open","sticky":false,"template":"","format":"standard","meta":{"inline_featured_image":false,"_exactmetrics_skip_tracking":false,"_exactmetrics_sitenote_active":false,"_exactmetrics_sitenote_note":"","_exactmetrics_sitenote_category":0,"tdm_status":"","tdm_grid_status":"","footnotes":""},"categories":[110],"tags":[8875,5,68,9,4111,2645,2636,1224],"class_list":{"0":"post-157975","1":"post","2":"type-post","3":"status-publish","4":"format-standard","5":"has-post-thumbnail","7":"category-sport","8":"tag-die-webzeitung","9":"tag-internetzeitung","10":"tag-online-zeitung","11":"tag-schaumedia","12":"tag-schwimmen","13":"tag-schwimmverein","14":"tag-svl","15":"tag-wasserball"},"image_feature":"https:\/\/die-webzeitung.de\/ludwigsburg\/wp-content\/uploads\/sites\/5\/2020\/12\/water-polo-78392_1920.jpg","author_name":"Redaktion","pure_taxonomies":{"categories":[{"term_id":110,"name":"Sport","slug":"sport","term_group":0,"term_taxonomy_id":112,"taxonomy":"category","description":"Sportberichte","parent":0,"count":1115,"filter":"raw","image":""}],"tags":[{"term_id":8875,"name":"Die-Webzeitung","slug":"die-webzeitung","term_group":0,"term_taxonomy_id":8876,"taxonomy":"post_tag","description":"","parent":0,"count":4257,"filter":"raw","image":""},{"term_id":5,"name":"Internetzeitung","slug":"internetzeitung","term_group":0,"term_taxonomy_id":5,"taxonomy":"post_tag","description":"","parent":0,"count":1533,"filter":"raw","image":""},{"term_id":68,"name":"Online-Zeitung","slug":"online-zeitung","term_group":0,"term_taxonomy_id":69,"taxonomy":"post_tag","description":"","parent":0,"count":4206,"filter":"raw","image":""},{"term_id":9,"name":"SchauMedia","slug":"schaumedia","term_group":0,"term_taxonomy_id":9,"taxonomy":"post_tag","description":"","parent":0,"count":1582,"filter":"raw","image":""},{"term_id":4111,"name":"schwimmen","slug":"schwimmen","term_group":0,"term_taxonomy_id":4124,"taxonomy":"post_tag","description":"","parent":0,"count":175,"filter":"raw","image":""},{"term_id":2645,"name":"Schwimmverein","slug":"schwimmverein","term_group":0,"term_taxonomy_id":2658,"taxonomy":"post_tag","description":"","parent":0,"count":175,"filter":"raw","image":""},{"term_id":2636,"name":"SVL","slug":"svl","term_group":0,"term_taxonomy_id":2649,"taxonomy":"post_tag","description":"","parent":0,"count":166,"filter":"raw","image":""},{"term_id":1224,"name":"Wasserball","slug":"wasserball","term_group":0,"term_taxonomy_id":1233,"taxonomy":"post_tag","description":"","parent":0,"count":150,"filter":"raw","image":""}]},"_links":{"self":[{"href":"https:\/\/die-webzeitung.de\/ludwigsburg\/wp-json\/wp\/v2\/posts\/157975","targetHints":{"allow":["GET"]}}],"collection":[{"href":"https:\/\/die-webzeitung.de\/ludwigsburg\/wp-json\/wp\/v2\/posts"}],"about":[{"href":"https:\/\/die-webzeitung.de\/ludwigsburg\/wp-json\/wp\/v2\/types\/post"}],"author":[{"embeddable":true,"href":"https:\/\/die-webzeitung.de\/ludwigsburg\/wp-json\/wp\/v2\/users\/4"}],"replies":[{"embeddable":true,"href":"https:\/\/die-webzeitung.de\/ludwigsburg\/wp-json\/wp\/v2\/comments?post=157975"}],"version-history":[{"count":1,"href":"https:\/\/die-webzeitung.de\/ludwigsburg\/wp-json\/wp\/v2\/posts\/157975\/revisions"}],"predecessor-version":[{"id":157976,"href":"https:\/\/die-webzeitung.de\/ludwigsburg\/wp-json\/wp\/v2\/posts\/157975\/revisions\/157976"}],"wp:featuredmedia":[{"embeddable":true,"href":"https:\/\/die-webzeitung.de\/ludwigsburg\/wp-json\/wp\/v2\/media\/157964"}],"wp:attachment":[{"href":"https:\/\/die-webzeitung.de\/ludwigsburg\/wp-json\/wp\/v2\/media?parent=157975"}],"wp:term":[{"taxonomy":"category","embeddable":true,"href":"https:\/\/die-webzeitung.de\/ludwigsburg\/wp-json\/wp\/v2\/categories?post=157975"},{"taxonomy":"post_tag","embeddable":true,"href":"https:\/\/die-webzeitung.de\/ludwigsburg\/wp-json\/wp\/v2\/tags?post=157975"}],"curies":[{"name":"wp","href":"https:\/\/api.w.org\/{rel}","templated":true}]}}