{"id":157877,"date":"2020-11-23T14:24:19","date_gmt":"2020-11-23T13:24:19","guid":{"rendered":"https:\/\/die-webzeitung.de\/ludwigsburg\/?p=157877"},"modified":"2020-11-23T14:24:19","modified_gmt":"2020-11-23T13:24:19","slug":"echte-familienplanung-fuer-den-luchs-im-land-noetig","status":"publish","type":"post","link":"https:\/\/die-webzeitung.de\/ludwigsburg\/2020\/11\/23\/echte-familienplanung-fuer-den-luchs-im-land-noetig\/","title":{"rendered":"Echte Familienplanung f\u00fcr den Luchs im Land n\u00f6tig"},"content":{"rendered":"<p style=\"text-align: justify;\">Der NABU freut sich mit Forstminister Peter Hauk, dass ein neues Luchsm\u00e4nnchen den S\u00fcdwesten und das Gebiet um Konstanz auf der Suche nach einer Partnerin und einem eigenen Revier durchstreift. \u201eEs w\u00e4re gro\u00dfartig, wenn der Luchs in Baden-W\u00fcrttemberg wieder heimisch w\u00fcrde. Doch solange das Land den Bestand nicht mit ausgewilderten Weibchen st\u00fctzt, bleiben die vier scheuen Kuder Toni, Lias, Wilhelm und der namenlose Neuzugang unter sich, ohne Aussicht auf Nachwuchs\u201c, sagt NABU-Artenschutzreferentin Felicitas Rechtenwald. Luchskatzen wandern keine weiten Strecken, so dass sich so schnell keine Katze aus der Schweiz oder dem Jurabogen nach Baden-W\u00fcrttemberg verirren wird.<\/p>\n<p style=\"text-align: justify;\">Die NABU-Expertin betont: \u201eDamit sich diese eindrucksvolle Gro\u00dfkatze in Baden-W\u00fcrttembergs W\u00e4ldern wieder langfristig ansiedeln kann, brauchen wir eine staatliche Luchs-Familienplanung und eine Finanzierungszusage aus dem MLR. Ein solches Auswilderungsprojekt ist nicht billig, aber sollte es dem Land wert sein. Allerdings darf das Geld dann nicht an anderer Stelle im Naturschutzhaushalt fehlen.\u201c<\/p>\n<p style=\"text-align: justify;\">Der NABU begr\u00fc\u00dft ein solches Auswilderungsprojekt grunds\u00e4tzlich sehr. \u201eWir Menschen haben den Luchs vor mehr als 200 Jahren ausgerottet. Seine Wiederansiedlung w\u00e4re ein kleiner Schritt zur Wiedergutmachung und k\u00f6nnte eventuell langfristig f\u00fcr ein besseres Gleichgewicht der Arten im Wald sorgen. Da der Luchs dem Jagdrecht unterliegt, m\u00fcsste Minister Hauk seine Haushaltskasse daf\u00fcr \u00f6ffnen. Vielleicht lie\u00dfe sich das Projekt aber auch als EU-LIFE-Projekt finanzieren,\u201c, so Rechtenwald.<\/p>\n<hr \/>\n<p style=\"text-align: justify;\">\n","protected":false},"excerpt":{"rendered":"<p>Der NABU freut sich mit Forstminister Peter Hauk, dass ein neues Luchsm\u00e4nnchen den S\u00fcdwesten und das Gebiet um Konstanz auf der Suche nach einer Partnerin und einem eigenen Revier durchstreift. \u201eEs w\u00e4re gro\u00dfartig, wenn der Luchs in Baden-W\u00fcrttemberg wieder heimisch w\u00fcrde. Doch solange das Land den Bestand nicht mit ausgewilderten Weibchen st\u00fctzt, bleiben die vier [&hellip;]<\/p>\n","protected":false},"author":4,"featured_media":157878,"comment_status":"closed","ping_status":"open","sticky":false,"template":"","format":"standard","meta":{"inline_featured_image":false,"_exactmetrics_skip_tracking":false,"_exactmetrics_sitenote_active":false,"_exactmetrics_sitenote_note":"","_exactmetrics_sitenote_category":0,"tdm_status":"","tdm_grid_status":"","footnotes":""},"categories":[59,2402],"tags":[4,8875,5,11317,590,68],"class_list":{"0":"post-157877","1":"post","2":"type-post","3":"status-publish","4":"format-standard","5":"has-post-thumbnail","7":"category-aktuell","8":"category-baden-wuerttemberg","9":"tag-baden-wurttemberg","10":"tag-die-webzeitung","11":"tag-internetzeitung","12":"tag-luchs","13":"tag-naturschutz","14":"tag-online-zeitung"},"image_feature":"https:\/\/die-webzeitung.de\/ludwigsburg\/wp-content\/uploads\/sites\/5\/2020\/11\/lynx-3334869_1920.jpg","author_name":"Redaktion","pure_taxonomies":{"categories":[{"term_id":59,"name":"Aktuell","slug":"aktuell","term_group":0,"term_taxonomy_id":60,"taxonomy":"category","description":"","parent":0,"count":1175,"filter":"raw","image":""},{"term_id":2402,"name":"Baden-W\u00fcrttemberg","slug":"baden-wuerttemberg","term_group":0,"term_taxonomy_id":2414,"taxonomy":"category","description":"","parent":171,"count":248,"filter":"raw","image":""}],"tags":[{"term_id":4,"name":"Baden-W\u00fcrttemberg","slug":"baden-wurttemberg","term_group":0,"term_taxonomy_id":4,"taxonomy":"post_tag","description":"","parent":0,"count":140,"filter":"raw","image":""},{"term_id":8875,"name":"Die-Webzeitung","slug":"die-webzeitung","term_group":0,"term_taxonomy_id":8876,"taxonomy":"post_tag","description":"","parent":0,"count":4257,"filter":"raw","image":""},{"term_id":5,"name":"Internetzeitung","slug":"internetzeitung","term_group":0,"term_taxonomy_id":5,"taxonomy":"post_tag","description":"","parent":0,"count":1533,"filter":"raw","image":""},{"term_id":11317,"name":"Luchs","slug":"luchs","term_group":0,"term_taxonomy_id":11318,"taxonomy":"post_tag","description":"","parent":0,"count":1,"filter":"raw","image":""},{"term_id":590,"name":"Naturschutz","slug":"naturschutz","term_group":0,"term_taxonomy_id":598,"taxonomy":"post_tag","description":"","parent":0,"count":2,"filter":"raw","image":""},{"term_id":68,"name":"Online-Zeitung","slug":"online-zeitung","term_group":0,"term_taxonomy_id":69,"taxonomy":"post_tag","description":"","parent":0,"count":4206,"filter":"raw","image":""}]},"_links":{"self":[{"href":"https:\/\/die-webzeitung.de\/ludwigsburg\/wp-json\/wp\/v2\/posts\/157877","targetHints":{"allow":["GET"]}}],"collection":[{"href":"https:\/\/die-webzeitung.de\/ludwigsburg\/wp-json\/wp\/v2\/posts"}],"about":[{"href":"https:\/\/die-webzeitung.de\/ludwigsburg\/wp-json\/wp\/v2\/types\/post"}],"author":[{"embeddable":true,"href":"https:\/\/die-webzeitung.de\/ludwigsburg\/wp-json\/wp\/v2\/users\/4"}],"replies":[{"embeddable":true,"href":"https:\/\/die-webzeitung.de\/ludwigsburg\/wp-json\/wp\/v2\/comments?post=157877"}],"version-history":[{"count":1,"href":"https:\/\/die-webzeitung.de\/ludwigsburg\/wp-json\/wp\/v2\/posts\/157877\/revisions"}],"predecessor-version":[{"id":157879,"href":"https:\/\/die-webzeitung.de\/ludwigsburg\/wp-json\/wp\/v2\/posts\/157877\/revisions\/157879"}],"wp:featuredmedia":[{"embeddable":true,"href":"https:\/\/die-webzeitung.de\/ludwigsburg\/wp-json\/wp\/v2\/media\/157878"}],"wp:attachment":[{"href":"https:\/\/die-webzeitung.de\/ludwigsburg\/wp-json\/wp\/v2\/media?parent=157877"}],"wp:term":[{"taxonomy":"category","embeddable":true,"href":"https:\/\/die-webzeitung.de\/ludwigsburg\/wp-json\/wp\/v2\/categories?post=157877"},{"taxonomy":"post_tag","embeddable":true,"href":"https:\/\/die-webzeitung.de\/ludwigsburg\/wp-json\/wp\/v2\/tags?post=157877"}],"curies":[{"name":"wp","href":"https:\/\/api.w.org\/{rel}","templated":true}]}}