{"id":157848,"date":"2020-11-20T15:29:11","date_gmt":"2020-11-20T14:29:11","guid":{"rendered":"https:\/\/die-webzeitung.de\/ludwigsburg\/?p=157848"},"modified":"2020-11-20T15:29:11","modified_gmt":"2020-11-20T14:29:11","slug":"sgv-verzichtet-auf-genehmigte-trainingszeiten","status":"publish","type":"post","link":"https:\/\/die-webzeitung.de\/ludwigsburg\/2020\/11\/20\/sgv-verzichtet-auf-genehmigte-trainingszeiten\/","title":{"rendered":"SGV verzichtet auf genehmigte Trainingszeiten"},"content":{"rendered":"<p style=\"text-align: justify;\">Der SGV Freiberg Fu\u00dfball und die Stuttgarter Kickers setzen den Trainingsspielbetrieb wieder aus.<\/p>\n<p style=\"text-align: justify;\">Freiberg a. N.| Der SGV Freiberg Fu\u00dfball und die Stuttgarter Kickers haben am Dienstagabend nach einem gemeinsamen Gespr\u00e4ch entschieden, das Mannschaftstraining trotz erteilter Genehmigung der zust\u00e4ndigen \u00c4mter mit sofortiger Wirkung wieder auszusetzen.<\/p>\n<p style=\"text-align: justify;\">Die beiden sportlichen Leiter Christian Werner (Freiberg) und Lutz Siebrecht (Stuttgarter Kickers) erkl\u00e4rten gemeinsam: \u201eAuf Grund unserer Strukturen, inklusive unseres Hygienekonzepts, wurde uns die Aufnahme des Trainingsbetriebs seitens der \u00c4mter gestattet. Andere Teams, welche daraufhin ebenfalls einen Antrag auf Fortsetzung des Trainingsbetriebes gestellt haben, erreichte jetzt jedoch eine negative R\u00fcckmeldung von den jeweils zust\u00e4ndigen Beh\u00f6rden. Deshalb erkl\u00e4ren wir uns mit allen Vereinen der Oberliga Baden-W\u00fcrttemberg solidarisch und setzen das Mannschaftstraining wieder aus\u201c.<\/p>\n<hr \/>\n<p style=\"text-align: justify;\">\n","protected":false},"excerpt":{"rendered":"<p>Der SGV Freiberg Fu\u00dfball und die Stuttgarter Kickers setzen den Trainingsspielbetrieb wieder aus. Freiberg a. N.| Der SGV Freiberg Fu\u00dfball und die Stuttgarter Kickers haben am Dienstagabend nach einem gemeinsamen Gespr\u00e4ch entschieden, das Mannschaftstraining trotz erteilter Genehmigung der zust\u00e4ndigen \u00c4mter mit sofortiger Wirkung wieder auszusetzen. Die beiden sportlichen Leiter Christian Werner (Freiberg) und Lutz Siebrecht [&hellip;]<\/p>\n","protected":false},"author":4,"featured_media":0,"comment_status":"closed","ping_status":"open","sticky":false,"template":"","format":"standard","meta":{"inline_featured_image":false,"_exactmetrics_skip_tracking":false,"_exactmetrics_sitenote_active":false,"_exactmetrics_sitenote_note":"","_exactmetrics_sitenote_category":0,"tdm_status":"","tdm_grid_status":"","footnotes":""},"categories":[110],"tags":[8875,80,129,5,68,9],"class_list":{"0":"post-157848","1":"post","2":"type-post","3":"status-publish","4":"format-standard","6":"category-sport","7":"tag-die-webzeitung","8":"tag-freiberger-seite","9":"tag-fusball","10":"tag-internetzeitung","11":"tag-online-zeitung","12":"tag-schaumedia"},"image_feature":null,"author_name":"Redaktion","pure_taxonomies":{"categories":[{"term_id":110,"name":"Sport","slug":"sport","term_group":0,"term_taxonomy_id":112,"taxonomy":"category","description":"Sportberichte","parent":0,"count":1115,"filter":"raw","image":""}],"tags":[{"term_id":8875,"name":"Die-Webzeitung","slug":"die-webzeitung","term_group":0,"term_taxonomy_id":8876,"taxonomy":"post_tag","description":"","parent":0,"count":4255,"filter":"raw","image":""},{"term_id":80,"name":"Freiberg","slug":"freiberger-seite","term_group":0,"term_taxonomy_id":95,"taxonomy":"post_tag","description":"","parent":0,"count":122,"filter":"raw","image":""},{"term_id":129,"name":"Fu\u00dfball","slug":"fusball","term_group":0,"term_taxonomy_id":131,"taxonomy":"post_tag","description":"","parent":0,"count":189,"filter":"raw","image":""},{"term_id":5,"name":"Internetzeitung","slug":"internetzeitung","term_group":0,"term_taxonomy_id":5,"taxonomy":"post_tag","description":"","parent":0,"count":1533,"filter":"raw","image":""},{"term_id":68,"name":"Online-Zeitung","slug":"online-zeitung","term_group":0,"term_taxonomy_id":69,"taxonomy":"post_tag","description":"","parent":0,"count":4204,"filter":"raw","image":""},{"term_id":9,"name":"SchauMedia","slug":"schaumedia","term_group":0,"term_taxonomy_id":9,"taxonomy":"post_tag","description":"","parent":0,"count":1582,"filter":"raw","image":""}]},"_links":{"self":[{"href":"https:\/\/die-webzeitung.de\/ludwigsburg\/wp-json\/wp\/v2\/posts\/157848","targetHints":{"allow":["GET"]}}],"collection":[{"href":"https:\/\/die-webzeitung.de\/ludwigsburg\/wp-json\/wp\/v2\/posts"}],"about":[{"href":"https:\/\/die-webzeitung.de\/ludwigsburg\/wp-json\/wp\/v2\/types\/post"}],"author":[{"embeddable":true,"href":"https:\/\/die-webzeitung.de\/ludwigsburg\/wp-json\/wp\/v2\/users\/4"}],"replies":[{"embeddable":true,"href":"https:\/\/die-webzeitung.de\/ludwigsburg\/wp-json\/wp\/v2\/comments?post=157848"}],"version-history":[{"count":1,"href":"https:\/\/die-webzeitung.de\/ludwigsburg\/wp-json\/wp\/v2\/posts\/157848\/revisions"}],"predecessor-version":[{"id":157849,"href":"https:\/\/die-webzeitung.de\/ludwigsburg\/wp-json\/wp\/v2\/posts\/157848\/revisions\/157849"}],"wp:attachment":[{"href":"https:\/\/die-webzeitung.de\/ludwigsburg\/wp-json\/wp\/v2\/media?parent=157848"}],"wp:term":[{"taxonomy":"category","embeddable":true,"href":"https:\/\/die-webzeitung.de\/ludwigsburg\/wp-json\/wp\/v2\/categories?post=157848"},{"taxonomy":"post_tag","embeddable":true,"href":"https:\/\/die-webzeitung.de\/ludwigsburg\/wp-json\/wp\/v2\/tags?post=157848"}],"curies":[{"name":"wp","href":"https:\/\/api.w.org\/{rel}","templated":true}]}}