{"id":157698,"date":"2020-11-02T14:15:38","date_gmt":"2020-11-02T13:15:38","guid":{"rendered":"https:\/\/die-webzeitung.de\/ludwigsburg\/?p=157698"},"modified":"2020-11-02T14:15:38","modified_gmt":"2020-11-02T13:15:38","slug":"ww-und-wuestenrot-gehoeren-zu-deutschlands-begehrtesten-arbeitgebern","status":"publish","type":"post","link":"https:\/\/die-webzeitung.de\/ludwigsburg\/2020\/11\/02\/ww-und-wuestenrot-gehoeren-zu-deutschlands-begehrtesten-arbeitgebern\/","title":{"rendered":"W&#038;W und W\u00fcstenrot geh\u00f6ren zu Deutschlands begehrtesten Arbeitgebern"},"content":{"rendered":"<p style=\"text-align: justify;\">Die W\u00fcstenrot &amp; W\u00fcrttembergische-Gruppe (W&amp;W) und die W\u00fcstenrot Bausparkasse AG haben j\u00fcngst vom F.A.Z.-Institut die Auszeichnung \u201eDeutschlands begehrteste Arbeitgeber\u201c in den Kategorien Finanzdienstleister und Bausparkassen erhalten.<\/p>\n<p style=\"text-align: justify;\">Basis der Studie waren 26 Millionen Aussagen zu den 10.000 mitarbeiterst\u00e4rksten Unternehmen aus dem Zeitraum vom 1. Juli 2019 bis 30. Juni 2020. Diese Aussagen wurden Reputationsfaktoren wie Wirtschaftlichkeit, Produkt- und Serviceleistung, Nachhaltigkeit und Management zugeordnet.<\/p>\n<p style=\"text-align: justify;\">Parallel wurde an die Unternehmen ein strukturierter Fragebogen verschickt, der sieben Themengebiete umfasste: Arbeitsplatzsicherheit, Arbeitszeiten, Gehaltsstruktur, Entwicklungs- und Weiterbildungsm\u00f6glichkeiten, Kommunikation, Familienfreundlichkeit und Zusatzleistungen.<\/p>\n<p style=\"text-align: justify;\"><strong>Auszeichnung bei CAPITAL-Ausbilderstudie<br \/>\n<\/strong>Eine weitere Auszeichnung erhielt die W&amp;W zudem vom Wirtschaftsmagazin CAPITAL. Laut der Ausbilderstudie 2020 des Magazins geh\u00f6rt die W&amp;W zu \u201eDeutschlands besten Ausbildern\u201c. Bereits zum vierten Mal hat CAPITAL zusammen mit der Talentplattform Ausbildung.de und den Personalmarketing-Experten von TERRITORY EMBRACE die Auszeichnung vergeben.<\/p>\n<p style=\"text-align: justify;\">An der Studie, die von Ende M\u00e4rz bis Mitte Juni 2020 lief, konnten Firmen teilnehmen, die mindestens f\u00fcnf Auszubildende oder drei duale Studenten besch\u00e4ftigen. Die Unternehmen mussten dabei einen detaillierten Fragenkatalog beantworten.<\/p>\n<hr \/>\n<p style=\"text-align: justify;\">\n","protected":false},"excerpt":{"rendered":"<p>Die W\u00fcstenrot &amp; W\u00fcrttembergische-Gruppe (W&amp;W) und die W\u00fcstenrot Bausparkasse AG haben j\u00fcngst vom F.A.Z.-Institut die Auszeichnung \u201eDeutschlands begehrteste Arbeitgeber\u201c in den Kategorien Finanzdienstleister und Bausparkassen erhalten. Basis der Studie waren 26 Millionen Aussagen zu den 10.000 mitarbeiterst\u00e4rksten Unternehmen aus dem Zeitraum vom 1. Juli 2019 bis 30. Juni 2020. Diese Aussagen wurden Reputationsfaktoren wie Wirtschaftlichkeit, [&hellip;]<\/p>\n","protected":false},"author":4,"featured_media":0,"comment_status":"closed","ping_status":"open","sticky":false,"template":"","format":"standard","meta":{"inline_featured_image":false,"_exactmetrics_skip_tracking":false,"_exactmetrics_sitenote_active":false,"_exactmetrics_sitenote_note":"","_exactmetrics_sitenote_category":0,"tdm_status":"","tdm_grid_status":"","footnotes":""},"categories":[479],"tags":[8875,5,68,9,1442,18,19],"class_list":{"0":"post-157698","1":"post","2":"type-post","3":"status-publish","4":"format-standard","6":"category-wirtschaft","7":"tag-die-webzeitung","8":"tag-internetzeitung","9":"tag-online-zeitung","10":"tag-schaumedia","11":"tag-ww","12":"tag-wurttembergische","13":"tag-wustenrot"},"image_feature":null,"author_name":"Redaktion","pure_taxonomies":{"categories":[{"term_id":479,"name":"Wirtschaft","slug":"wirtschaft","term_group":0,"term_taxonomy_id":1941,"taxonomy":"category","description":"","parent":0,"count":392,"filter":"raw","image":""}],"tags":[{"term_id":8875,"name":"Die-Webzeitung","slug":"die-webzeitung","term_group":0,"term_taxonomy_id":8876,"taxonomy":"post_tag","description":"","parent":0,"count":4255,"filter":"raw","image":""},{"term_id":5,"name":"Internetzeitung","slug":"internetzeitung","term_group":0,"term_taxonomy_id":5,"taxonomy":"post_tag","description":"","parent":0,"count":1533,"filter":"raw","image":""},{"term_id":68,"name":"Online-Zeitung","slug":"online-zeitung","term_group":0,"term_taxonomy_id":69,"taxonomy":"post_tag","description":"","parent":0,"count":4204,"filter":"raw","image":""},{"term_id":9,"name":"SchauMedia","slug":"schaumedia","term_group":0,"term_taxonomy_id":9,"taxonomy":"post_tag","description":"","parent":0,"count":1582,"filter":"raw","image":""},{"term_id":1442,"name":"W&amp;W","slug":"ww","term_group":0,"term_taxonomy_id":1451,"taxonomy":"post_tag","description":"","parent":0,"count":85,"filter":"raw","image":""},{"term_id":18,"name":"W\u00fcrttembergische","slug":"wurttembergische","term_group":0,"term_taxonomy_id":18,"taxonomy":"post_tag","description":"","parent":0,"count":113,"filter":"raw","image":""},{"term_id":19,"name":"W\u00fcstenrot","slug":"wustenrot","term_group":0,"term_taxonomy_id":19,"taxonomy":"post_tag","description":"","parent":0,"count":181,"filter":"raw","image":""}]},"_links":{"self":[{"href":"https:\/\/die-webzeitung.de\/ludwigsburg\/wp-json\/wp\/v2\/posts\/157698","targetHints":{"allow":["GET"]}}],"collection":[{"href":"https:\/\/die-webzeitung.de\/ludwigsburg\/wp-json\/wp\/v2\/posts"}],"about":[{"href":"https:\/\/die-webzeitung.de\/ludwigsburg\/wp-json\/wp\/v2\/types\/post"}],"author":[{"embeddable":true,"href":"https:\/\/die-webzeitung.de\/ludwigsburg\/wp-json\/wp\/v2\/users\/4"}],"replies":[{"embeddable":true,"href":"https:\/\/die-webzeitung.de\/ludwigsburg\/wp-json\/wp\/v2\/comments?post=157698"}],"version-history":[{"count":1,"href":"https:\/\/die-webzeitung.de\/ludwigsburg\/wp-json\/wp\/v2\/posts\/157698\/revisions"}],"predecessor-version":[{"id":157699,"href":"https:\/\/die-webzeitung.de\/ludwigsburg\/wp-json\/wp\/v2\/posts\/157698\/revisions\/157699"}],"wp:attachment":[{"href":"https:\/\/die-webzeitung.de\/ludwigsburg\/wp-json\/wp\/v2\/media?parent=157698"}],"wp:term":[{"taxonomy":"category","embeddable":true,"href":"https:\/\/die-webzeitung.de\/ludwigsburg\/wp-json\/wp\/v2\/categories?post=157698"},{"taxonomy":"post_tag","embeddable":true,"href":"https:\/\/die-webzeitung.de\/ludwigsburg\/wp-json\/wp\/v2\/tags?post=157698"}],"curies":[{"name":"wp","href":"https:\/\/api.w.org\/{rel}","templated":true}]}}