{"id":157482,"date":"2020-10-08T16:32:26","date_gmt":"2020-10-08T15:32:26","guid":{"rendered":"https:\/\/die-webzeitung.de\/ludwigsburg\/?p=157482"},"modified":"2020-10-08T16:32:26","modified_gmt":"2020-10-08T15:32:26","slug":"sven-burkhardt-verlaengert-seinen-vertrag-vorzeitig","status":"publish","type":"post","link":"https:\/\/die-webzeitung.de\/ludwigsburg\/2020\/10\/08\/sven-burkhardt-verlaengert-seinen-vertrag-vorzeitig\/","title":{"rendered":"Sven Burkhardt verl\u00e4ngert seinen Vertrag vorzeitig"},"content":{"rendered":"<p style=\"text-align: justify;\">Freiberg a. N.| Man kann diskutieren, ob es nun der zweite oder dritte Fr\u00fchling in der Karriere von Sven Burkhardt ist. Keine zwei Meinungen gibt es allerdings, wenn man das das Leistungsniveau des 37-j\u00e4hrigen, im SGV-Tor bewerten m\u00f6chte. Topfit und hochmotiviert bringt er Woche f\u00fcr Woche herausragende Leistungen und ist ma\u00dfgeblich daran beteiligt, dass Freiberg in den bisherigen 10 Spielen nur 3 Gegentore hinnehmen musste. Aber auch seine menschliche, offene Art und seine mentale St\u00e4rke ist ein wichtiger Mosaikstein im Team des Tabellenf\u00fchrers. Alles wichtige Gr\u00fcnde f\u00fcr den Freiberger Oberligisten, den bis zum 30.06.2021 laufenden Vertrag mit \u201eSveni\u201c, schon jetzt um ein weiteres Jahr zu verl\u00e4ngern.<\/p>\n<p style=\"text-align: justify;\">Sportdirektor Dr. Christian Werner: Sven ist absoluter Leistungstr\u00e4ger in unserer Mannschaft. Zus\u00e4tzlich ist seine Erfahrung sowohl auf, als auch neben dem Platz, extrem wichtig f\u00fcr unser Mannschaftsgef\u00fcge. Diese Vertragsverl\u00e4ngerung hat sich Sven wirklich verdient und ich freue mich pers\u00f6nlich sehr, dass er auch im n\u00e4chsten Jahr ein wichtiger Teil des Teams sein wird. Sein Vertrag gilt ligenunabh\u00e4ngig.<\/p>\n<p style=\"text-align: justify;\">Sven Burkhardt: &#8220;Ich freue mich \u00fcber das Vertrauen des Vereins in meine Person. Ich glaube, dass wir in den n\u00e4chsten Jahren noch viele richtig \u00fcberraschen werden und ich bin richtig hei\u00df darauf, unsere Ziele zu erreichen.&#8221;<\/p>\n<hr \/>\n<p style=\"text-align: justify;\">\n","protected":false},"excerpt":{"rendered":"<p>Freiberg a. N.| Man kann diskutieren, ob es nun der zweite oder dritte Fr\u00fchling in der Karriere von Sven Burkhardt ist. Keine zwei Meinungen gibt es allerdings, wenn man das das Leistungsniveau des 37-j\u00e4hrigen, im SGV-Tor bewerten m\u00f6chte. Topfit und hochmotiviert bringt er Woche f\u00fcr Woche herausragende Leistungen und ist ma\u00dfgeblich daran beteiligt, dass Freiberg [&hellip;]<\/p>\n","protected":false},"author":4,"featured_media":0,"comment_status":"closed","ping_status":"open","sticky":false,"template":"","format":"standard","meta":{"inline_featured_image":false,"_exactmetrics_skip_tracking":false,"_exactmetrics_sitenote_active":false,"_exactmetrics_sitenote_note":"","_exactmetrics_sitenote_category":0,"tdm_status":"","tdm_grid_status":"","footnotes":""},"categories":[110],"tags":[8875,80,129,5,1080,68,9,119],"class_list":{"0":"post-157482","1":"post","2":"type-post","3":"status-publish","4":"format-standard","6":"category-sport","7":"tag-die-webzeitung","8":"tag-freiberger-seite","9":"tag-fusball","10":"tag-internetzeitung","11":"tag-oberliga","12":"tag-online-zeitung","13":"tag-schaumedia","14":"tag-sgv"},"image_feature":null,"author_name":"Redaktion","pure_taxonomies":{"categories":[{"term_id":110,"name":"Sport","slug":"sport","term_group":0,"term_taxonomy_id":112,"taxonomy":"category","description":"Sportberichte","parent":0,"count":1115,"filter":"raw","image":""}],"tags":[{"term_id":8875,"name":"Die-Webzeitung","slug":"die-webzeitung","term_group":0,"term_taxonomy_id":8876,"taxonomy":"post_tag","description":"","parent":0,"count":4255,"filter":"raw","image":""},{"term_id":80,"name":"Freiberg","slug":"freiberger-seite","term_group":0,"term_taxonomy_id":95,"taxonomy":"post_tag","description":"","parent":0,"count":122,"filter":"raw","image":""},{"term_id":129,"name":"Fu\u00dfball","slug":"fusball","term_group":0,"term_taxonomy_id":131,"taxonomy":"post_tag","description":"","parent":0,"count":189,"filter":"raw","image":""},{"term_id":5,"name":"Internetzeitung","slug":"internetzeitung","term_group":0,"term_taxonomy_id":5,"taxonomy":"post_tag","description":"","parent":0,"count":1533,"filter":"raw","image":""},{"term_id":1080,"name":"Oberliga","slug":"oberliga","term_group":0,"term_taxonomy_id":1089,"taxonomy":"post_tag","description":"","parent":0,"count":47,"filter":"raw","image":""},{"term_id":68,"name":"Online-Zeitung","slug":"online-zeitung","term_group":0,"term_taxonomy_id":69,"taxonomy":"post_tag","description":"","parent":0,"count":4204,"filter":"raw","image":""},{"term_id":9,"name":"SchauMedia","slug":"schaumedia","term_group":0,"term_taxonomy_id":9,"taxonomy":"post_tag","description":"","parent":0,"count":1582,"filter":"raw","image":""},{"term_id":119,"name":"SGV","slug":"sgv","term_group":0,"term_taxonomy_id":121,"taxonomy":"post_tag","description":"","parent":0,"count":81,"filter":"raw","image":""}]},"_links":{"self":[{"href":"https:\/\/die-webzeitung.de\/ludwigsburg\/wp-json\/wp\/v2\/posts\/157482","targetHints":{"allow":["GET"]}}],"collection":[{"href":"https:\/\/die-webzeitung.de\/ludwigsburg\/wp-json\/wp\/v2\/posts"}],"about":[{"href":"https:\/\/die-webzeitung.de\/ludwigsburg\/wp-json\/wp\/v2\/types\/post"}],"author":[{"embeddable":true,"href":"https:\/\/die-webzeitung.de\/ludwigsburg\/wp-json\/wp\/v2\/users\/4"}],"replies":[{"embeddable":true,"href":"https:\/\/die-webzeitung.de\/ludwigsburg\/wp-json\/wp\/v2\/comments?post=157482"}],"version-history":[{"count":1,"href":"https:\/\/die-webzeitung.de\/ludwigsburg\/wp-json\/wp\/v2\/posts\/157482\/revisions"}],"predecessor-version":[{"id":157483,"href":"https:\/\/die-webzeitung.de\/ludwigsburg\/wp-json\/wp\/v2\/posts\/157482\/revisions\/157483"}],"wp:attachment":[{"href":"https:\/\/die-webzeitung.de\/ludwigsburg\/wp-json\/wp\/v2\/media?parent=157482"}],"wp:term":[{"taxonomy":"category","embeddable":true,"href":"https:\/\/die-webzeitung.de\/ludwigsburg\/wp-json\/wp\/v2\/categories?post=157482"},{"taxonomy":"post_tag","embeddable":true,"href":"https:\/\/die-webzeitung.de\/ludwigsburg\/wp-json\/wp\/v2\/tags?post=157482"}],"curies":[{"name":"wp","href":"https:\/\/api.w.org\/{rel}","templated":true}]}}