{"id":157285,"date":"2020-09-18T12:42:32","date_gmt":"2020-09-18T11:42:32","guid":{"rendered":"https:\/\/die-webzeitung.de\/ludwigsburg\/?p=157285"},"modified":"2020-09-18T12:42:32","modified_gmt":"2020-09-18T11:42:32","slug":"wuestenrot-studie-corona-verstaerkt-wunsch-nach-eigenen-vier-waenden","status":"publish","type":"post","link":"https:\/\/die-webzeitung.de\/ludwigsburg\/2020\/09\/18\/wuestenrot-studie-corona-verstaerkt-wunsch-nach-eigenen-vier-waenden\/","title":{"rendered":"W\u00fcstenrot-Studie: Corona verst\u00e4rkt Wunsch nach eigenen vier W\u00e4nden"},"content":{"rendered":"<p style=\"text-align: justify;\">Lockdown, \u201eSocial distancing\u201c, Home-Office: Die sozialen und gesellschaftlichen Folgen der Corona-Pandemie lassen die B\u00fcrger nach einer aktuellen Untersuchung von W\u00fcstenrot* verst\u00e4rkt \u00fcber ihre individuelle Wohnsituation nachdenken. F\u00fcr 75 Prozent der Hauseigent\u00fcmer ist ihr Wohneigentum in Corona-Zeiten eher beruhigend oder sehr beruhigend, nahezu 100 Prozent w\u00fcrden sich heute erneut f\u00fcr Eigentum entscheiden. Zugleich spielt w\u00e4hrend der Pandemie mehr als jeder f\u00fcnfte Mieter verst\u00e4rkt mit dem Gedanken, Eigentum zu erwerben.<\/p>\n<p style=\"text-align: justify;\">Eines der \u00fcberraschenden Ergebnisse der Untersuchung ist, dass von den Mietern, die derzeit verst\u00e4rkt \u00fcber einen Eigentumserwerb nachdenken, sich mehr als zwei Drittel eine Immobilie in einem l\u00e4ndlichen Umfeld mit bis zu 5.000 Einwohnern oder einer kleineren Stadt mit h\u00f6chstens 50.000 Einwohnern vorstellt. Hierin spiegelt sich offenkundig der Wunsch wider, sich gen\u00fcgend Raum f\u00fcr Wohnen und Freizeit zu schaffen und auch leisten zu k\u00f6nnen, was im (gro\u00df-)st\u00e4dtischen Umfeld f\u00fcr viele Interessenten heutzutage unerschwinglich geworden ist. So ist f\u00fcr 65 Prozent der Befragten der Aspekt \u201eIch brauche Platz um mich herum\u201c bei der Standortwahl besonders wichtig. Eine geringere Rolle spielen aktuell hingegen Aspekte wie eine gute Anbindung an den \u00d6PNV oder die N\u00e4he zu B\u00e4ckern und Superm\u00e4rkten.<\/p>\n<p style=\"text-align: justify;\">Bezeichnend ist auch, dass es unter den Eigent\u00fcmern eine gro\u00dfe Mehrheit von \u00fcber 90 Prozent in Zeiten der Corona-Pandemie besonders sch\u00e4tzt, einen eigenen Garten am Haus zu haben, wobei die ideale Grundst\u00fccksgr\u00f6\u00dfe mit beachtlichen 500 bis 1.000 Quadratmetern ermittelt wurde. Ebenso wissen die an Eigentum interessierten Mieter, dass eine Vollbremsung des \u00f6ffentlichen Lebens in einem tendenziell eher l\u00e4ndlich bis kleinst\u00e4dtisch gepr\u00e4gten Umfeld weniger gravierende Ausma\u00dfe annimmt. Auf die Frage, wie sehr sich die B\u00fcrger im allt\u00e4glichen Leben w\u00e4hrend des Lockdowns beeintr\u00e4chtigt f\u00fchlten, stammen die h\u00f6chsten Beeintr\u00e4chtigungswerte aus Gemeinden mit \u00fcber 50.000 Einwohnern. Demgegen\u00fcber am wenigsten beeintr\u00e4chtigt f\u00fchlten sich Einwohner aus Gemeinden mit unter 20.000 Einwohnern.<\/p>\n<p style=\"text-align: justify;\">Bernd Hertweck, Vorstandsvorsitzender der W\u00fcstenrot Bausparkasse AG: \u201eDie repr\u00e4sentativen Ergebnisse unserer Studie untermauern auch f\u00fcr das Wohnen, dass die Corona-Pandemie in allen entscheidenden Lebensfeldern wie beispielsweise auch der Gesundheit oder der Organisation von Arbeit langwirkende Spuren hinterl\u00e4sst. Mehr Platz f\u00fcr Wohnen, Arbeit, Freizeit und Familie und ein Wohnumfeld jenseits urbaner Enge werden zunehmend wichtig und erstrebenswert. Am konsequentesten kann sich diese W\u00fcnsche erf\u00fcllen, wer sich seine eigenen vier W\u00e4nde baut oder kauft.\u201c<\/p>\n<hr \/>\n<p style=\"text-align: justify;\">\n","protected":false},"excerpt":{"rendered":"<p>Lockdown, \u201eSocial distancing\u201c, Home-Office: Die sozialen und gesellschaftlichen Folgen der Corona-Pandemie lassen die B\u00fcrger nach einer aktuellen Untersuchung von W\u00fcstenrot* verst\u00e4rkt \u00fcber ihre individuelle Wohnsituation nachdenken. F\u00fcr 75 Prozent der Hauseigent\u00fcmer ist ihr Wohneigentum in Corona-Zeiten eher beruhigend oder sehr beruhigend, nahezu 100 Prozent w\u00fcrden sich heute erneut f\u00fcr Eigentum entscheiden. Zugleich spielt w\u00e4hrend der [&hellip;]<\/p>\n","protected":false},"author":4,"featured_media":0,"comment_status":"closed","ping_status":"open","sticky":false,"template":"","format":"standard","meta":{"inline_featured_image":false,"_exactmetrics_skip_tracking":false,"_exactmetrics_sitenote_active":false,"_exactmetrics_sitenote_note":"","_exactmetrics_sitenote_category":0,"tdm_status":"","tdm_grid_status":"","footnotes":""},"categories":[8],"tags":[8875,5,68,9,19],"class_list":{"0":"post-157285","1":"post","2":"type-post","3":"status-publish","4":"format-standard","6":"category-ratgeber-leben","7":"tag-die-webzeitung","8":"tag-internetzeitung","9":"tag-online-zeitung","10":"tag-schaumedia","11":"tag-wustenrot"},"image_feature":null,"author_name":"Redaktion","pure_taxonomies":{"categories":[{"term_id":8,"name":"Ratgeber","slug":"ratgeber-leben","term_group":0,"term_taxonomy_id":8,"taxonomy":"category","description":"","parent":482,"count":380,"filter":"raw","image":""}],"tags":[{"term_id":8875,"name":"Die-Webzeitung","slug":"die-webzeitung","term_group":0,"term_taxonomy_id":8876,"taxonomy":"post_tag","description":"","parent":0,"count":4255,"filter":"raw","image":""},{"term_id":5,"name":"Internetzeitung","slug":"internetzeitung","term_group":0,"term_taxonomy_id":5,"taxonomy":"post_tag","description":"","parent":0,"count":1533,"filter":"raw","image":""},{"term_id":68,"name":"Online-Zeitung","slug":"online-zeitung","term_group":0,"term_taxonomy_id":69,"taxonomy":"post_tag","description":"","parent":0,"count":4204,"filter":"raw","image":""},{"term_id":9,"name":"SchauMedia","slug":"schaumedia","term_group":0,"term_taxonomy_id":9,"taxonomy":"post_tag","description":"","parent":0,"count":1582,"filter":"raw","image":""},{"term_id":19,"name":"W\u00fcstenrot","slug":"wustenrot","term_group":0,"term_taxonomy_id":19,"taxonomy":"post_tag","description":"","parent":0,"count":181,"filter":"raw","image":""}]},"_links":{"self":[{"href":"https:\/\/die-webzeitung.de\/ludwigsburg\/wp-json\/wp\/v2\/posts\/157285","targetHints":{"allow":["GET"]}}],"collection":[{"href":"https:\/\/die-webzeitung.de\/ludwigsburg\/wp-json\/wp\/v2\/posts"}],"about":[{"href":"https:\/\/die-webzeitung.de\/ludwigsburg\/wp-json\/wp\/v2\/types\/post"}],"author":[{"embeddable":true,"href":"https:\/\/die-webzeitung.de\/ludwigsburg\/wp-json\/wp\/v2\/users\/4"}],"replies":[{"embeddable":true,"href":"https:\/\/die-webzeitung.de\/ludwigsburg\/wp-json\/wp\/v2\/comments?post=157285"}],"version-history":[{"count":1,"href":"https:\/\/die-webzeitung.de\/ludwigsburg\/wp-json\/wp\/v2\/posts\/157285\/revisions"}],"predecessor-version":[{"id":157286,"href":"https:\/\/die-webzeitung.de\/ludwigsburg\/wp-json\/wp\/v2\/posts\/157285\/revisions\/157286"}],"wp:attachment":[{"href":"https:\/\/die-webzeitung.de\/ludwigsburg\/wp-json\/wp\/v2\/media?parent=157285"}],"wp:term":[{"taxonomy":"category","embeddable":true,"href":"https:\/\/die-webzeitung.de\/ludwigsburg\/wp-json\/wp\/v2\/categories?post=157285"},{"taxonomy":"post_tag","embeddable":true,"href":"https:\/\/die-webzeitung.de\/ludwigsburg\/wp-json\/wp\/v2\/tags?post=157285"}],"curies":[{"name":"wp","href":"https:\/\/api.w.org\/{rel}","templated":true}]}}