{"id":157190,"date":"2020-09-12T13:53:52","date_gmt":"2020-09-12T12:53:52","guid":{"rendered":"https:\/\/die-webzeitung.de\/ludwigsburg\/?p=157190"},"modified":"2020-09-12T13:57:12","modified_gmt":"2020-09-12T12:57:12","slug":"mfg-gefoerderter-film-in-venedig-ausgezeichnet","status":"publish","type":"post","link":"https:\/\/die-webzeitung.de\/ludwigsburg\/2020\/09\/12\/mfg-gefoerderter-film-in-venedig-ausgezeichnet\/","title":{"rendered":"MFG-gef\u00f6rderter Film in Venedig ausgezeichnet"},"content":{"rendered":"<div>\n<h5 style=\"text-align: justify;\"><strong>\u201eUnd morgen die ganze Welt\u201c von Julia von Heinz gewinnt\u00a0\u201eBisato d\u2019Oro\u201c bei der 77. Biennale<\/strong><\/h5>\n<p style=\"text-align: justify;\">Der von der MFG Baden-W\u00fcrttemberg gef\u00f6rderte, in Mannheim gedrehte Spielfilm \u201eUnd morgen die ganze Welt\u201c von Julia von Heinz lief bei den diesj\u00e4hrigen 77. Filmfestspielen von Venedig als deutscher Wettbewerbsbeitrag. Er erhielt den renommierten \u201eBisato d\u2019Oro\u201c f\u00fcr die beste Schauspielerin, mit dem die internationale Filmkritik die Hauptdarstellerin Mala Emde\u00a0ehrte.<\/p>\n<p style=\"text-align: justify;\">Julia von Heinz hat an dem Drehbuch zu ihrem Spielfilm \u201eUnd morgen die ganze Welt\u201c \u00fcber zehn Jahre gearbeitet. Die Handlung des Dramas um rechte Gewalt ist in Mannheim verortet, wo es dann auch unter der Regie von Julia von Heinz realisiert wurde. Auch f\u00fcr die Produktion zeichnet Julia von Heinz zusammen mit Fabian Gasmia verantwortlich, in Koproduktion mit dem SWR, WDR, BR, ARTE, Kings &amp; Queens Filmproduktion und Ha\u00efku Films. Die Postproduktion fand bei Bewegte Bilder in T\u00fcbingen statt.<\/p>\n<p style=\"text-align: justify;\">Die MFG Baden-W\u00fcrttemberg hat das Projekt mit Produktionsf\u00f6rderung in H\u00f6he von 400.000 Euro unterst\u00fctzt. Weitere F\u00f6rdermittel kamen von FFA, DFFF, CNC, FFF und MBB.<\/p>\n<p style=\"text-align: justify;\">Das Drama von Julia von Heinz erz\u00e4hlt von Luisa (MALA EMDE), 20 Jahre alt, aus gutem Haus, Jura-Studentin im ersten Semester. Und sie will, dass sich etwas ver\u00e4ndert in Deutschland. Alarmiert vom Rechtsruck im Land und der zunehmenden Beliebtheit populistischer Parteien, tut sie sich mit ihren Freunden zusammen. Schnell findet sie Anschluss bei dem charismatischen Alfa (NOAH SAAVEDRA) und dessen bestem Freund Lenor (TONIO SCHNEIDER): F\u00fcr die beiden ist auch der Einsatz von Gewalt ein Mittel, um Widerstand zu leisten. Bald schon \u00fcberst\u00fcrzen sich die Ereignisse.<\/p>\n<p style=\"text-align: justify;\"><strong>Erfolgsserie MFG-gef\u00f6rderter Produktionen<br \/>\n<\/strong>Die Wettbewerbsteilnahme in Venedig und die Auszeichnung setzen die Erfolgsserie MFG-gef\u00f6rderter Produktionen fort. Sie stellten einen Wettbewerbsbeitrag auf der Berlinale 2020 und erhielten beim Deutschen Filmpreis 2020 insgesamt 14 von 20 Lolas.<\/p>\n<hr \/>\n<p style=\"text-align: justify;\">\n<\/div>\n","protected":false},"excerpt":{"rendered":"<p>\u201eUnd morgen die ganze Welt\u201c von Julia von Heinz gewinnt\u00a0\u201eBisato d\u2019Oro\u201c bei der 77. Biennale Der von der MFG Baden-W\u00fcrttemberg gef\u00f6rderte, in Mannheim gedrehte Spielfilm \u201eUnd morgen die ganze Welt\u201c von Julia von Heinz lief bei den diesj\u00e4hrigen 77. Filmfestspielen von Venedig als deutscher Wettbewerbsbeitrag. Er erhielt den renommierten \u201eBisato d\u2019Oro\u201c f\u00fcr die beste Schauspielerin, [&hellip;]<\/p>\n","protected":false},"author":4,"featured_media":157192,"comment_status":"closed","ping_status":"open","sticky":false,"template":"","format":"standard","meta":{"inline_featured_image":false,"_exactmetrics_skip_tracking":false,"_exactmetrics_sitenote_active":false,"_exactmetrics_sitenote_note":"","_exactmetrics_sitenote_category":0,"tdm_status":"","tdm_grid_status":"","footnotes":""},"categories":[59,2402],"tags":[4,11254,11255,8875,5,5122,68,9,3478,11253],"class_list":{"0":"post-157190","1":"post","2":"type-post","3":"status-publish","4":"format-standard","5":"has-post-thumbnail","7":"category-aktuell","8":"category-baden-wuerttemberg","9":"tag-baden-wurttemberg","10":"tag-biennale","11":"tag-bisato-doro","12":"tag-die-webzeitung","13":"tag-internetzeitung","14":"tag-mfg","15":"tag-online-zeitung","16":"tag-schaumedia","17":"tag-venedig","18":"tag-von-heinz"},"image_feature":"https:\/\/die-webzeitung.de\/ludwigsburg\/wp-content\/uploads\/sites\/5\/2020\/09\/camera-973107_1920.jpg","author_name":"Redaktion","pure_taxonomies":{"categories":[{"term_id":59,"name":"Aktuell","slug":"aktuell","term_group":0,"term_taxonomy_id":60,"taxonomy":"category","description":"","parent":0,"count":1175,"filter":"raw","image":""},{"term_id":2402,"name":"Baden-W\u00fcrttemberg","slug":"baden-wuerttemberg","term_group":0,"term_taxonomy_id":2414,"taxonomy":"category","description":"","parent":171,"count":248,"filter":"raw","image":""}],"tags":[{"term_id":4,"name":"Baden-W\u00fcrttemberg","slug":"baden-wurttemberg","term_group":0,"term_taxonomy_id":4,"taxonomy":"post_tag","description":"","parent":0,"count":140,"filter":"raw","image":""},{"term_id":11254,"name":"Biennale","slug":"biennale","term_group":0,"term_taxonomy_id":11255,"taxonomy":"post_tag","description":"","parent":0,"count":1,"filter":"raw","image":""},{"term_id":11255,"name":"Bisato d'Oro","slug":"bisato-doro","term_group":0,"term_taxonomy_id":11256,"taxonomy":"post_tag","description":"","parent":0,"count":1,"filter":"raw","image":""},{"term_id":8875,"name":"Die-Webzeitung","slug":"die-webzeitung","term_group":0,"term_taxonomy_id":8876,"taxonomy":"post_tag","description":"","parent":0,"count":4255,"filter":"raw","image":""},{"term_id":5,"name":"Internetzeitung","slug":"internetzeitung","term_group":0,"term_taxonomy_id":5,"taxonomy":"post_tag","description":"","parent":0,"count":1533,"filter":"raw","image":""},{"term_id":5122,"name":"MFG","slug":"mfg","term_group":0,"term_taxonomy_id":5139,"taxonomy":"post_tag","description":"","parent":0,"count":4,"filter":"raw","image":""},{"term_id":68,"name":"Online-Zeitung","slug":"online-zeitung","term_group":0,"term_taxonomy_id":69,"taxonomy":"post_tag","description":"","parent":0,"count":4204,"filter":"raw","image":""},{"term_id":9,"name":"SchauMedia","slug":"schaumedia","term_group":0,"term_taxonomy_id":9,"taxonomy":"post_tag","description":"","parent":0,"count":1582,"filter":"raw","image":""},{"term_id":3478,"name":"Venedig","slug":"venedig","term_group":0,"term_taxonomy_id":3491,"taxonomy":"post_tag","description":"","parent":0,"count":1,"filter":"raw","image":""},{"term_id":11253,"name":"Von Heinz","slug":"von-heinz","term_group":0,"term_taxonomy_id":11254,"taxonomy":"post_tag","description":"","parent":0,"count":1,"filter":"raw","image":""}]},"_links":{"self":[{"href":"https:\/\/die-webzeitung.de\/ludwigsburg\/wp-json\/wp\/v2\/posts\/157190","targetHints":{"allow":["GET"]}}],"collection":[{"href":"https:\/\/die-webzeitung.de\/ludwigsburg\/wp-json\/wp\/v2\/posts"}],"about":[{"href":"https:\/\/die-webzeitung.de\/ludwigsburg\/wp-json\/wp\/v2\/types\/post"}],"author":[{"embeddable":true,"href":"https:\/\/die-webzeitung.de\/ludwigsburg\/wp-json\/wp\/v2\/users\/4"}],"replies":[{"embeddable":true,"href":"https:\/\/die-webzeitung.de\/ludwigsburg\/wp-json\/wp\/v2\/comments?post=157190"}],"version-history":[{"count":1,"href":"https:\/\/die-webzeitung.de\/ludwigsburg\/wp-json\/wp\/v2\/posts\/157190\/revisions"}],"predecessor-version":[{"id":157191,"href":"https:\/\/die-webzeitung.de\/ludwigsburg\/wp-json\/wp\/v2\/posts\/157190\/revisions\/157191"}],"wp:featuredmedia":[{"embeddable":true,"href":"https:\/\/die-webzeitung.de\/ludwigsburg\/wp-json\/wp\/v2\/media\/157192"}],"wp:attachment":[{"href":"https:\/\/die-webzeitung.de\/ludwigsburg\/wp-json\/wp\/v2\/media?parent=157190"}],"wp:term":[{"taxonomy":"category","embeddable":true,"href":"https:\/\/die-webzeitung.de\/ludwigsburg\/wp-json\/wp\/v2\/categories?post=157190"},{"taxonomy":"post_tag","embeddable":true,"href":"https:\/\/die-webzeitung.de\/ludwigsburg\/wp-json\/wp\/v2\/tags?post=157190"}],"curies":[{"name":"wp","href":"https:\/\/api.w.org\/{rel}","templated":true}]}}