{"id":157063,"date":"2020-09-04T14:41:58","date_gmt":"2020-09-04T13:41:58","guid":{"rendered":"https:\/\/die-webzeitung.de\/ludwigsburg\/?p=157063"},"modified":"2020-09-04T14:41:58","modified_gmt":"2020-09-04T13:41:58","slug":"der-sgv-freiberg-fussball-holt-william-rodrigues-in-seinen-kader","status":"publish","type":"post","link":"https:\/\/die-webzeitung.de\/ludwigsburg\/2020\/09\/04\/der-sgv-freiberg-fussball-holt-william-rodrigues-in-seinen-kader\/","title":{"rendered":"Der SGV Freiberg Fu\u00dfball holt William Rodrigues in seinen Kader"},"content":{"rendered":"<p style=\"text-align: justify;\">Freiberg a. N.| Der 26-j\u00e4hrige, 1,81 gro\u00dfe Brasilianer wechselte zur Saison 2017\/18 vom brasilianischen Clube Atl\u00e9tico Metropolitano, zum SC Austria Lustenau und spielte in zwei Spielzeiten 43 Mal f\u00fcr den Zweitligisten \u00d6sterreichs. 2019\/20 wechselte er zum Ligakonkurrenten SV Lafnitz, wo er in der \u201eCorona\u201c-Saison zu zw\u00f6lf Eins\u00e4tzen f\u00fcr die Steirer kam. Seit dem 01.07.20 war Rodrigues ohne Vertrag und so konnte SGV-Sportdirektor Dr. Christian Werner den Brasilianer, mit dem er bei Lustenau bereits ein Jahr zusammenarbeitete, f\u00fcr den Freiberger Oberligisten gewinnen.<\/p>\n<p style=\"text-align: justify;\">\u201eEr wird etwas Zeit ben\u00f6tigen, bis er k\u00f6rperlich auf Topniveau ist, dann wird er aber eine gro\u00dfe Verst\u00e4rkung f\u00fcr unser Team werden. \u201eWilly\u201c kann sowohl im defensiven Mittelfeld, als auch als Innenverteidiger eingesetzt werden\u201c, so Werner.<\/p>\n<p style=\"text-align: justify;\">William Rodrigues: \u201eIch freue mich Teil des Teams zu sein und m\u00f6chte die Mannschaft bestm\u00f6glich unterst\u00fctzen. Ich habe jetzt schon einen sehr guten Eindruck vom Verein und freue mich auf die kommende Zeit\u201c.<\/p>\n<hr \/>\n<p style=\"text-align: justify;\">\n","protected":false},"excerpt":{"rendered":"<p>Freiberg a. N.| Der 26-j\u00e4hrige, 1,81 gro\u00dfe Brasilianer wechselte zur Saison 2017\/18 vom brasilianischen Clube Atl\u00e9tico Metropolitano, zum SC Austria Lustenau und spielte in zwei Spielzeiten 43 Mal f\u00fcr den Zweitligisten \u00d6sterreichs. 2019\/20 wechselte er zum Ligakonkurrenten SV Lafnitz, wo er in der \u201eCorona\u201c-Saison zu zw\u00f6lf Eins\u00e4tzen f\u00fcr die Steirer kam. Seit dem 01.07.20 war [&hellip;]<\/p>\n","protected":false},"author":4,"featured_media":157064,"comment_status":"closed","ping_status":"open","sticky":false,"template":"","format":"standard","meta":{"inline_featured_image":false,"_exactmetrics_skip_tracking":false,"_exactmetrics_sitenote_active":false,"_exactmetrics_sitenote_note":"","_exactmetrics_sitenote_category":0,"tdm_status":"","tdm_grid_status":"","footnotes":""},"categories":[110],"tags":[8875,80,129,5,1080,68,9,119],"class_list":{"0":"post-157063","1":"post","2":"type-post","3":"status-publish","4":"format-standard","5":"has-post-thumbnail","7":"category-sport","8":"tag-die-webzeitung","9":"tag-freiberger-seite","10":"tag-fusball","11":"tag-internetzeitung","12":"tag-oberliga","13":"tag-online-zeitung","14":"tag-schaumedia","15":"tag-sgv"},"image_feature":"https:\/\/die-webzeitung.de\/ludwigsburg\/wp-content\/uploads\/sites\/5\/2020\/09\/William-Rodrigues-oT-300.jpg","author_name":"Redaktion","pure_taxonomies":{"categories":[{"term_id":110,"name":"Sport","slug":"sport","term_group":0,"term_taxonomy_id":112,"taxonomy":"category","description":"Sportberichte","parent":0,"count":1115,"filter":"raw","image":""}],"tags":[{"term_id":8875,"name":"Die-Webzeitung","slug":"die-webzeitung","term_group":0,"term_taxonomy_id":8876,"taxonomy":"post_tag","description":"","parent":0,"count":4255,"filter":"raw","image":""},{"term_id":80,"name":"Freiberg","slug":"freiberger-seite","term_group":0,"term_taxonomy_id":95,"taxonomy":"post_tag","description":"","parent":0,"count":122,"filter":"raw","image":""},{"term_id":129,"name":"Fu\u00dfball","slug":"fusball","term_group":0,"term_taxonomy_id":131,"taxonomy":"post_tag","description":"","parent":0,"count":189,"filter":"raw","image":""},{"term_id":5,"name":"Internetzeitung","slug":"internetzeitung","term_group":0,"term_taxonomy_id":5,"taxonomy":"post_tag","description":"","parent":0,"count":1533,"filter":"raw","image":""},{"term_id":1080,"name":"Oberliga","slug":"oberliga","term_group":0,"term_taxonomy_id":1089,"taxonomy":"post_tag","description":"","parent":0,"count":47,"filter":"raw","image":""},{"term_id":68,"name":"Online-Zeitung","slug":"online-zeitung","term_group":0,"term_taxonomy_id":69,"taxonomy":"post_tag","description":"","parent":0,"count":4204,"filter":"raw","image":""},{"term_id":9,"name":"SchauMedia","slug":"schaumedia","term_group":0,"term_taxonomy_id":9,"taxonomy":"post_tag","description":"","parent":0,"count":1582,"filter":"raw","image":""},{"term_id":119,"name":"SGV","slug":"sgv","term_group":0,"term_taxonomy_id":121,"taxonomy":"post_tag","description":"","parent":0,"count":81,"filter":"raw","image":""}]},"_links":{"self":[{"href":"https:\/\/die-webzeitung.de\/ludwigsburg\/wp-json\/wp\/v2\/posts\/157063","targetHints":{"allow":["GET"]}}],"collection":[{"href":"https:\/\/die-webzeitung.de\/ludwigsburg\/wp-json\/wp\/v2\/posts"}],"about":[{"href":"https:\/\/die-webzeitung.de\/ludwigsburg\/wp-json\/wp\/v2\/types\/post"}],"author":[{"embeddable":true,"href":"https:\/\/die-webzeitung.de\/ludwigsburg\/wp-json\/wp\/v2\/users\/4"}],"replies":[{"embeddable":true,"href":"https:\/\/die-webzeitung.de\/ludwigsburg\/wp-json\/wp\/v2\/comments?post=157063"}],"version-history":[{"count":1,"href":"https:\/\/die-webzeitung.de\/ludwigsburg\/wp-json\/wp\/v2\/posts\/157063\/revisions"}],"predecessor-version":[{"id":157065,"href":"https:\/\/die-webzeitung.de\/ludwigsburg\/wp-json\/wp\/v2\/posts\/157063\/revisions\/157065"}],"wp:featuredmedia":[{"embeddable":true,"href":"https:\/\/die-webzeitung.de\/ludwigsburg\/wp-json\/wp\/v2\/media\/157064"}],"wp:attachment":[{"href":"https:\/\/die-webzeitung.de\/ludwigsburg\/wp-json\/wp\/v2\/media?parent=157063"}],"wp:term":[{"taxonomy":"category","embeddable":true,"href":"https:\/\/die-webzeitung.de\/ludwigsburg\/wp-json\/wp\/v2\/categories?post=157063"},{"taxonomy":"post_tag","embeddable":true,"href":"https:\/\/die-webzeitung.de\/ludwigsburg\/wp-json\/wp\/v2\/tags?post=157063"}],"curies":[{"name":"wp","href":"https:\/\/api.w.org\/{rel}","templated":true}]}}