{"id":156592,"date":"2020-06-29T06:00:10","date_gmt":"2020-06-29T05:00:10","guid":{"rendered":"https:\/\/die-webzeitung.de\/ludwigsburg\/?p=156592"},"modified":"2020-06-29T13:29:01","modified_gmt":"2020-06-29T12:29:01","slug":"156592","status":"publish","type":"post","link":"https:\/\/die-webzeitung.de\/ludwigsburg\/2020\/06\/29\/156592\/","title":{"rendered":"SGV verzeichnet weiteren Neuzugang"},"content":{"rendered":"<p style=\"text-align: justify;\"><strong>Freiberger Oberligist verabschiedet sich von Kreshnik Lushtaku<br \/>\n<\/strong>Kreshnik kam im Sommer 2019, vom 1. CfR Pforzheim, zum SGV und kam in 18 von 21 m\u00f6glichen Begegnungen zum Einsatz, bevor der Corona-Virus die Saison vorzeitig beendete. Wir bedanken uns f\u00fcr sein Engagement und w\u00fcnschen ihm alles Gute f\u00fcr die private und sportliche Zukunft.<\/p>\n<p style=\"text-align: justify;\"><strong>Johnathan Zinram wechselt von Pforzheim an den Freiberger Wasen<br \/>\n<\/strong>Der 28-j\u00e4hrige, 1,75 gro\u00dfe, Hesse, hat sich entschieden seinen auslaufenden Vertrag beim Ligakollegen 1. CfR Pforzheim nicht zu verl\u00e4ngern und sich dem SGV Freiberg Fu\u00dfball anzuschlie\u00dfen. \u201eJohnny\u201c wurde in der Jugend des FSV Mainz 05 ausgebildet (26 Spiele in der U17 und U19 Junioren Bundesliga), kam danach f\u00fcr Mainz 05 II, Eintracht Trier und Wormatia Worms insgesamt auf 95 Regionalliga-Eins\u00e4tze. Erfahrung in 112 Oberligaspielen sammelte, der im Mittelfeld flexibel einsetzbare, Zinram, beim SV Gonsenheim (59 x Rheinl.-Pfalz\/Saar) und die letzten beiden Spielzeiten in Pforzheim, wo er von 54 m\u00f6glichen Partien 53 bestritt.<\/p>\n<p style=\"text-align: justify;\"><strong>Chantal Schwinger neue Physiotherapeutin<br \/>\n<\/strong>F\u00fcr das ver\u00e4nderte Anforderungsprofil, nicht nur bei allen Heim- und Ausw\u00e4rtsspielen sondern auch bei allen Trainingseinheiten anwesend zu sein, fand der SGV Freiberg Fu\u00dfball mit Chantal Schwinger, vom Ligakollegen Stuttgarter Kickers, die Idealbesetzung.<\/p>\n<p style=\"text-align: justify;\">Sportdirektor Werner: \u201eIch freue mich wirklich sehr, dass wir eine solch kompetente, ehrgeizige und sehr sympathische Physiotherapeutin f\u00fcr uns gewinnen konnten\u201c. Durch ihre vierj\u00e4hrige T\u00e4tigkeit bei den Blauen, in der NLZ-Physioleitung sowie in den letzten zwei Jahren als Physiotherapeutin der 1. Mannschaft, ist \u201eChanti\u201c eine riesen Bereicherung f\u00fcr den SGV. Mit ihrer sehr konzeptionellen Arbeitsweise, ist die 27-j\u00e4hrige, geb\u00fcrtige B\u00f6nnigheimerin, perfekt geeignet, unsere medizinische Abteilung zu verst\u00e4rken. Zusammen mit dem erfahrenen und extrem kompetenten Mannschaftsarzt Dr. med. Simeon Geronikolakis ist unsere medizinische Abteilung f\u00fcr die n\u00e4chsten Jahre somit hervorragend aufgestellt.<\/p>\n<p style=\"text-align: justify;\"><strong>Kooperation mit Physio &amp; Kraftpotential, Heilbronn endet<br \/>\n<\/strong>Seit 2018 stand der SGV mit dem Heilbronner Therapiezentrum, in der Vorbereitungsphase, bei Verletzungen und bei der Pr\u00e4vention w\u00e4hrend der Saison sowie in der Sommerpause in engem Kontakt. Sibylle Nies und Jan Fink waren bei den Spielen an der Linie und f\u00fchrten ca. einmal w\u00f6chentlich ein Athletiktraining und Therapie durch.<\/p>\n<p style=\"text-align: justify;\">Wir bedanken uns f\u00fcr die gemeinsame Zeit, in der wir im Team eng zusammengewachsen sind, und Freud und Leid geteilt haben.<\/p>\n<hr \/>\n<p style=\"text-align: justify;\">\n","protected":false},"excerpt":{"rendered":"<p>Freiberger Oberligist verabschiedet sich von Kreshnik Lushtaku Kreshnik kam im Sommer 2019, vom 1. CfR Pforzheim, zum SGV und kam in 18 von 21 m\u00f6glichen Begegnungen zum Einsatz, bevor der Corona-Virus die Saison vorzeitig beendete. Wir bedanken uns f\u00fcr sein Engagement und w\u00fcnschen ihm alles Gute f\u00fcr die private und sportliche Zukunft. Johnathan Zinram wechselt [&hellip;]<\/p>\n","protected":false},"author":4,"featured_media":156593,"comment_status":"closed","ping_status":"open","sticky":false,"template":"","format":"standard","meta":{"inline_featured_image":false,"_exactmetrics_skip_tracking":false,"_exactmetrics_sitenote_active":false,"_exactmetrics_sitenote_note":"","_exactmetrics_sitenote_category":0,"tdm_status":"","tdm_grid_status":"","footnotes":""},"categories":[110],"tags":[],"class_list":{"0":"post-156592","1":"post","2":"type-post","3":"status-publish","4":"format-standard","5":"has-post-thumbnail","7":"category-sport"},"image_feature":"https:\/\/die-webzeitung.de\/ludwigsburg\/wp-content\/uploads\/sites\/5\/2020\/06\/Johnathan-Zinram-2.jpg","author_name":"Redaktion","pure_taxonomies":{"categories":[{"term_id":110,"name":"Sport","slug":"sport","term_group":0,"term_taxonomy_id":112,"taxonomy":"category","description":"Sportberichte","parent":0,"count":1115,"filter":"raw","image":""}]},"_links":{"self":[{"href":"https:\/\/die-webzeitung.de\/ludwigsburg\/wp-json\/wp\/v2\/posts\/156592","targetHints":{"allow":["GET"]}}],"collection":[{"href":"https:\/\/die-webzeitung.de\/ludwigsburg\/wp-json\/wp\/v2\/posts"}],"about":[{"href":"https:\/\/die-webzeitung.de\/ludwigsburg\/wp-json\/wp\/v2\/types\/post"}],"author":[{"embeddable":true,"href":"https:\/\/die-webzeitung.de\/ludwigsburg\/wp-json\/wp\/v2\/users\/4"}],"replies":[{"embeddable":true,"href":"https:\/\/die-webzeitung.de\/ludwigsburg\/wp-json\/wp\/v2\/comments?post=156592"}],"version-history":[{"count":2,"href":"https:\/\/die-webzeitung.de\/ludwigsburg\/wp-json\/wp\/v2\/posts\/156592\/revisions"}],"predecessor-version":[{"id":156595,"href":"https:\/\/die-webzeitung.de\/ludwigsburg\/wp-json\/wp\/v2\/posts\/156592\/revisions\/156595"}],"wp:featuredmedia":[{"embeddable":true,"href":"https:\/\/die-webzeitung.de\/ludwigsburg\/wp-json\/wp\/v2\/media\/156593"}],"wp:attachment":[{"href":"https:\/\/die-webzeitung.de\/ludwigsburg\/wp-json\/wp\/v2\/media?parent=156592"}],"wp:term":[{"taxonomy":"category","embeddable":true,"href":"https:\/\/die-webzeitung.de\/ludwigsburg\/wp-json\/wp\/v2\/categories?post=156592"},{"taxonomy":"post_tag","embeddable":true,"href":"https:\/\/die-webzeitung.de\/ludwigsburg\/wp-json\/wp\/v2\/tags?post=156592"}],"curies":[{"name":"wp","href":"https:\/\/api.w.org\/{rel}","templated":true}]}}