{"id":156490,"date":"2020-06-19T13:44:44","date_gmt":"2020-06-19T12:44:44","guid":{"rendered":"https:\/\/die-webzeitung.de\/ludwigsburg\/?p=156490"},"modified":"2020-06-19T13:44:44","modified_gmt":"2020-06-19T12:44:44","slug":"dfb-pokalfinale-der-frauen-bis-2023-in-koeln","status":"publish","type":"post","link":"https:\/\/die-webzeitung.de\/ludwigsburg\/2020\/06\/19\/dfb-pokalfinale-der-frauen-bis-2023-in-koeln\/","title":{"rendered":"DFB-Pokalfinale der Frauen bis 2023 in K\u00f6ln"},"content":{"rendered":"<div>\n<p style=\"text-align: justify;\">Das Finale im DFB-Pokal der Frauen wird auch in den kommenden drei Jahren in K\u00f6ln ausgetragen. Diese Entscheidung traf das Pr\u00e4sidium des Deutschen Fu\u00dfball-Bundes (DFB) in seiner heutigen Sitzung. Dar\u00fcber hinaus haben der DFB und die Stadt K\u00f6ln eine optionale Verl\u00e4ngerung der Zusammenarbeit bis 2025 vereinbart. Das eigenst\u00e4ndige Endspiel wird seit dem Jahr 2010 im K\u00f6lner RheinEnergieStadion ausgetragen.<\/p>\n<p style=\"text-align: justify;\">DFB-Pr\u00e4sident Fritz Keller sagt: \u201cDie vergangenen zehn Jahre haben eindrucksvoll gezeigt, warum der Standort K\u00f6ln optimal f\u00fcr die Austragung des DFB-Pokalfinales der Frauen ist: ein tolles Stadion, eine eindrucksvolle Atmosph\u00e4re, ein attraktives Rahmenprogramm f\u00fcr die ganze Familie und der sportliche Reiz eines Endspiels. Ich w\u00fcnsche mir aber dar\u00fcber hinaus, dass der Frauenfu\u00dfball nicht nur am Finaltag im Fokus einer breiten \u00d6ffentlichkeit steht, sondern dass die gro\u00dfen sportlichen Leistungen dauerhaft wahrgenommen werden.\u201d<\/p>\n<p style=\"text-align: justify;\">Henriette Reker, Oberb\u00fcrgermeisterin der Stadt K\u00f6ln, sagt: \u201cDie Sportstadt K\u00f6ln sieht sich durch diesen Zuspruch erneut best\u00e4tigt. Seit zehn Jahren hat das DFB-Pokalfinale der Frauen im RheinEnergieStadion sein Zuhause. Der Finaltag ist jedes Mal ein gro\u00dfes Fest des Frauenfu\u00dfballs mit Turnieren am Vormittag, an denen rund 1000 M\u00e4dchen teilnehmen, und das beliebte Fan- und Familienfest auf den Stadionwiesen ist l\u00e4ngst zur Tradition geworden. Auch wenn in diesem Jahr ausschlie\u00dflich das Finalspiel stattfindet \u2013 unser Konzept geht auf, und wir freuen uns, dass der DFB die vertrauensvolle Zusammenarbeit mit uns f\u00fcr weitere drei Jahre fortsetzen will. Ich bin mir sicher, dass die Spielerinnen unser Engagement sch\u00e4tzen und sich sehr dar\u00fcber freuen, ihr Endspiel auch weiter in der deutschen Hauptstadt des Frauenfu\u00dfballs austragen zu d\u00fcrfen.\u201d<\/p>\n<p style=\"text-align: justify;\">Hannelore Ratzeburg, die f\u00fcr den Frauen- und M\u00e4dchenfu\u00dfball verantwortliche DFB-Vizepr\u00e4sidentin, sagt: \u201cIch kann mich noch gut erinnern, als wir 2010 erstmals in K\u00f6ln unser Finale ausgetragen haben. Es war von Beginn an eine vertrauensvolle und vorbildliche Zusammenarbeit mit unseren Partnern von Stadt und Verein, dem Stadionbetreiber und dem Fu\u00dfball-Verband Mittelrhein. Darin steckt ganz viel Herzblut und Leidenschaft. Das Konzept eines abwechslungsreichen Rahmenprogramms auf den Vorwiesen und attraktivem Spitzensport hat sich bew\u00e4hrt und im Laufe der Zeit immer weiterentwickelt. Wir freuen uns deshalb auf die kommenden gemeinsamen Jahre.\u201d<\/p>\n<p style=\"text-align: justify;\">Das diesj\u00e4hrige DFB-Pokalfinale findet zwischen dem Titelverteidiger VfL Wolfsburg und der SGS Essen am 4. Juli (ab 16.45 Uhr) statt. Aufgrund der Corona-Pandemie sind Zuschauer im Stadion nicht zugelassen, zudem entf\u00e4llt das Fan- und Familienfest auf den Vorwiesen. Die ARD \u00fcbertr\u00e4gt das Spiel live.<\/p>\n<hr \/>\n<p style=\"text-align: justify;\">\n<\/div>\n","protected":false},"excerpt":{"rendered":"<p>Das Finale im DFB-Pokal der Frauen wird auch in den kommenden drei Jahren in K\u00f6ln ausgetragen. Diese Entscheidung traf das Pr\u00e4sidium des Deutschen Fu\u00dfball-Bundes (DFB) in seiner heutigen Sitzung. Dar\u00fcber hinaus haben der DFB und die Stadt K\u00f6ln eine optionale Verl\u00e4ngerung der Zusammenarbeit bis 2025 vereinbart. Das eigenst\u00e4ndige Endspiel wird seit dem Jahr 2010 im [&hellip;]<\/p>\n","protected":false},"author":4,"featured_media":0,"comment_status":"closed","ping_status":"open","sticky":false,"template":"","format":"standard","meta":{"inline_featured_image":false,"_exactmetrics_skip_tracking":false,"_exactmetrics_sitenote_active":false,"_exactmetrics_sitenote_note":"","_exactmetrics_sitenote_category":0,"tdm_status":"","tdm_grid_status":"","footnotes":""},"categories":[110],"tags":[618,8875,5,68,4078,9],"class_list":{"0":"post-156490","1":"post","2":"type-post","3":"status-publish","4":"format-standard","6":"category-sport","7":"tag-dfb","8":"tag-die-webzeitung","9":"tag-internetzeitung","10":"tag-online-zeitung","11":"tag-pokalfinale","12":"tag-schaumedia"},"image_feature":null,"author_name":"Redaktion","pure_taxonomies":{"categories":[{"term_id":110,"name":"Sport","slug":"sport","term_group":0,"term_taxonomy_id":112,"taxonomy":"category","description":"Sportberichte","parent":0,"count":1115,"filter":"raw","image":""}],"tags":[{"term_id":618,"name":"DFB","slug":"dfb","term_group":0,"term_taxonomy_id":626,"taxonomy":"post_tag","description":"","parent":0,"count":48,"filter":"raw","image":""},{"term_id":8875,"name":"Die-Webzeitung","slug":"die-webzeitung","term_group":0,"term_taxonomy_id":8876,"taxonomy":"post_tag","description":"","parent":0,"count":4255,"filter":"raw","image":""},{"term_id":5,"name":"Internetzeitung","slug":"internetzeitung","term_group":0,"term_taxonomy_id":5,"taxonomy":"post_tag","description":"","parent":0,"count":1533,"filter":"raw","image":""},{"term_id":68,"name":"Online-Zeitung","slug":"online-zeitung","term_group":0,"term_taxonomy_id":69,"taxonomy":"post_tag","description":"","parent":0,"count":4204,"filter":"raw","image":""},{"term_id":4078,"name":"Pokalfinale","slug":"pokalfinale","term_group":0,"term_taxonomy_id":4091,"taxonomy":"post_tag","description":"","parent":0,"count":1,"filter":"raw","image":""},{"term_id":9,"name":"SchauMedia","slug":"schaumedia","term_group":0,"term_taxonomy_id":9,"taxonomy":"post_tag","description":"","parent":0,"count":1582,"filter":"raw","image":""}]},"_links":{"self":[{"href":"https:\/\/die-webzeitung.de\/ludwigsburg\/wp-json\/wp\/v2\/posts\/156490","targetHints":{"allow":["GET"]}}],"collection":[{"href":"https:\/\/die-webzeitung.de\/ludwigsburg\/wp-json\/wp\/v2\/posts"}],"about":[{"href":"https:\/\/die-webzeitung.de\/ludwigsburg\/wp-json\/wp\/v2\/types\/post"}],"author":[{"embeddable":true,"href":"https:\/\/die-webzeitung.de\/ludwigsburg\/wp-json\/wp\/v2\/users\/4"}],"replies":[{"embeddable":true,"href":"https:\/\/die-webzeitung.de\/ludwigsburg\/wp-json\/wp\/v2\/comments?post=156490"}],"version-history":[{"count":1,"href":"https:\/\/die-webzeitung.de\/ludwigsburg\/wp-json\/wp\/v2\/posts\/156490\/revisions"}],"predecessor-version":[{"id":156491,"href":"https:\/\/die-webzeitung.de\/ludwigsburg\/wp-json\/wp\/v2\/posts\/156490\/revisions\/156491"}],"wp:attachment":[{"href":"https:\/\/die-webzeitung.de\/ludwigsburg\/wp-json\/wp\/v2\/media?parent=156490"}],"wp:term":[{"taxonomy":"category","embeddable":true,"href":"https:\/\/die-webzeitung.de\/ludwigsburg\/wp-json\/wp\/v2\/categories?post=156490"},{"taxonomy":"post_tag","embeddable":true,"href":"https:\/\/die-webzeitung.de\/ludwigsburg\/wp-json\/wp\/v2\/tags?post=156490"}],"curies":[{"name":"wp","href":"https:\/\/api.w.org\/{rel}","templated":true}]}}