{"id":156485,"date":"2020-06-18T19:30:20","date_gmt":"2020-06-18T18:30:20","guid":{"rendered":"https:\/\/die-webzeitung.de\/ludwigsburg\/?p=156485"},"modified":"2020-06-18T16:15:03","modified_gmt":"2020-06-18T15:15:03","slug":"sgv-freiberg-verstaerkt-das-mittelfeld","status":"publish","type":"post","link":"https:\/\/die-webzeitung.de\/ludwigsburg\/2020\/06\/18\/sgv-freiberg-verstaerkt-das-mittelfeld\/","title":{"rendered":"SGV Freiberg verst\u00e4rkt das Mittelfeld"},"content":{"rendered":"<h5 style=\"text-align: justify;\"><strong>Julian Grupp kommt vom 1. CfR Pforzheim<\/strong><\/h5>\n<p style=\"text-align: justify;\">Freiberg a. N.| Julian soll beim Freiberger Oberligisten die Schwachstelle defensives Mittelfeld organisieren. Dass der 28-j\u00e4hrige, 1,83 gro\u00dfe, f\u00fcr diese Aufgabe bestens geeignet ist, hat er in seinen 38 Drittligaspielen, 101 Regionalligaeins\u00e4tzen und 103 Oberliga-Partien unterstrichen. Beim Pforzheimer Fusionsclub war Grupp in den letzten drei Jahren mit 78 Eins\u00e4tzen als Stammspieler eine nicht wegzudenkende, feste Gr\u00f6\u00dfe. Zu den Badenern kam er \u00fcber die Stationen: TuS Koblenz, SC Freiburg II, Wehen Wiesbaden.<\/p>\n<p style=\"text-align: justify;\">Sportdirektor Dr. Christian Werner: \u201e Ich freue mich sehr, dass wir Julian von unserem Projekt \u00fcberzeugen konnten. Er erf\u00fcllt perfekt unser angelegtes Anforderungsprofil f\u00fcr diese Position. F\u00fcr mich ist Julian nicht nur ein perfekter Pressingspieler, sondern bringt f\u00fcr die zentrale Position viel Tempo mit\u201c.<\/p>\n<p style=\"text-align: justify;\"><strong>Dr. Christian Werner: Die richtige Mischung machts!<br \/>\n<\/strong>Der SGV Freiberg Fu\u00dfball hatte die Zielsetzung, bei der Kaderbildung f\u00fcr die n\u00e4chste Saison, die richtige Mischung zwischen gut ausgebildeten, hochmotivierten \u201eYoungstern\u201c sowie erfahrenen \u201eLeitw\u00f6lfen\u201c die das Potential und auch den Willen mitbringen, eine F\u00fchrungsrolle zu \u00fcbernehmen, zusammenzustellen.<\/p>\n<p style=\"text-align: justify;\">Dies war unter den derzeitigen Rahmenbedingungen eine Herkulesaufgabe mit mehreren Unbekannten. Corona hatte alles ver\u00e4ndert. Der Spiel- und Trainingsbetrieb ist seit dem 13.03.20 eingestellt, die Saison 2019\/20 wurde, nach mehreren Aussetzungen, schlussendlich abgebrochen. Nach drei Monaten ohne Einnahmen, bei weiterlaufenden Kosten, gehen wohl alle Vereine finanziell auf dem Zahnfleisch Richtung neue Saison. Die Amateurclubs waren mit ihren Problemen weitestgehend allein gelassen und sehen, mit deutlich reduzierten Budgets, mit gemischten Gef\u00fchlen in die sportliche Zukunft. Der Start f\u00fcr die neue Saison 2020\/21 ist f\u00fcr September geplant, aus Sicht des SGV ist das \u00e4u\u00dferst optimistisch angedacht, da aktuell im Amateurbereich kaum darstellbar.<\/p>\n<p style=\"text-align: justify;\">Trotz dieser Aspekte scheint der SGV Freiberg Fu\u00dfball, in Person von Sportdirektor Dr. Christian Werner, auf seinem Weg zu der \u201erichtigen Mischung\u201c auf einem guten und seri\u00f6sen Weg zu sein.<\/p>\n<p style=\"text-align: justify;\">Der Freiberger Oberligist freut sich mit Flamur Berisha (20), Julian Guttenson (18) und Berkan Alimler (20) sehr spannende externe Talente von dem Projekt SGV \u00fcberzeugt zu haben. Des Weiteren werden ab Sommer mit Dean Melo (18), Talha \u00d6zen (18) und Theo Saubert (19), drei ebenfalls talentierte Spieler aus der eigenen U19, in die Rolle der hochmotivierten \u201eYougster\u201c schl\u00fcpfen.<\/p>\n<p style=\"text-align: justify;\">Mit Marco Gr\u00fcttner (34) und Sven Burkhard (37) hatte der Verein bereits fr\u00fchzeitig zwei F\u00fchrungsspieler unter Vertrag genommen. David M\u00fcller verl\u00e4ngerte seinen Vertrag um weitere zwei Jahre. Neu dazu kamen: Michael Klau\u00df (33, SV Stuttgarter Kickers), Dominik Salz (32, TSV Grunbach) und Julian Grupp (28, 1. CfR Pforzheim).<\/p>\n<hr \/>\n<p style=\"text-align: justify;\">\n","protected":false},"excerpt":{"rendered":"<p>Julian Grupp kommt vom 1. CfR Pforzheim Freiberg a. N.| Julian soll beim Freiberger Oberligisten die Schwachstelle defensives Mittelfeld organisieren. Dass der 28-j\u00e4hrige, 1,83 gro\u00dfe, f\u00fcr diese Aufgabe bestens geeignet ist, hat er in seinen 38 Drittligaspielen, 101 Regionalligaeins\u00e4tzen und 103 Oberliga-Partien unterstrichen. Beim Pforzheimer Fusionsclub war Grupp in den letzten drei Jahren mit 78 [&hellip;]<\/p>\n","protected":false},"author":4,"featured_media":156486,"comment_status":"closed","ping_status":"open","sticky":false,"template":"","format":"standard","meta":{"inline_featured_image":false,"_exactmetrics_skip_tracking":false,"_exactmetrics_sitenote_active":false,"_exactmetrics_sitenote_note":"","_exactmetrics_sitenote_category":0,"tdm_status":"","tdm_grid_status":"","footnotes":""},"categories":[110],"tags":[],"class_list":{"0":"post-156485","1":"post","2":"type-post","3":"status-publish","4":"format-standard","5":"has-post-thumbnail","7":"category-sport"},"image_feature":"https:\/\/die-webzeitung.de\/ludwigsburg\/wp-content\/uploads\/sites\/5\/2020\/06\/Julian-Grupp-1.jpg","author_name":"Redaktion","pure_taxonomies":{"categories":[{"term_id":110,"name":"Sport","slug":"sport","term_group":0,"term_taxonomy_id":112,"taxonomy":"category","description":"Sportberichte","parent":0,"count":1115,"filter":"raw","image":""}]},"_links":{"self":[{"href":"https:\/\/die-webzeitung.de\/ludwigsburg\/wp-json\/wp\/v2\/posts\/156485","targetHints":{"allow":["GET"]}}],"collection":[{"href":"https:\/\/die-webzeitung.de\/ludwigsburg\/wp-json\/wp\/v2\/posts"}],"about":[{"href":"https:\/\/die-webzeitung.de\/ludwigsburg\/wp-json\/wp\/v2\/types\/post"}],"author":[{"embeddable":true,"href":"https:\/\/die-webzeitung.de\/ludwigsburg\/wp-json\/wp\/v2\/users\/4"}],"replies":[{"embeddable":true,"href":"https:\/\/die-webzeitung.de\/ludwigsburg\/wp-json\/wp\/v2\/comments?post=156485"}],"version-history":[{"count":1,"href":"https:\/\/die-webzeitung.de\/ludwigsburg\/wp-json\/wp\/v2\/posts\/156485\/revisions"}],"predecessor-version":[{"id":156487,"href":"https:\/\/die-webzeitung.de\/ludwigsburg\/wp-json\/wp\/v2\/posts\/156485\/revisions\/156487"}],"wp:featuredmedia":[{"embeddable":true,"href":"https:\/\/die-webzeitung.de\/ludwigsburg\/wp-json\/wp\/v2\/media\/156486"}],"wp:attachment":[{"href":"https:\/\/die-webzeitung.de\/ludwigsburg\/wp-json\/wp\/v2\/media?parent=156485"}],"wp:term":[{"taxonomy":"category","embeddable":true,"href":"https:\/\/die-webzeitung.de\/ludwigsburg\/wp-json\/wp\/v2\/categories?post=156485"},{"taxonomy":"post_tag","embeddable":true,"href":"https:\/\/die-webzeitung.de\/ludwigsburg\/wp-json\/wp\/v2\/tags?post=156485"}],"curies":[{"name":"wp","href":"https:\/\/api.w.org\/{rel}","templated":true}]}}