{"id":156134,"date":"2020-05-15T16:16:38","date_gmt":"2020-05-15T15:16:38","guid":{"rendered":"https:\/\/die-webzeitung.de\/ludwigsburg\/?p=156134"},"modified":"2020-05-15T16:16:56","modified_gmt":"2020-05-15T15:16:56","slug":"ww-zuwaechse-im-neugeschaeft","status":"publish","type":"post","link":"https:\/\/die-webzeitung.de\/ludwigsburg\/2020\/05\/15\/ww-zuwaechse-im-neugeschaeft\/","title":{"rendered":"W&#038;W: Zuw\u00e4chse im Neugesch\u00e4ft"},"content":{"rendered":"<ul style=\"text-align: justify;\">\n<li><strong>Versicherungsgesch\u00e4ft legte deutlich zu, mehr Neukunden gewonnen.<\/strong><\/li>\n<li><strong>Quartalsergebnis nach Steuern mit 25,0\u00a0Millionen Euro von Corona-bedingten Marktverwerfungen gepr\u00e4gt.<\/strong><\/li>\n<li><strong>Anpasste Ergebniserwartung f\u00fcr das Gesamtjahr 2020 best\u00e4tigt.<\/strong><\/li>\n<li><strong>Vorstandsvorsitzender J\u00fcrgen A. Junker: \u201eW&amp;W profitiert jetzt von der umfassenden Digitalisierung und dem Aufbruch der vergangenen Jahre.\u201c<\/strong><\/li>\n<\/ul>\n<p style=\"text-align: justify;\">Die W\u00fcstenrot &amp; W\u00fcrttembergische-Gruppe (W&amp;W) hat operativ ein gutes erstes Quartal verzeichnet. Trotz der erheblichen Marktunsicherheiten infolge der weltweiten COVID-19-Pandemie konnte das Unternehmen ein erfreulich positives Neugesch\u00e4ft erreichen. Vor allem die Versicherungssparten verzeichneten gute Zuw\u00e4chse. Das Baufinanzierungsgesch\u00e4ft lag fast auf dem Rekordniveau des Vorjahres. Die Neukundenzahl legte um knapp 25 Prozent zu. Die Ertragslage des Konzerns war, wie bereits am 4. Mai 2020 bekanntgegeben, durch die bilanztechnischen Auswirkungen der volatilen Kapitalm\u00e4rkte mit entsprechenden Belastungen des Finanzergebnisses sowie durch Sondereffekte aus der Corona-Krise beeinflusst. In der Folge erreichte der Konzern\u00fcberschuss in den ersten drei Monaten 25,0 Millionen Euro (Vorjahresquartal: 78,5 Millionen Euro). F\u00fcr das Gesamtjahr geht der Vorstand nunmehr \u2013 wie bereits gemeldet \u2013 von einem \u00dcberschuss unterhalb des Zielkorridors von 220 bis 250\u00a0Millionen Euro aus.<\/p>\n<p style=\"text-align: justify;\">J\u00fcrgen A. Junker, Vorstandsvorsitzender der W&amp;W AG: \u201eDie erfreulichen und \u00fcberzeugenden Erfolge im Neugesch\u00e4ft dieses von Corona bereits stark beeinflussten Quartals zeigen, dass uns die Kunden auch in Krisenzeiten vertrauen und als bew\u00e4hrten Partner in Finanz- und Vorsorgefragen wahrnehmen. Gerade jetzt tun wir alles in unseren Kr\u00e4ften Stehende, diesem Vertrauen gerecht zu werden und den Kunden zu zeigen, dass wir f\u00fcr sie da sind. Der W&amp;W-Gruppe kommt zugute, dass wir in den vergangenen Jahren massiv in die Digitalisierung der Produkte und Prozesse investiert haben. Jetzt, in Corona-Zeiten, sind wir dank unserer neuen digitalen M\u00f6glichkeiten eng bei unseren Kunden. Wir profitieren in dieser schwierigen Marktphase somit von jener operativen Schlagkraft, die wir uns in den vergangenen Jahren durch den erfolgreich eingeleiteten Wandel und einen umfassenden Aufbruch erarbeitet haben. Zugleich haben wir den Konzern wetterfest gemacht. Diese Wetterfestigkeit ist heute n\u00f6tiger denn je.\u201c<\/p>\n<p style=\"text-align: justify;\"><strong>Gesch\u00e4ftsfeld Wohnen<br \/>\n<\/strong>Das Baufinanzierungsgesch\u00e4ft (inklusive der Vermittlungen ins Fremdbuch) erreichte im ersten Quartal mit 1,45 Milliarden Euro nahezu das Rekord-Vorjahresniveau von 1,46 Milliarden Euro. Die W\u00fcstenrot Bausparkasse, die zweitgr\u00f6\u00dfte private Bausparkasse Deutschlands, konnte das Netto-Bausparneugesch\u00e4ft (eingel\u00f6stes Neugesch\u00e4ft) um 1,7 Prozent auf 2,65 Milliarden Euro steigern (Vorjahresquartal: 2,61 Milliarden Euro). Das Brutto-Bausparneugesch\u00e4ft lag, vor allem Corona-bedingt, mit 3,02 Milliarden Euro unter dem Wert im Vergleichsquartal 2019 (3,47 Milliarden Euro; -13,1 Prozent). Damit schnitt W\u00fcstenrot aber besser als der Markt ab und gewann Marktanteile hinzu.<\/p>\n<p style=\"text-align: justify;\"><strong>Gesch\u00e4ftsfeld Versichern und brandpool<br \/>\n<\/strong>In der Personenversicherung stiegen die gebuchten Bruttobeitr\u00e4ge um 6,6 Prozent auf 629,7 Millionen Euro (Vorjahreszeitraum: 590,9 Millionen Euro). Die Schaden- und Unfallversicherung verzeichnete in den ersten drei Monaten ein Wachstum der Bruttobeitr\u00e4ge um 6,3 Prozent auf 989,2 Millionen Euro nach 930,2\u00a0Millionen Euro im gleichen Vorjahreszeitraum. Alle Gesch\u00e4ftssegmente (Kfz, Firmenkunden und Privatkunden) trugen zu dem Wachstum bei. Die Digitalmarke Adam Riese setzte ihren Wachstumskurs fort und liegt mit aktuell mehr als 110.000 Vertr\u00e4gen weiterhin \u00fcber den Erwartungen. Die Schadenentwicklung war unver\u00e4ndert erfreulich, trotz leicht h\u00f6herer Aufwendungen f\u00fcr Elementarsch\u00e4den. Die Kosten-Aufwands-Relation (Combined Ratio) in der Schaden-\/Unfallversicherung erreichte brutto 87,4 Prozent (Vorjahreszeitraum 2019: 86,5 Prozent).<\/p>\n<p style=\"text-align: justify;\"><strong>Ausblick auf das Gesamtjahr 2020<br \/>\n<\/strong>W&amp;W best\u00e4tigt die am 4. Mai 2020 revidierte Aussage zum Gesamtjahr 2020 und erwartet einen Konzernjahres\u00fcberschuss unterhalb des mittelfristigen Zielkorridors von 220 bis 250 Millionen Euro. Eine konkretere Prognose ist wegen der aktuellen Unsicherheiten mit Blick auf die Kapital- und Finanzm\u00e4rkte sowie auf die gesamtwirtschaftliche Konjunktur derzeit nicht m\u00f6glich.<\/p>\n<hr \/>\n<p style=\"text-align: justify;\">\n","protected":false},"excerpt":{"rendered":"<p>Versicherungsgesch\u00e4ft legte deutlich zu, mehr Neukunden gewonnen. Quartalsergebnis nach Steuern mit 25,0\u00a0Millionen Euro von Corona-bedingten Marktverwerfungen gepr\u00e4gt. Anpasste Ergebniserwartung f\u00fcr das Gesamtjahr 2020 best\u00e4tigt. Vorstandsvorsitzender J\u00fcrgen A. Junker: \u201eW&amp;W profitiert jetzt von der umfassenden Digitalisierung und dem Aufbruch der vergangenen Jahre.\u201c Die W\u00fcstenrot &amp; W\u00fcrttembergische-Gruppe (W&amp;W) hat operativ ein gutes erstes Quartal verzeichnet. Trotz der [&hellip;]<\/p>\n","protected":false},"author":4,"featured_media":0,"comment_status":"closed","ping_status":"open","sticky":false,"template":"","format":"standard","meta":{"inline_featured_image":false,"_exactmetrics_skip_tracking":false,"_exactmetrics_sitenote_active":false,"_exactmetrics_sitenote_note":"","_exactmetrics_sitenote_category":0,"tdm_status":"","tdm_grid_status":"","footnotes":""},"categories":[479],"tags":[8875,5,68,9,1442],"class_list":{"0":"post-156134","1":"post","2":"type-post","3":"status-publish","4":"format-standard","6":"category-wirtschaft","7":"tag-die-webzeitung","8":"tag-internetzeitung","9":"tag-online-zeitung","10":"tag-schaumedia","11":"tag-ww"},"image_feature":null,"author_name":"Redaktion","pure_taxonomies":{"categories":[{"term_id":479,"name":"Wirtschaft","slug":"wirtschaft","term_group":0,"term_taxonomy_id":1941,"taxonomy":"category","description":"","parent":0,"count":390,"filter":"raw","image":""}],"tags":[{"term_id":8875,"name":"Die-Webzeitung","slug":"die-webzeitung","term_group":0,"term_taxonomy_id":8876,"taxonomy":"post_tag","description":"","parent":0,"count":4242,"filter":"raw","image":""},{"term_id":5,"name":"Internetzeitung","slug":"internetzeitung","term_group":0,"term_taxonomy_id":5,"taxonomy":"post_tag","description":"","parent":0,"count":1533,"filter":"raw","image":""},{"term_id":68,"name":"Online-Zeitung","slug":"online-zeitung","term_group":0,"term_taxonomy_id":69,"taxonomy":"post_tag","description":"","parent":0,"count":4191,"filter":"raw","image":""},{"term_id":9,"name":"SchauMedia","slug":"schaumedia","term_group":0,"term_taxonomy_id":9,"taxonomy":"post_tag","description":"","parent":0,"count":1582,"filter":"raw","image":""},{"term_id":1442,"name":"W&amp;W","slug":"ww","term_group":0,"term_taxonomy_id":1451,"taxonomy":"post_tag","description":"","parent":0,"count":85,"filter":"raw","image":""}]},"_links":{"self":[{"href":"https:\/\/die-webzeitung.de\/ludwigsburg\/wp-json\/wp\/v2\/posts\/156134","targetHints":{"allow":["GET"]}}],"collection":[{"href":"https:\/\/die-webzeitung.de\/ludwigsburg\/wp-json\/wp\/v2\/posts"}],"about":[{"href":"https:\/\/die-webzeitung.de\/ludwigsburg\/wp-json\/wp\/v2\/types\/post"}],"author":[{"embeddable":true,"href":"https:\/\/die-webzeitung.de\/ludwigsburg\/wp-json\/wp\/v2\/users\/4"}],"replies":[{"embeddable":true,"href":"https:\/\/die-webzeitung.de\/ludwigsburg\/wp-json\/wp\/v2\/comments?post=156134"}],"version-history":[{"count":2,"href":"https:\/\/die-webzeitung.de\/ludwigsburg\/wp-json\/wp\/v2\/posts\/156134\/revisions"}],"predecessor-version":[{"id":156136,"href":"https:\/\/die-webzeitung.de\/ludwigsburg\/wp-json\/wp\/v2\/posts\/156134\/revisions\/156136"}],"wp:attachment":[{"href":"https:\/\/die-webzeitung.de\/ludwigsburg\/wp-json\/wp\/v2\/media?parent=156134"}],"wp:term":[{"taxonomy":"category","embeddable":true,"href":"https:\/\/die-webzeitung.de\/ludwigsburg\/wp-json\/wp\/v2\/categories?post=156134"},{"taxonomy":"post_tag","embeddable":true,"href":"https:\/\/die-webzeitung.de\/ludwigsburg\/wp-json\/wp\/v2\/tags?post=156134"}],"curies":[{"name":"wp","href":"https:\/\/api.w.org\/{rel}","templated":true}]}}