{"id":155919,"date":"2020-04-24T16:47:45","date_gmt":"2020-04-24T15:47:45","guid":{"rendered":"https:\/\/die-webzeitung.de\/ludwigsburg\/?p=155919"},"modified":"2020-04-24T16:47:45","modified_gmt":"2020-04-24T15:47:45","slug":"dfb-praesidium-verlegt-termin-des-pokalendspiels","status":"publish","type":"post","link":"https:\/\/die-webzeitung.de\/ludwigsburg\/2020\/04\/24\/dfb-praesidium-verlegt-termin-des-pokalendspiels\/","title":{"rendered":"DFB-Pr\u00e4sidium verlegt Termin des Pokalendspiels"},"content":{"rendered":"<p style=\"text-align: justify;\">Das Pr\u00e4sidium des Deutschen Fu\u00dfball-Bundes (DFB) hat sich auf seiner Sitzung am heutigen Freitag mit den Auswirkungen der Corona-Pandemie befasst und entschieden, das DFB-Pokalfinale terminlich zu verlegen. Urspr\u00fcnglich sollte das Spiel am 23. Mai im Berliner Olympiastadion ausgetragen werden und damit wie gewohnt den Abschluss der Saison in Deutschland bilden. Vor dem Hintergrund des aktuell ruhenden Spielbetriebs in Deutschland und der offenen Frage, wann dieser fortgesetzt wird, bleiben die Termine f\u00fcr das DFB-Pokalfinale und die beiden Halbfinalspiele aktuell vakant.<\/p>\n<p style=\"text-align: justify;\">Ziel ist unver\u00e4ndert, die Saison 2019\/2020 bis zum 30. Juni zu beenden. F\u00fcr den DFB-Pokal gilt selbstverst\u00e4ndlich, was f\u00fcr die Wiederaufnahme des Spielbetriebs grunds\u00e4tzlich gilt: Ma\u00dfgeblich sind die Zustimmung der zust\u00e4ndigen Beh\u00f6rden und die Einhaltung entsprechender Vorgaben f\u00fcr m\u00f6gliche Spiele ohne Zuschauer.<\/p>\n<p style=\"text-align: justify;\">DFB-Pr\u00e4sident Fritz Keller sagt: \u201cGerade das DFB-Pokalfinale als glanzvoller Schluss- und H\u00f6hepunkt einer jeden Saison lebt von der einzigartigen Stimmung im Stadion und vom Flair in Berlin, und beides wird durch die Fans vor Ort entscheidend gepr\u00e4gt. Insofern ist es \u00fcberaus bedauerlich, dass auch dieses besondere Spiel aller Voraussicht nach ohne Zuschauer im Stadion stattfinden muss, wobei wir selbstverst\u00e4ndlich zun\u00e4chst die generellen beh\u00f6rdlichen Entscheidungen und Vorgaben abzuwarten haben. Unter der Voraussetzung, dass das Spiel genehmigt wird, blicken wir dann erstmals in der Geschichte des DFB-Pokals sozusagen einem Wohnzimmer-Finale entgegen. Denn immerhin wird das Spiel ja im frei empfangbaren Fernsehen f\u00fcr jedermann zu sehen sein.\u201d<\/p>\n<p style=\"text-align: justify;\">Informationen f\u00fcr Ticketing- und Hospitalitykunden teilt der DFB auf seinem Ticketportal mit.<\/p>\n<hr \/>\n<p style=\"text-align: justify;\">\n","protected":false},"excerpt":{"rendered":"<p>Das Pr\u00e4sidium des Deutschen Fu\u00dfball-Bundes (DFB) hat sich auf seiner Sitzung am heutigen Freitag mit den Auswirkungen der Corona-Pandemie befasst und entschieden, das DFB-Pokalfinale terminlich zu verlegen. Urspr\u00fcnglich sollte das Spiel am 23. Mai im Berliner Olympiastadion ausgetragen werden und damit wie gewohnt den Abschluss der Saison in Deutschland bilden. Vor dem Hintergrund des aktuell [&hellip;]<\/p>\n","protected":false},"author":4,"featured_media":0,"comment_status":"closed","ping_status":"open","sticky":false,"template":"","format":"standard","meta":{"inline_featured_image":false,"_exactmetrics_skip_tracking":false,"_exactmetrics_sitenote_active":false,"_exactmetrics_sitenote_note":"","_exactmetrics_sitenote_category":0,"tdm_status":"","tdm_grid_status":"","footnotes":""},"categories":[59,110],"tags":[618,8875,4267,5,68,2073,9],"class_list":{"0":"post-155919","1":"post","2":"type-post","3":"status-publish","4":"format-standard","6":"category-aktuell","7":"category-sport","8":"tag-dfb","9":"tag-die-webzeitung","10":"tag-finale","11":"tag-internetzeitung","12":"tag-online-zeitung","13":"tag-pokal","14":"tag-schaumedia"},"image_feature":null,"author_name":"Redaktion","pure_taxonomies":{"categories":[{"term_id":59,"name":"Aktuell","slug":"aktuell","term_group":0,"term_taxonomy_id":60,"taxonomy":"category","description":"","parent":0,"count":1175,"filter":"raw","image":""},{"term_id":110,"name":"Sport","slug":"sport","term_group":0,"term_taxonomy_id":112,"taxonomy":"category","description":"Sportberichte","parent":0,"count":1114,"filter":"raw","image":""}],"tags":[{"term_id":618,"name":"DFB","slug":"dfb","term_group":0,"term_taxonomy_id":626,"taxonomy":"post_tag","description":"","parent":0,"count":48,"filter":"raw","image":""},{"term_id":8875,"name":"Die-Webzeitung","slug":"die-webzeitung","term_group":0,"term_taxonomy_id":8876,"taxonomy":"post_tag","description":"","parent":0,"count":4249,"filter":"raw","image":""},{"term_id":4267,"name":"Finale","slug":"finale","term_group":0,"term_taxonomy_id":4282,"taxonomy":"post_tag","description":"","parent":0,"count":1,"filter":"raw","image":""},{"term_id":5,"name":"Internetzeitung","slug":"internetzeitung","term_group":0,"term_taxonomy_id":5,"taxonomy":"post_tag","description":"","parent":0,"count":1533,"filter":"raw","image":""},{"term_id":68,"name":"Online-Zeitung","slug":"online-zeitung","term_group":0,"term_taxonomy_id":69,"taxonomy":"post_tag","description":"","parent":0,"count":4198,"filter":"raw","image":""},{"term_id":2073,"name":"Pokal","slug":"pokal","term_group":0,"term_taxonomy_id":2085,"taxonomy":"post_tag","description":"","parent":0,"count":15,"filter":"raw","image":""},{"term_id":9,"name":"SchauMedia","slug":"schaumedia","term_group":0,"term_taxonomy_id":9,"taxonomy":"post_tag","description":"","parent":0,"count":1582,"filter":"raw","image":""}]},"_links":{"self":[{"href":"https:\/\/die-webzeitung.de\/ludwigsburg\/wp-json\/wp\/v2\/posts\/155919","targetHints":{"allow":["GET"]}}],"collection":[{"href":"https:\/\/die-webzeitung.de\/ludwigsburg\/wp-json\/wp\/v2\/posts"}],"about":[{"href":"https:\/\/die-webzeitung.de\/ludwigsburg\/wp-json\/wp\/v2\/types\/post"}],"author":[{"embeddable":true,"href":"https:\/\/die-webzeitung.de\/ludwigsburg\/wp-json\/wp\/v2\/users\/4"}],"replies":[{"embeddable":true,"href":"https:\/\/die-webzeitung.de\/ludwigsburg\/wp-json\/wp\/v2\/comments?post=155919"}],"version-history":[{"count":1,"href":"https:\/\/die-webzeitung.de\/ludwigsburg\/wp-json\/wp\/v2\/posts\/155919\/revisions"}],"predecessor-version":[{"id":155920,"href":"https:\/\/die-webzeitung.de\/ludwigsburg\/wp-json\/wp\/v2\/posts\/155919\/revisions\/155920"}],"wp:attachment":[{"href":"https:\/\/die-webzeitung.de\/ludwigsburg\/wp-json\/wp\/v2\/media?parent=155919"}],"wp:term":[{"taxonomy":"category","embeddable":true,"href":"https:\/\/die-webzeitung.de\/ludwigsburg\/wp-json\/wp\/v2\/categories?post=155919"},{"taxonomy":"post_tag","embeddable":true,"href":"https:\/\/die-webzeitung.de\/ludwigsburg\/wp-json\/wp\/v2\/tags?post=155919"}],"curies":[{"name":"wp","href":"https:\/\/api.w.org\/{rel}","templated":true}]}}