{"id":155552,"date":"2020-03-23T15:37:10","date_gmt":"2020-03-23T14:37:10","guid":{"rendered":"https:\/\/die-webzeitung.de\/ludwigsburg\/?p=155552"},"modified":"2020-03-23T15:37:10","modified_gmt":"2020-03-23T14:37:10","slug":"landkreis-und-rems-murr-kliniken-schaffen-bettenreserve","status":"publish","type":"post","link":"https:\/\/die-webzeitung.de\/ludwigsburg\/2020\/03\/23\/landkreis-und-rems-murr-kliniken-schaffen-bettenreserve\/","title":{"rendered":"Landkreis und Rems-Murr-Kliniken schaffen Bettenreserve"},"content":{"rendered":"<h5 style=\"text-align: justify;\"><strong>Teile der Hotelanlage Sonnenhof in Aspach werden als Reserveeinrichtung f\u00fcr Nicht-Corona-Infizierte vorbereitet<\/strong><\/h5>\n<p style=\"text-align: justify;\">Rems-Murr-Kreis.| Der Krisenstab der Rems-Murr-Kliniken hat in enger Abstimmung mit dem Landkreis, der Gemeinde Aspach und dem Rettungsdienst entschieden, Teile der Hotelanlage Sonnenhof in Aspach in der Corona-Krise als Reserveeinrichtung mit bis 100 Betten zu nutzen. Dadurch sollen ausreichend Bettenkapazit\u00e4ten f\u00fcr Covid19-Patienten in den beiden Rems-Murr-Kliniken Winnenden und Schorndorf freigemacht werden. Die Entscheidung des Krisenstabes ist eine Reaktion auf weiter steigende Corona-Fallzahlen im Kreis und die zunehmende Inanspruchnahme der station\u00e4ren Krankenhausversorgung durch Covid19-Patienten.<\/p>\n<p style=\"text-align: justify;\">Das Hotel Sonnenhof wird vor allem der Kurzeitpflege dienen und nicht der Behandlung von Corona-Patienten. Es besteht ein gro\u00dfer Bedarf, denn aufgrund des Corona-Virus nehmen derzeit auch die Senioren- und Altenpflegeeinrichtungen ihre Bewohner nicht mehr auf \u2013 es gilt ein Aufnahmestopp. Die baden-w\u00fcrttembergische Krankenhausgesellschaft empfiehlt eine zweiw\u00f6chige Karenzzeit. Das sorgt f\u00fcr Engp\u00e4sse, denn der Rems-Murr-Kreis hat mit die geringste Krankenhausbettendichte im Land.<\/p>\n<p style=\"text-align: justify;\">In einem Kraftakt haben die Rems-Murr-Kliniken die Beatmungspl\u00e4tze in den letzten Tagen nicht nur verdoppelt, sondern auf bis zu 85 Beatmungspl\u00e4tze nahezu verdreifacht.<\/p>\n<p style=\"text-align: justify;\">\u201eOb die Kapazit\u00e4ten ausreichen ist dennoch schwer zu prognostizieren\u201c, so der Gesch\u00e4ftsf\u00fchrer Dr. Marc Nickel. \u201eUnser Ziel ist aber seit Wochen, gut ger\u00fcstet zu sein, sollten die Fallzahlen sprunghaft steigen. Wir werden daher vor allem \u00e4ltere Patienten, die nicht an dem Corona-Virus erkrankt sind, aber noch einer medizinischen Pflege bed\u00fcrfen, fr\u00fchzeitig aus den Rems-Murr-Kliniken verlegen. Zum einen, um diese Patienten zu sch\u00fctzen, zum anderen, um uns in den Kliniken auf die Behandlung von Covid-Patienten konzentrieren zu k\u00f6nnen\u201c.<\/p>\n<p style=\"text-align: justify;\">\u201eNach ersten Gespr\u00e4chen mit Vertretern der Kliniken und des Landratsamtes wurde die Situation intern besprochen. Besitzerfamilie, Gesch\u00e4ftsleitung und Mitarbeiter waren sich sofort dar\u00fcber einig, dass sie selbstverst\u00e4ndlich in dieser Krisenzeit im Rahmen ihrer M\u00f6glichkeiten helfen\u201c, sagt Katrin Boysen-Ferber, Mitglied der Gesch\u00e4ftsleitung des Hotel Sonnenhof.<\/p>\n<p style=\"text-align: justify;\">Auch die Gemeinde Aspach unterst\u00fctzt dieses Vorgehen. \u201eSolidarit\u00e4t ist das Gebot der Stunde. Wir sehen die Bereitschaft der Gesch\u00e4ftsf\u00fchrung des Hotel Sonnenhofs als vorbildlichen Akt der Menschlichkeit in dieser Extremsituation\u201c, so B\u00fcrgermeisterin Sabine Welte-Hauff.<\/p>\n<p style=\"text-align: justify;\">Der Entscheidung der Experten vorausgegangen war eine Pr\u00fcfung unterschiedlicher Objekte und Szenarien. Die Experten des Corona-Therapieteams, des Rettungsdienstes und Landratsamts haben im Vorfeld der Entscheidung unterschiedliche Konzepte durchgespielt und bewertet. Jutta Franz, stellvertretende Sprecherin der leitenden Not\u00e4rzte im Kreis, war am Ende aber \u00fcberzeugt: \u201eDie Bedingungen am Sonnenhof sind f\u00fcr den angedachten Zweck bestens geeignet. Wir haben hier alles. Wir k\u00f6nnen die gesamte Infrastruktur nutzen. Mitgebracht werden muss nur das Pflegepersonal und die \u00e4rztliche Betreuung muss organisiert werden. Der Betrieb kann daher umgehend aufgenommen werden.\u201c Das war letztlich ein wesentliches Argument daf\u00fcr, nicht auf die Ert\u00fcchtigung stillgelegter Hotels oder Pflegeheime zu setzen.<\/p>\n<p style=\"text-align: justify;\">\u201eDas Pflegepersonal wird in erster Linie \u00fcber die Krankenpflegeschule zur Verf\u00fcgung gestellt, die zu diesem Zweck de facto auf den Sonnenhof umziehen wird. \u00c4rztliche Unterst\u00fctzung hat uns die Kreis\u00e4rzteschaft bereits bei der ersten Begehung zugesagt\u201c, berichtet Stefan Gr\u00e4ter, der die intensivmedizinische Pflege in der Rems-Murr-Klinik Winnenden verantwortet und die Konzeption mit entwickelt hat.<\/p>\n<p style=\"text-align: justify;\">\u201eMit den Reservekapazit\u00e4ten im Backnanger Raum, eng verzahnt mit den Rems-Murr-Kliniken und abgestimmt mit dem Rettungsdienst, sind wir f\u00fcr den Ernstfall gut aufgestellt\u201c, kommentiert Landrat Dr. Richard Sigel das \u201eReservekrankenhaus Sonnenhof\u201c. In der Hoffnung, dass sowohl dem Land als auch dem Landkreis Zust\u00e4nde wie in Italien erspart bleiben, wolle man sich im Rems-Murr-Kreis fr\u00fchzeitig und bestm\u00f6glich wappnen.<\/p>\n<p style=\"text-align: justify;\">Tagesaktuelle Informationen zum Corona-Virus gibt es auf der Website des Landkreises: <a href=\"http:\/\/www.rems-murr-kreis.de\" target=\"_blank\" rel=\"noopener noreferrer\" data-saferedirecturl=\"https:\/\/www.google.com\/url?q=http:\/\/www.rems-murr-kreis.de&amp;source=gmail&amp;ust=1585059649287000&amp;usg=AFQjCNFzzkdgbiB90mo1f5ncVXjDuCHGuw\">www.rems-murr-kreis.de<\/a><\/p>\n<p style=\"text-align: justify;\">Weitere Informationen zu den Rems-Murr-Kliniken gibt es im Internet auf <a href=\"http:\/\/www.rems-murr-kliniken.de\" target=\"_blank\" rel=\"noopener noreferrer\" data-saferedirecturl=\"https:\/\/www.google.com\/url?q=http:\/\/www.rems-murr-kliniken.de&amp;source=gmail&amp;ust=1585059649287000&amp;usg=AFQjCNELgcYbokm9IVc5OYNMppUtvAsnsQ\">www.rems-murr-kliniken.de<\/a><\/p>\n<hr \/>\n<p style=\"text-align: justify;\">\n","protected":false},"excerpt":{"rendered":"<p>Teile der Hotelanlage Sonnenhof in Aspach werden als Reserveeinrichtung f\u00fcr Nicht-Corona-Infizierte vorbereitet Rems-Murr-Kreis.| Der Krisenstab der Rems-Murr-Kliniken hat in enger Abstimmung mit dem Landkreis, der Gemeinde Aspach und dem Rettungsdienst entschieden, Teile der Hotelanlage Sonnenhof in Aspach in der Corona-Krise als Reserveeinrichtung mit bis 100 Betten zu nutzen. Dadurch sollen ausreichend Bettenkapazit\u00e4ten f\u00fcr Covid19-Patienten in [&hellip;]<\/p>\n","protected":false},"author":4,"featured_media":0,"comment_status":"closed","ping_status":"open","sticky":false,"template":"","format":"standard","meta":{"inline_featured_image":false,"_exactmetrics_skip_tracking":false,"_exactmetrics_sitenote_active":false,"_exactmetrics_sitenote_note":"","_exactmetrics_sitenote_category":0,"tdm_status":"","tdm_grid_status":"","footnotes":""},"categories":[165],"tags":[8875,5,68,1620,9,4933],"class_list":{"0":"post-155552","1":"post","2":"type-post","3":"status-publish","4":"format-standard","6":"category-kreis-rems-murr","7":"tag-die-webzeitung","8":"tag-internetzeitung","9":"tag-online-zeitung","10":"tag-rems-murr","11":"tag-schaumedia","12":"tag-sonnenhof"},"image_feature":null,"author_name":"Redaktion","pure_taxonomies":{"categories":[{"term_id":165,"name":"Rems-Murr Kreis","slug":"kreis-rems-murr","term_group":0,"term_taxonomy_id":167,"taxonomy":"category","description":"","parent":171,"count":235,"filter":"raw","image":""}],"tags":[{"term_id":8875,"name":"Die-Webzeitung","slug":"die-webzeitung","term_group":0,"term_taxonomy_id":8876,"taxonomy":"post_tag","description":"","parent":0,"count":4254,"filter":"raw","image":""},{"term_id":5,"name":"Internetzeitung","slug":"internetzeitung","term_group":0,"term_taxonomy_id":5,"taxonomy":"post_tag","description":"","parent":0,"count":1533,"filter":"raw","image":""},{"term_id":68,"name":"Online-Zeitung","slug":"online-zeitung","term_group":0,"term_taxonomy_id":69,"taxonomy":"post_tag","description":"","parent":0,"count":4203,"filter":"raw","image":""},{"term_id":1620,"name":"Rems-Murr","slug":"rems-murr","term_group":0,"term_taxonomy_id":1629,"taxonomy":"post_tag","description":"","parent":0,"count":251,"filter":"raw","image":""},{"term_id":9,"name":"SchauMedia","slug":"schaumedia","term_group":0,"term_taxonomy_id":9,"taxonomy":"post_tag","description":"","parent":0,"count":1582,"filter":"raw","image":""},{"term_id":4933,"name":"Sonnenhof","slug":"sonnenhof","term_group":0,"term_taxonomy_id":4950,"taxonomy":"post_tag","description":"","parent":0,"count":1,"filter":"raw","image":""}]},"_links":{"self":[{"href":"https:\/\/die-webzeitung.de\/ludwigsburg\/wp-json\/wp\/v2\/posts\/155552","targetHints":{"allow":["GET"]}}],"collection":[{"href":"https:\/\/die-webzeitung.de\/ludwigsburg\/wp-json\/wp\/v2\/posts"}],"about":[{"href":"https:\/\/die-webzeitung.de\/ludwigsburg\/wp-json\/wp\/v2\/types\/post"}],"author":[{"embeddable":true,"href":"https:\/\/die-webzeitung.de\/ludwigsburg\/wp-json\/wp\/v2\/users\/4"}],"replies":[{"embeddable":true,"href":"https:\/\/die-webzeitung.de\/ludwigsburg\/wp-json\/wp\/v2\/comments?post=155552"}],"version-history":[{"count":1,"href":"https:\/\/die-webzeitung.de\/ludwigsburg\/wp-json\/wp\/v2\/posts\/155552\/revisions"}],"predecessor-version":[{"id":155553,"href":"https:\/\/die-webzeitung.de\/ludwigsburg\/wp-json\/wp\/v2\/posts\/155552\/revisions\/155553"}],"wp:attachment":[{"href":"https:\/\/die-webzeitung.de\/ludwigsburg\/wp-json\/wp\/v2\/media?parent=155552"}],"wp:term":[{"taxonomy":"category","embeddable":true,"href":"https:\/\/die-webzeitung.de\/ludwigsburg\/wp-json\/wp\/v2\/categories?post=155552"},{"taxonomy":"post_tag","embeddable":true,"href":"https:\/\/die-webzeitung.de\/ludwigsburg\/wp-json\/wp\/v2\/tags?post=155552"}],"curies":[{"name":"wp","href":"https:\/\/api.w.org\/{rel}","templated":true}]}}