{"id":155171,"date":"2020-02-20T17:59:50","date_gmt":"2020-02-20T16:59:50","guid":{"rendered":"https:\/\/die-webzeitung.de\/ludwigsburg\/?p=155171"},"modified":"2020-02-20T18:02:24","modified_gmt":"2020-02-20T17:02:24","slug":"kommunale-migrantenvertretungen-verurteilen-rechtsterroristische-morde-in-hanau","status":"publish","type":"post","link":"https:\/\/die-webzeitung.de\/ludwigsburg\/2020\/02\/20\/kommunale-migrantenvertretungen-verurteilen-rechtsterroristische-morde-in-hanau\/","title":{"rendered":"Kommunale Migrantenvertretungen verurteilen rechtsterroristische Morde in Hanau"},"content":{"rendered":"<h5 style=\"text-align: justify;\"><strong>Entschiedenes Vorgehen gegen rechte Gewalt gefordert<\/strong><\/h5>\n<p style=\"text-align: justify;\">Der Landesverband der kommunalen Migrantenvertretungen Baden-W\u00fcrttemberg (LAKA) ist best\u00fcrzt \u00fcber die rechtsterroristischen Morde am gestrigen Abend in Hanau und verurteilt die Tat auf das \u00c4u\u00dferste.<\/p>\n<p style=\"text-align: justify;\">Nach der unzureichenden Aufdeckung der NSU-Morde, der Ermordung des Politikers Walter L\u00fcbcke, den Morden in Halle und den Verhaftungen von Rechtsterroristen, die Anschl\u00e4ge auf Moscheen planten, ist der gestrige Anschlag ein neuer, schrecklicher H\u00f6hepunkt rechter Gewalttaten in Deutschland.<\/p>\n<p style=\"text-align: justify;\">Wir fordern ein gemeinsames Eintreten aller gesellschaftlichen, politischen und medialen Kr\u00e4fte gegen diese Entwicklungen, die T\u00e4ter und deren geistige Mitt\u00e4ter.<\/p>\n<p style=\"text-align: justify;\">Rechtsterroristische Zellen m\u00fcssen schnellstens ausfindig gemacht werden und mit allen Mitteln des Rechtsstaats bek\u00e4mpft werden. Die Sicherheit aller in diesem Land lebenden Menschen muss uneingeschr\u00e4nkt gew\u00e4hrleistet werden. Die Toleranz rechtsextremistischer Hetze in der Politik und den sozialen Medien, das Lamentieren \u00fcber &#8220;Einzelt\u00e4ter&#8221; und das Verharmlosen als &#8220;Schie\u00dferei&#8221; m\u00fcssen ein Ende haben.<\/p>\n<p style=\"text-align: justify;\">Diese Taten sind gezielte Angriffe auf unsere vielf\u00e4ltige Gesellschaft und das friedliche Zusammenleben in Deutschland!<\/p>\n<p style=\"text-align: justify;\">Der LAKA als partei\u00fcbergreifender, \u00fcberethnischer und \u00fcberkonfessioneller Verband vertritt die kommunalen Migrantenvertretungen in Baden-W\u00fcrttemberg.<\/p>\n<p style=\"text-align: justify;\">Der LAKA ist legitimierter Ansprechpartner der Landesregierung (PartIntG BW \u00a7 10) und des Landtages, aller relevanten Organisationen auf Landesebene, vergleichbarer Migrantengremien in anderen Bundesl\u00e4ndern und dem Bundeszuwanderungs- und Integrationsrat (BZI).<\/p>\n<p style=\"text-align: justify;\">Er setzt sich seit seiner Gr\u00fcndung 1998 auf politischer Ebene f\u00fcr die konstruktive Zusammenarbeit und Verst\u00e4ndigung zwischen baden-w\u00fcrttembergischen Einwohnerinnen und Einwohnern unterschiedlicher Herkunft ein.<\/p>\n<p style=\"text-align: justify;\">Wichtige Forderungen des LAKA sind das kommunale Wahlrecht f\u00fcr alle Einwohnerinnen und Einwohner Baden-W\u00fcrttembergs, sowie die Einf\u00fchrung des herkunftssprachlichen Unterrichtes unter staatlicher Aufsicht an den Schulen in Baden-W\u00fcrttemberg.<\/p>\n<hr \/>\n<p style=\"text-align: justify;\">\n","protected":false},"excerpt":{"rendered":"<p>Entschiedenes Vorgehen gegen rechte Gewalt gefordert Der Landesverband der kommunalen Migrantenvertretungen Baden-W\u00fcrttemberg (LAKA) ist best\u00fcrzt \u00fcber die rechtsterroristischen Morde am gestrigen Abend in Hanau und verurteilt die Tat auf das \u00c4u\u00dferste. Nach der unzureichenden Aufdeckung der NSU-Morde, der Ermordung des Politikers Walter L\u00fcbcke, den Morden in Halle und den Verhaftungen von Rechtsterroristen, die Anschl\u00e4ge auf [&hellip;]<\/p>\n","protected":false},"author":4,"featured_media":0,"comment_status":"closed","ping_status":"open","sticky":false,"template":"","format":"standard","meta":{"inline_featured_image":false,"_exactmetrics_skip_tracking":false,"_exactmetrics_sitenote_active":false,"_exactmetrics_sitenote_note":"","_exactmetrics_sitenote_category":0,"tdm_status":"","tdm_grid_status":"","footnotes":""},"categories":[59,2402],"tags":[8875,11021,5,680,68,9],"class_list":{"0":"post-155171","1":"post","2":"type-post","3":"status-publish","4":"format-standard","6":"category-aktuell","7":"category-baden-wuerttemberg","8":"tag-die-webzeitung","9":"tag-hanau","10":"tag-internetzeitung","11":"tag-mord","12":"tag-online-zeitung","13":"tag-schaumedia"},"image_feature":null,"author_name":"Redaktion","pure_taxonomies":{"categories":[{"term_id":59,"name":"Aktuell","slug":"aktuell","term_group":0,"term_taxonomy_id":60,"taxonomy":"category","description":"","parent":0,"count":1175,"filter":"raw","image":""},{"term_id":2402,"name":"Baden-W\u00fcrttemberg","slug":"baden-wuerttemberg","term_group":0,"term_taxonomy_id":2414,"taxonomy":"category","description":"","parent":171,"count":248,"filter":"raw","image":""}],"tags":[{"term_id":8875,"name":"Die-Webzeitung","slug":"die-webzeitung","term_group":0,"term_taxonomy_id":8876,"taxonomy":"post_tag","description":"","parent":0,"count":4249,"filter":"raw","image":""},{"term_id":11021,"name":"Hanau","slug":"hanau","term_group":0,"term_taxonomy_id":11022,"taxonomy":"post_tag","description":"","parent":0,"count":1,"filter":"raw","image":""},{"term_id":5,"name":"Internetzeitung","slug":"internetzeitung","term_group":0,"term_taxonomy_id":5,"taxonomy":"post_tag","description":"","parent":0,"count":1533,"filter":"raw","image":""},{"term_id":680,"name":"Mord","slug":"mord","term_group":0,"term_taxonomy_id":688,"taxonomy":"post_tag","description":"","parent":0,"count":2,"filter":"raw","image":""},{"term_id":68,"name":"Online-Zeitung","slug":"online-zeitung","term_group":0,"term_taxonomy_id":69,"taxonomy":"post_tag","description":"","parent":0,"count":4198,"filter":"raw","image":""},{"term_id":9,"name":"SchauMedia","slug":"schaumedia","term_group":0,"term_taxonomy_id":9,"taxonomy":"post_tag","description":"","parent":0,"count":1582,"filter":"raw","image":""}]},"_links":{"self":[{"href":"https:\/\/die-webzeitung.de\/ludwigsburg\/wp-json\/wp\/v2\/posts\/155171","targetHints":{"allow":["GET"]}}],"collection":[{"href":"https:\/\/die-webzeitung.de\/ludwigsburg\/wp-json\/wp\/v2\/posts"}],"about":[{"href":"https:\/\/die-webzeitung.de\/ludwigsburg\/wp-json\/wp\/v2\/types\/post"}],"author":[{"embeddable":true,"href":"https:\/\/die-webzeitung.de\/ludwigsburg\/wp-json\/wp\/v2\/users\/4"}],"replies":[{"embeddable":true,"href":"https:\/\/die-webzeitung.de\/ludwigsburg\/wp-json\/wp\/v2\/comments?post=155171"}],"version-history":[{"count":1,"href":"https:\/\/die-webzeitung.de\/ludwigsburg\/wp-json\/wp\/v2\/posts\/155171\/revisions"}],"predecessor-version":[{"id":155172,"href":"https:\/\/die-webzeitung.de\/ludwigsburg\/wp-json\/wp\/v2\/posts\/155171\/revisions\/155172"}],"wp:attachment":[{"href":"https:\/\/die-webzeitung.de\/ludwigsburg\/wp-json\/wp\/v2\/media?parent=155171"}],"wp:term":[{"taxonomy":"category","embeddable":true,"href":"https:\/\/die-webzeitung.de\/ludwigsburg\/wp-json\/wp\/v2\/categories?post=155171"},{"taxonomy":"post_tag","embeddable":true,"href":"https:\/\/die-webzeitung.de\/ludwigsburg\/wp-json\/wp\/v2\/tags?post=155171"}],"curies":[{"name":"wp","href":"https:\/\/api.w.org\/{rel}","templated":true}]}}