{"id":155040,"date":"2020-02-12T18:13:15","date_gmt":"2020-02-12T17:13:15","guid":{"rendered":"https:\/\/die-webzeitung.de\/ludwigsburg\/?p=155040"},"modified":"2020-02-12T18:13:15","modified_gmt":"2020-02-12T17:13:15","slug":"2020-deutsche-bahn-plant-ca-2740-einstellungen-in-baden-wuerttemberg","status":"publish","type":"post","link":"https:\/\/die-webzeitung.de\/ludwigsburg\/2020\/02\/12\/2020-deutsche-bahn-plant-ca-2740-einstellungen-in-baden-wuerttemberg\/","title":{"rendered":"2020: Deutsche Bahn plant ca. 2740 Einstellungen in Baden-W\u00fcrttemberg"},"content":{"rendered":"<ul>\n<li><strong>Bundesweit 25.000 neue Mitarbeiterinnen und Mitarbeiter gesucht<\/strong><\/li>\n<li><strong>Lokf\u00fchrer, Instandhalter und Fahrdienstleiter weiterhin stark nachgefragt<\/strong><\/li>\n<\/ul>\n<p style=\"text-align: justify;\">Stuttgart\/Berlin, 12. Februar 2020.| Einstellungsoffensive auf Rekordniveau geht weiter: Die Deutsche Bahn will in diesem Jahr alleine in Baden-W\u00fcrttemberg neue Mitarbeiterinnen und Mitarbeiter einstellen. Bundesweit sollen rund 25.000 neue KollegInnen und Kollegen an Bord geholt werden \u2013 inklusive 4700 Nachwuchskr\u00e4fte. Zum Vergleich: 2019 gab es in Deutschland mehr als 24.000 Einstellungen, 4200 davon waren Azubis.<\/p>\n<p style=\"text-align: justify;\">\u201eDie Deutsche Bahn hat sich ein m\u00e4chtiges Wachstumsprogramm auf die Fahnen geschrieben\u201c, sagt DB-Personalvorstand Martin Seiler, \u201edeutlich mehr Infrastruktur und mehr Z\u00fcge \u2013 und dazu geh\u00f6ren dann nat\u00fcrlich auch deutlich mehr Kolleginnen und Kollegen, die sich beispielsweise am Ausbau der Infrastruktur beteiligen oder eben auch die neuen Z\u00fcge fahren.\u201c<\/p>\n<p style=\"text-align: justify;\">Im Rahmen ihrer Strategie \u201eStarke Schiene\u201c plant die DB in den kommenden Jahren rund 100.000 Einstellungen. In Zeiten von konjunktureller Schw\u00e4che bauen andere Unternehmen Stellen ab, die Bahn baut Arbeitspl\u00e4tze auf. 500 verschiedene Berufsbilder gibt es, au\u00dferdem 50 Ausbildungsberufe.<\/p>\n<p style=\"text-align: justify;\">Hier die gr\u00f6\u00dften Berufsgruppen, in denen die DB einstellt, ausbildet und qualifiziert (inklusive Nachwuchskr\u00e4fte, bundesweit und nach Bundesland):<\/p>\n<p style=\"text-align: justify;\">&#8211; Lokf\u00fchrer (ca. 2300\/ca. 230)<br \/>\n&#8211; Fahrweginstandhalter (ca. 3300\/ca. 335)<br \/>\n&#8211; Fahrdienstleiter (ca. 2000\/ca. 290)<br \/>\n&#8211; Schienenfahrzeuginstandhalter (ca. 1500\/ca. 50)<br \/>\n&#8211; Servicemitarbeiter am Bahnhof (ca. 800\/ca. 100).<br \/>\n&#8211; Servicemitarbeiter im Zug (ca. 1100\/140)<br \/>\n&#8211; Busfahrer (ca. 1600\/ca. 280)<\/p>\n<p style=\"text-align: justify;\">Weitere Stellenausschreibungen gibt es u.a. f\u00fcr IT-Spezialisten, Ingenieure, Bauprojekte\/-\u00fcberwacher, Sicherheitsmitarbeiter, Reinigungskr\u00e4fte, Geb\u00e4ude- und Anlageninstandhalter, f\u00fcr B\u00fcromanagement, f\u00fcr Finanzexperten, Eink\u00e4ufer etc. Mehr Infos hier: <a href=\"https:\/\/karriere.deutschebahn.com\/karriere-de\" target=\"_blank\" rel=\"noopener noreferrer\">https:\/\/karriere.deutschebahn.com\/karriere-de<\/a><\/p>\n<hr \/>\n<p style=\"text-align: justify;\">\n","protected":false},"excerpt":{"rendered":"<p>Bundesweit 25.000 neue Mitarbeiterinnen und Mitarbeiter gesucht Lokf\u00fchrer, Instandhalter und Fahrdienstleiter weiterhin stark nachgefragt Stuttgart\/Berlin, 12. Februar 2020.| Einstellungsoffensive auf Rekordniveau geht weiter: Die Deutsche Bahn will in diesem Jahr alleine in Baden-W\u00fcrttemberg neue Mitarbeiterinnen und Mitarbeiter einstellen. Bundesweit sollen rund 25.000 neue KollegInnen und Kollegen an Bord geholt werden \u2013 inklusive 4700 Nachwuchskr\u00e4fte. Zum [&hellip;]<\/p>\n","protected":false},"author":4,"featured_media":0,"comment_status":"closed","ping_status":"open","sticky":false,"template":"","format":"standard","meta":{"inline_featured_image":false,"_exactmetrics_skip_tracking":false,"_exactmetrics_sitenote_active":false,"_exactmetrics_sitenote_note":"","_exactmetrics_sitenote_category":0,"tdm_status":"","tdm_grid_status":"","footnotes":""},"categories":[59,479],"tags":[4,111,8875,5,222,68,9],"class_list":{"0":"post-155040","1":"post","2":"type-post","3":"status-publish","4":"format-standard","6":"category-aktuell","7":"category-wirtschaft","8":"tag-baden-wurttemberg","9":"tag-bahn","10":"tag-die-webzeitung","11":"tag-internetzeitung","12":"tag-mitarbeiter","13":"tag-online-zeitung","14":"tag-schaumedia"},"image_feature":null,"author_name":"Redaktion","pure_taxonomies":{"categories":[{"term_id":59,"name":"Aktuell","slug":"aktuell","term_group":0,"term_taxonomy_id":60,"taxonomy":"category","description":"","parent":0,"count":1175,"filter":"raw","image":""},{"term_id":479,"name":"Wirtschaft","slug":"wirtschaft","term_group":0,"term_taxonomy_id":1941,"taxonomy":"category","description":"","parent":0,"count":391,"filter":"raw","image":""}],"tags":[{"term_id":4,"name":"Baden-W\u00fcrttemberg","slug":"baden-wurttemberg","term_group":0,"term_taxonomy_id":4,"taxonomy":"post_tag","description":"","parent":0,"count":140,"filter":"raw","image":""},{"term_id":111,"name":"Bahn","slug":"bahn","term_group":0,"term_taxonomy_id":113,"taxonomy":"post_tag","description":"","parent":0,"count":29,"filter":"raw","image":""},{"term_id":8875,"name":"Die-Webzeitung","slug":"die-webzeitung","term_group":0,"term_taxonomy_id":8876,"taxonomy":"post_tag","description":"","parent":0,"count":4249,"filter":"raw","image":""},{"term_id":5,"name":"Internetzeitung","slug":"internetzeitung","term_group":0,"term_taxonomy_id":5,"taxonomy":"post_tag","description":"","parent":0,"count":1533,"filter":"raw","image":""},{"term_id":222,"name":"Mitarbeiter","slug":"mitarbeiter","term_group":0,"term_taxonomy_id":226,"taxonomy":"post_tag","description":"","parent":0,"count":4,"filter":"raw","image":""},{"term_id":68,"name":"Online-Zeitung","slug":"online-zeitung","term_group":0,"term_taxonomy_id":69,"taxonomy":"post_tag","description":"","parent":0,"count":4198,"filter":"raw","image":""},{"term_id":9,"name":"SchauMedia","slug":"schaumedia","term_group":0,"term_taxonomy_id":9,"taxonomy":"post_tag","description":"","parent":0,"count":1582,"filter":"raw","image":""}]},"_links":{"self":[{"href":"https:\/\/die-webzeitung.de\/ludwigsburg\/wp-json\/wp\/v2\/posts\/155040","targetHints":{"allow":["GET"]}}],"collection":[{"href":"https:\/\/die-webzeitung.de\/ludwigsburg\/wp-json\/wp\/v2\/posts"}],"about":[{"href":"https:\/\/die-webzeitung.de\/ludwigsburg\/wp-json\/wp\/v2\/types\/post"}],"author":[{"embeddable":true,"href":"https:\/\/die-webzeitung.de\/ludwigsburg\/wp-json\/wp\/v2\/users\/4"}],"replies":[{"embeddable":true,"href":"https:\/\/die-webzeitung.de\/ludwigsburg\/wp-json\/wp\/v2\/comments?post=155040"}],"version-history":[{"count":1,"href":"https:\/\/die-webzeitung.de\/ludwigsburg\/wp-json\/wp\/v2\/posts\/155040\/revisions"}],"predecessor-version":[{"id":155041,"href":"https:\/\/die-webzeitung.de\/ludwigsburg\/wp-json\/wp\/v2\/posts\/155040\/revisions\/155041"}],"wp:attachment":[{"href":"https:\/\/die-webzeitung.de\/ludwigsburg\/wp-json\/wp\/v2\/media?parent=155040"}],"wp:term":[{"taxonomy":"category","embeddable":true,"href":"https:\/\/die-webzeitung.de\/ludwigsburg\/wp-json\/wp\/v2\/categories?post=155040"},{"taxonomy":"post_tag","embeddable":true,"href":"https:\/\/die-webzeitung.de\/ludwigsburg\/wp-json\/wp\/v2\/tags?post=155040"}],"curies":[{"name":"wp","href":"https:\/\/api.w.org\/{rel}","templated":true}]}}