{"id":154969,"date":"2020-02-11T10:21:27","date_gmt":"2020-02-11T09:21:27","guid":{"rendered":"https:\/\/die-webzeitung.de\/ludwigsburg\/?p=154969"},"modified":"2020-02-11T10:20:18","modified_gmt":"2020-02-11T09:20:18","slug":"montag-derzeit-kein-zugverkehr-in-baden-wuerttemberg","status":"publish","type":"post","link":"https:\/\/die-webzeitung.de\/ludwigsburg\/2020\/02\/11\/montag-derzeit-kein-zugverkehr-in-baden-wuerttemberg\/","title":{"rendered":"Keine witterungsbedingten Beeintr\u00e4chtigungen auf stark frequentierten Strecken"},"content":{"rendered":"<ul>\n<li style=\"text-align: justify;\"><span id=\"m_-830701358577302857text\"> <b>Fernverkehr und S-Bahn Stuttgart fahren mit planm\u00e4\u00dfigem Angebot<\/b><\/span><\/li>\n<li style=\"text-align: justify;\"><span id=\"m_-830701358577302857text\"><b>Im Regionalverkehr weiterhin starke Einschr\u00e4nkungen nach Sch\u00e4den durch Sturmtief Sabine<\/b><br \/>\n<\/span><\/li>\n<\/ul>\n<p style=\"text-align: justify;\"><span id=\"m_-830701358577302857text\"> Stuttgart, 11. Februar 2020, Stand: 6 Uhr.| Auf den stark frequentierten Bahnstrecken in Baden-W\u00fcrttemberg gibt es infolge des Sturmtiefs Sabine keine witterungsbedingten Beeintr\u00e4chtigungen mehr. Der Fernverkehr und die S-Bahn Stuttgart sind am Dienstagmorgen mit dem planm\u00e4\u00dfigen Angebot gestartet. Lediglich die IC-Z\u00fcge zwischen Stuttgart und Singen beginnen und enden noch vorzeitig in Tuttlingen.<\/span><\/p>\n<p style=\"text-align: justify;\">Im Regionalverkehr gibt es weiterhin noch starke Beeintr\u00e4chtigungen durch die Sch\u00e4den des Sturmtiefs. Folgende Bahnstrecken sind noch nicht befahrbar und bleiben zum Teil bis auf Weiteres gesperrt:<\/p>\n<ul style=\"text-align: justify;\">\n<li><span id=\"m_-830701358577302857text\">Die Schwarzwaldbahn zwischen Hornberg und St. Georgen, Hattingen und Engen sowie zwischen Singen (Htw) und Konstanz.<br \/>\n<\/span><\/li>\n<li><span id=\"m_-830701358577302857text\">Die H\u00f6llentalbahn zwischen H\u00fcfingen und Himmelreich.<br \/>\n<\/span><\/li>\n<li><span id=\"m_-830701358577302857text\">Die Dreiseenbahn zwischen Titisee und Seebrugg.<br \/>\n<\/span><\/li>\n<li><span id=\"m_-830701358577302857text\">Die G\u00e4ubahn ist zwischen Hattingen und Engen unterbrochen. (gemeinsamer Streckenabschnitt mit Schwarzwaldbahn siehe oben)<\/span><\/li>\n<\/ul>\n<p style=\"text-align: justify;\"><span id=\"m_-830701358577302857text\">Auf den gesperrten Strecken setzt die Deutsche Bahn heute die Arbeiten zur Erkundung und Beseitigung der St\u00f6rungen fort.<\/span><\/p>\n<p style=\"text-align: justify;\">Die DB bittet alle Reisenden um Verst\u00e4ndnis f\u00fcr die weiterhin andauernden Einschr\u00e4nkungen. Die kostenfreie Hotline unter der 08000 99 66 33 bleibt geschaltet. Die DB empfiehlt Reisenden, vor Fahrtbeginn ihre Verbindung \u00fcber <a href=\"http:\/\/bahn.de\/aktuell\" target=\"_blank\" rel=\"noopener noreferrer\" data-saferedirecturl=\"https:\/\/www.google.com\/url?q=http:\/\/bahn.de\/aktuell&amp;source=gmail&amp;ust=1581498668822000&amp;usg=AFQjCNHhDIEuqRQw1Hs0nXxyIhzV6j_qhw\">bahn.de\/aktuell<\/a> oder den DB Navigator zu pr\u00fcfen. Pendler im Regionalverkehr werden auch \u00fcber den DB Streckenagenten \u00fcber aktuelle Einschr\u00e4nkungen auf ihrer Verbindung informiert.<\/p>\n<p style=\"text-align: justify;\">Aktuelle Informationen f\u00fcr Redaktionen im Presseblog zum Sturmtief Sabine: <a href=\"https:\/\/www.deutschebahn.com\/presse\" target=\"_blank\" rel=\"noopener noreferrer\" data-saferedirecturl=\"https:\/\/www.google.com\/url?q=https:\/\/www.deutschebahn.com\/presse&amp;source=gmail&amp;ust=1581430106301000&amp;usg=AFQjCNFeuO_tAfZIcXbFqKDym8BWzRbVgQ\">https:\/\/www.deutschebahn.com\/<wbr \/>presse<\/a>.<\/p>\n<hr \/>\n<p style=\"text-align: justify;\">\n","protected":false},"excerpt":{"rendered":"<p>Fernverkehr und S-Bahn Stuttgart fahren mit planm\u00e4\u00dfigem Angebot Im Regionalverkehr weiterhin starke Einschr\u00e4nkungen nach Sch\u00e4den durch Sturmtief Sabine Stuttgart, 11. Februar 2020, Stand: 6 Uhr.| Auf den stark frequentierten Bahnstrecken in Baden-W\u00fcrttemberg gibt es infolge des Sturmtiefs Sabine keine witterungsbedingten Beeintr\u00e4chtigungen mehr. Der Fernverkehr und die S-Bahn Stuttgart sind am Dienstagmorgen mit dem planm\u00e4\u00dfigen Angebot [&hellip;]<\/p>\n","protected":false},"author":4,"featured_media":0,"comment_status":"closed","ping_status":"open","sticky":false,"template":"","format":"standard","meta":{"inline_featured_image":false,"_exactmetrics_skip_tracking":false,"_exactmetrics_sitenote_active":false,"_exactmetrics_sitenote_note":"","_exactmetrics_sitenote_category":0,"tdm_status":"","tdm_grid_status":"","footnotes":""},"categories":[59,2402],"tags":[4,111,8875,5,68,10999,9,11000,10998],"class_list":{"0":"post-154969","1":"post","2":"type-post","3":"status-publish","4":"format-standard","6":"category-aktuell","7":"category-baden-wuerttemberg","8":"tag-baden-wurttemberg","9":"tag-bahn","10":"tag-die-webzeitung","11":"tag-internetzeitung","12":"tag-online-zeitung","13":"tag-sabine","14":"tag-schaumedia","15":"tag-sturmtief","16":"tag-zugverkehr"},"image_feature":null,"author_name":"Redaktion","pure_taxonomies":{"categories":[{"term_id":59,"name":"Aktuell","slug":"aktuell","term_group":0,"term_taxonomy_id":60,"taxonomy":"category","description":"","parent":0,"count":1175,"filter":"raw","image":""},{"term_id":2402,"name":"Baden-W\u00fcrttemberg","slug":"baden-wuerttemberg","term_group":0,"term_taxonomy_id":2414,"taxonomy":"category","description":"","parent":171,"count":248,"filter":"raw","image":""}],"tags":[{"term_id":4,"name":"Baden-W\u00fcrttemberg","slug":"baden-wurttemberg","term_group":0,"term_taxonomy_id":4,"taxonomy":"post_tag","description":"","parent":0,"count":140,"filter":"raw","image":""},{"term_id":111,"name":"Bahn","slug":"bahn","term_group":0,"term_taxonomy_id":113,"taxonomy":"post_tag","description":"","parent":0,"count":29,"filter":"raw","image":""},{"term_id":8875,"name":"Die-Webzeitung","slug":"die-webzeitung","term_group":0,"term_taxonomy_id":8876,"taxonomy":"post_tag","description":"","parent":0,"count":4249,"filter":"raw","image":""},{"term_id":5,"name":"Internetzeitung","slug":"internetzeitung","term_group":0,"term_taxonomy_id":5,"taxonomy":"post_tag","description":"","parent":0,"count":1533,"filter":"raw","image":""},{"term_id":68,"name":"Online-Zeitung","slug":"online-zeitung","term_group":0,"term_taxonomy_id":69,"taxonomy":"post_tag","description":"","parent":0,"count":4198,"filter":"raw","image":""},{"term_id":10999,"name":"Sabine","slug":"sabine","term_group":0,"term_taxonomy_id":11000,"taxonomy":"post_tag","description":"","parent":0,"count":1,"filter":"raw","image":""},{"term_id":9,"name":"SchauMedia","slug":"schaumedia","term_group":0,"term_taxonomy_id":9,"taxonomy":"post_tag","description":"","parent":0,"count":1582,"filter":"raw","image":""},{"term_id":11000,"name":"Sturmtief","slug":"sturmtief","term_group":0,"term_taxonomy_id":11001,"taxonomy":"post_tag","description":"","parent":0,"count":1,"filter":"raw","image":""},{"term_id":10998,"name":"Zugverkehr","slug":"zugverkehr","term_group":0,"term_taxonomy_id":10999,"taxonomy":"post_tag","description":"","parent":0,"count":1,"filter":"raw","image":""}]},"_links":{"self":[{"href":"https:\/\/die-webzeitung.de\/ludwigsburg\/wp-json\/wp\/v2\/posts\/154969","targetHints":{"allow":["GET"]}}],"collection":[{"href":"https:\/\/die-webzeitung.de\/ludwigsburg\/wp-json\/wp\/v2\/posts"}],"about":[{"href":"https:\/\/die-webzeitung.de\/ludwigsburg\/wp-json\/wp\/v2\/types\/post"}],"author":[{"embeddable":true,"href":"https:\/\/die-webzeitung.de\/ludwigsburg\/wp-json\/wp\/v2\/users\/4"}],"replies":[{"embeddable":true,"href":"https:\/\/die-webzeitung.de\/ludwigsburg\/wp-json\/wp\/v2\/comments?post=154969"}],"version-history":[{"count":9,"href":"https:\/\/die-webzeitung.de\/ludwigsburg\/wp-json\/wp\/v2\/posts\/154969\/revisions"}],"predecessor-version":[{"id":155005,"href":"https:\/\/die-webzeitung.de\/ludwigsburg\/wp-json\/wp\/v2\/posts\/154969\/revisions\/155005"}],"wp:attachment":[{"href":"https:\/\/die-webzeitung.de\/ludwigsburg\/wp-json\/wp\/v2\/media?parent=154969"}],"wp:term":[{"taxonomy":"category","embeddable":true,"href":"https:\/\/die-webzeitung.de\/ludwigsburg\/wp-json\/wp\/v2\/categories?post=154969"},{"taxonomy":"post_tag","embeddable":true,"href":"https:\/\/die-webzeitung.de\/ludwigsburg\/wp-json\/wp\/v2\/tags?post=154969"}],"curies":[{"name":"wp","href":"https:\/\/api.w.org\/{rel}","templated":true}]}}