{"id":154817,"date":"2020-01-28T17:40:23","date_gmt":"2020-01-28T16:40:23","guid":{"rendered":"https:\/\/die-webzeitung.de\/ludwigsburg\/?p=154817"},"modified":"2020-01-28T17:40:23","modified_gmt":"2020-01-28T16:40:23","slug":"attila-beretka-kehrt-zum-sv-ludwigsburg-zurueck","status":"publish","type":"post","link":"https:\/\/die-webzeitung.de\/ludwigsburg\/2020\/01\/28\/attila-beretka-kehrt-zum-sv-ludwigsburg-zurueck\/","title":{"rendered":"Attila Beretka kehrt zum SV Ludwigsburg zur\u00fcck"},"content":{"rendered":"<ul>\n<li style=\"text-align: justify;\"><strong>Milosav Aleksic verst\u00e4rkt das Trainerteam des Bundesligisten<\/strong><\/li>\n<li style=\"text-align: justify;\"><strong>Barockst\u00e4dter gehen mit Wechseln im Wasser und au\u00dferhalb des Beckens in die R\u00fcckrunde.<\/strong><\/li>\n<\/ul>\n<p style=\"text-align: justify;\">Ludwigsburg.| Vom Wasserball-Oberligisten SSV Zuffenhausen wechselt der Allrounder Attila Beretka zum Pro-A Bundesligisten SV Ludwigsburg. Der 34-j\u00e4hrige Ungar ist den Ludwigsburgern ein bekanntes Gesicht: Beretkas erster Wasserballverein in Deutschland war nach Erstligastationen in Serbien und Ungarn 2012 der SV Ludwigsburg, der damals in der 2. Bundesliga-S\u00fcd spielte.<\/p>\n<p style=\"text-align: justify;\">Als drittbester Werfer in der Liga (69 Tore) wechselte Beretka nach einer Saison beim SVL in die Pro A-Bundesliga zum SSV Esslingen. Weitere Stationen waren der damalige Bundesligist SV Cannstatt (2014\/15), dann wieder der SV Ludwigsburg in der zweiten Liga S\u00fcd (2015-2017), wo Beretka der Aufstieg in der Pro B-Bundesliga 2017 gelang.<\/p>\n<p style=\"text-align: justify;\">Zuletzt fungierte der Neurochirurg als Spielertrainer beim Oberligisten SSV Zuffenhausen, den er zum Aufstieg in die Oberliga, der dritth\u00f6chsten deutschen Spielklasse 2017 coachte. \u201eMit Attila Beretka haben wir einen sehr erfahrenen Spieler gewonnen, der den jungen Spielern eine Richtung vorgeben soll\u201c, sagt Matthias Nagel, Vorstand beim SV Ludwigsburg.<\/p>\n<p style=\"text-align: justify;\">Mit den ehemaligen SVL-Bundesligaspieler und letztj\u00e4hrigen Interimscoach Milosav Aleksic hat der Verein ein weiteres Comeback zu vermelden: der ehemalige Deutsche Meister von 2006 wird nach einer kurzen Auszeit als Co-Trainer zur\u00fcckkehren. Verlassen hat den Verein zum Jahresende der Sportliche Leiter Robert Bleich aus beruflichen Gr\u00fcnden.<\/p>\n<hr \/>\n<p style=\"text-align: justify;\">\n","protected":false},"excerpt":{"rendered":"<p>Milosav Aleksic verst\u00e4rkt das Trainerteam des Bundesligisten Barockst\u00e4dter gehen mit Wechseln im Wasser und au\u00dferhalb des Beckens in die R\u00fcckrunde. Ludwigsburg.| Vom Wasserball-Oberligisten SSV Zuffenhausen wechselt der Allrounder Attila Beretka zum Pro-A Bundesligisten SV Ludwigsburg. Der 34-j\u00e4hrige Ungar ist den Ludwigsburgern ein bekanntes Gesicht: Beretkas erster Wasserballverein in Deutschland war nach Erstligastationen in Serbien und [&hellip;]<\/p>\n","protected":false},"author":4,"featured_media":0,"comment_status":"closed","ping_status":"open","sticky":false,"template":"","format":"standard","meta":{"inline_featured_image":false,"_exactmetrics_skip_tracking":false,"_exactmetrics_sitenote_active":false,"_exactmetrics_sitenote_note":"","_exactmetrics_sitenote_category":0,"tdm_status":"","tdm_grid_status":"","footnotes":""},"categories":[110],"tags":[131,8875,6,68,10981,9,4111,2645,2636,1224],"class_list":{"0":"post-154817","1":"post","2":"type-post","3":"status-publish","4":"format-standard","6":"category-sport","7":"tag-bundesliga","8":"tag-die-webzeitung","9":"tag-ludwigsburg","10":"tag-online-zeitung","11":"tag-proa","12":"tag-schaumedia","13":"tag-schwimmen","14":"tag-schwimmverein","15":"tag-svl","16":"tag-wasserball"},"image_feature":null,"author_name":"Redaktion","pure_taxonomies":{"categories":[{"term_id":110,"name":"Sport","slug":"sport","term_group":0,"term_taxonomy_id":112,"taxonomy":"category","description":"Sportberichte","parent":0,"count":1114,"filter":"raw","image":""}],"tags":[{"term_id":131,"name":"Bundesliga","slug":"bundesliga","term_group":0,"term_taxonomy_id":133,"taxonomy":"post_tag","description":"","parent":0,"count":714,"filter":"raw","image":""},{"term_id":8875,"name":"Die-Webzeitung","slug":"die-webzeitung","term_group":0,"term_taxonomy_id":8876,"taxonomy":"post_tag","description":"","parent":0,"count":4249,"filter":"raw","image":""},{"term_id":6,"name":"Ludwigsburg","slug":"ludwigsburg","term_group":0,"term_taxonomy_id":6,"taxonomy":"post_tag","description":"","parent":0,"count":1349,"filter":"raw","image":""},{"term_id":68,"name":"Online-Zeitung","slug":"online-zeitung","term_group":0,"term_taxonomy_id":69,"taxonomy":"post_tag","description":"","parent":0,"count":4198,"filter":"raw","image":""},{"term_id":10981,"name":"ProA","slug":"proa","term_group":0,"term_taxonomy_id":10982,"taxonomy":"post_tag","description":"","parent":0,"count":1,"filter":"raw","image":""},{"term_id":9,"name":"SchauMedia","slug":"schaumedia","term_group":0,"term_taxonomy_id":9,"taxonomy":"post_tag","description":"","parent":0,"count":1582,"filter":"raw","image":""},{"term_id":4111,"name":"schwimmen","slug":"schwimmen","term_group":0,"term_taxonomy_id":4124,"taxonomy":"post_tag","description":"","parent":0,"count":175,"filter":"raw","image":""},{"term_id":2645,"name":"Schwimmverein","slug":"schwimmverein","term_group":0,"term_taxonomy_id":2658,"taxonomy":"post_tag","description":"","parent":0,"count":175,"filter":"raw","image":""},{"term_id":2636,"name":"SVL","slug":"svl","term_group":0,"term_taxonomy_id":2649,"taxonomy":"post_tag","description":"","parent":0,"count":166,"filter":"raw","image":""},{"term_id":1224,"name":"Wasserball","slug":"wasserball","term_group":0,"term_taxonomy_id":1233,"taxonomy":"post_tag","description":"","parent":0,"count":150,"filter":"raw","image":""}]},"_links":{"self":[{"href":"https:\/\/die-webzeitung.de\/ludwigsburg\/wp-json\/wp\/v2\/posts\/154817","targetHints":{"allow":["GET"]}}],"collection":[{"href":"https:\/\/die-webzeitung.de\/ludwigsburg\/wp-json\/wp\/v2\/posts"}],"about":[{"href":"https:\/\/die-webzeitung.de\/ludwigsburg\/wp-json\/wp\/v2\/types\/post"}],"author":[{"embeddable":true,"href":"https:\/\/die-webzeitung.de\/ludwigsburg\/wp-json\/wp\/v2\/users\/4"}],"replies":[{"embeddable":true,"href":"https:\/\/die-webzeitung.de\/ludwigsburg\/wp-json\/wp\/v2\/comments?post=154817"}],"version-history":[{"count":1,"href":"https:\/\/die-webzeitung.de\/ludwigsburg\/wp-json\/wp\/v2\/posts\/154817\/revisions"}],"predecessor-version":[{"id":154818,"href":"https:\/\/die-webzeitung.de\/ludwigsburg\/wp-json\/wp\/v2\/posts\/154817\/revisions\/154818"}],"wp:attachment":[{"href":"https:\/\/die-webzeitung.de\/ludwigsburg\/wp-json\/wp\/v2\/media?parent=154817"}],"wp:term":[{"taxonomy":"category","embeddable":true,"href":"https:\/\/die-webzeitung.de\/ludwigsburg\/wp-json\/wp\/v2\/categories?post=154817"},{"taxonomy":"post_tag","embeddable":true,"href":"https:\/\/die-webzeitung.de\/ludwigsburg\/wp-json\/wp\/v2\/tags?post=154817"}],"curies":[{"name":"wp","href":"https:\/\/api.w.org\/{rel}","templated":true}]}}